{"id":6232,"date":"2026-04-17T12:57:52","date_gmt":"2026-04-17T15:57:52","guid":{"rendered":"https:\/\/portal.pi.gov.br\/seres\/?p=6232"},"modified":"2026-04-17T12:58:13","modified_gmt":"2026-04-17T15:58:13","slug":"inscricoes-para-composicao-do-confoco-pi-sao-prorrogadas-ate-26-de-abril","status":"publish","type":"post","link":"https:\/\/portal.pi.gov.br\/seres\/2026\/04\/17\/inscricoes-para-composicao-do-confoco-pi-sao-prorrogadas-ate-26-de-abril\/","title":{"rendered":"Inscri\u00e7\u00f5es para composi\u00e7\u00e3o do CONFOCO-PI s\u00e3o prorrogadas at\u00e9 26 de abril"},"content":{"rendered":"\n<p>As inscri\u00e7\u00f5es para o Edital de Sele\u00e7\u00e3o n\u00ba 01\/2026, da Secretaria de Estado das Rela\u00e7\u00f5es Sociais (SERES), foram prorrogadas e agora seguem abertas at\u00e9 o dia 26 de abril de 2026. O processo visa selecionar organiza\u00e7\u00f5es da sociedade civil, redes e movimentos sociais para a primeira composi\u00e7\u00e3o do Conselho Estadual de Fomento e Colabora\u00e7\u00e3o (CONFOCO-PI).<\/p>\n\n\n\n<p>O CONFOCO-PI \u00e9 um \u00f3rg\u00e3o colegiado parit\u00e1rio, de natureza consultiva, criado com a finalidade de fortalecer as rela\u00e7\u00f5es de parceria entre a administra\u00e7\u00e3o p\u00fablica estadual e as organiza\u00e7\u00f5es da sociedade civil. Vinculado \u00e0 SERES, o conselho tamb\u00e9m atua na promo\u00e7\u00e3o de boas pr\u00e1ticas e no apoio \u00e0 formula\u00e7\u00e3o de pol\u00edticas p\u00fablicas voltadas ao setor.<\/p>\n\n\n\n<p>A prorroga\u00e7\u00e3o amplia o prazo inicialmente previsto e busca garantir maior participa\u00e7\u00e3o das entidades interessadas, fortalecendo a representatividade e o di\u00e1logo social no estado.<\/p>\n\n\n\n<h3 class=\"wp-block-heading\">Como se inscrever<\/h3>\n\n\n\n<p>As inscri\u00e7\u00f5es devem ser realizadas por meio da plataforma SIGRP, dispon\u00edvel no endere\u00e7o eletr\u00f4nico&nbsp;<a href=\"https:\/\/sigrp.pi.gov.br\/login\">https:\/\/sigrp.pi.gov.br\/login<\/a>.<\/p>\n\n\n\n<p>Ap\u00f3s o login, o interessado deve acessar a aba \u201cEditais de Chamamento P\u00fablico\u201d, localizar o \u201cEdital de Sele\u00e7\u00e3o n\u00ba 01\/2026 \u2013 SERES \u2013 CONFOCO-PI\u201d e clicar em \u201cEnvio de proposta\u201d. Em seguida, \u00e9 preciso preencher os requisitos e anexar a documenta\u00e7\u00e3o exigida no edital.<\/p>\n\n\n\n<p>Para participar, \u00e9 necess\u00e1rio que a organiza\u00e7\u00e3o esteja cadastrada no sistema. Caso ainda n\u00e3o possua cadastro, a entidade deve acessar a op\u00e7\u00e3o \u201cCadastrar nova OSC\u201d, preencher os dados solicitados e finalizar o registro.<\/p>\n\n\n\n<h3 class=\"wp-block-heading\">Fortalecimento das parcerias<\/h3>\n\n\n\n<p>A iniciativa integra as a\u00e7\u00f5es do Governo do Estado voltadas \u00e0 implementa\u00e7\u00e3o do regime jur\u00eddico das parcerias, conforme previsto na Lei Federal n\u00ba 13.019\/2014. A cria\u00e7\u00e3o do CONFOCO-PI representa um avan\u00e7o na institucionaliza\u00e7\u00e3o do di\u00e1logo entre o poder p\u00fablico e a sociedade civil organizada.<\/p>\n\n\n\n<p><a href=\"https:\/\/drive.google.com\/file\/d\/1v5G0yUb5A4LZiCUAkJEaeQLjKTXAwloz\/view?usp=sharing\" data-type=\"URL\" data-id=\"https:\/\/drive.google.com\/file\/d\/1v5G0yUb5A4LZiCUAkJEaeQLjKTXAwloz\/view?usp=sharing\">Edital Retificado<\/a> <\/p>\n","protected":false},"excerpt":{"rendered":"<p>As inscri\u00e7\u00f5es para o Edital de Sele\u00e7\u00e3o n\u00ba 01\/2026, da Secretaria de Estado das Rela\u00e7\u00f5es Sociais (SERES), foram prorrogadas e agora seguem abertas at\u00e9 o dia 26 de abril de [&hellip;]<\/p>\n","protected":false},"author":1748,"featured_media":6233,"comment_status":"closed","ping_status":"closed","sticky":false,"template":"","format":"standard","meta":[],"categories":[35,34],"tags":[],"featured_image_urls":{"full":["https:\/\/portal.pi.gov.br\/seres\/wp-content\/uploads\/sites\/87\/2026\/04\/organizacoes-da-sociedade-civil-redes-e-movimentos-sociais-FORAM-prorrogadas-AS-inscricoes-PARa-composicao-no-CONFOCO-PI-.png",4688,3375,false],"thumbnail":["https:\/\/portal.pi.gov.br\/seres\/wp-content\/uploads\/sites\/87\/2026\/04\/organizacoes-da-sociedade-civil-redes-e-movimentos-sociais-FORAM-prorrogadas-AS-inscricoes-PARa-composicao-no-CONFOCO-PI--150x150.png",150,150,true],"medium":["https:\/\/portal.pi.gov.br\/seres\/wp-content\/uploads\/sites\/87\/2026\/04\/organizacoes-da-sociedade-civil-redes-e-movimentos-sociais-FORAM-prorrogadas-AS-inscricoes-PARa-composicao-no-CONFOCO-PI--300x216.png",300,216,true],"medium_large":["https:\/\/portal.pi.gov.br\/seres\/wp-content\/uploads\/sites\/87\/2026\/04\/organizacoes-da-sociedade-civil-redes-e-movimentos-sociais-FORAM-prorrogadas-AS-inscricoes-PARa-composicao-no-CONFOCO-PI--768x553.png",768,553,true],"large":["https:\/\/portal.pi.gov.br\/seres\/wp-content\/uploads\/sites\/87\/2026\/04\/organizacoes-da-sociedade-civil-redes-e-movimentos-sociais-FORAM-prorrogadas-AS-inscricoes-PARa-composicao-no-CONFOCO-PI--1024x737.png",887,638,true],"sgg-420":["https:\/\/portal.pi.gov.br\/seres\/wp-content\/uploads\/sites\/87\/2026\/04\/organizacoes-da-sociedade-civil-redes-e-movimentos-sociais-FORAM-prorrogadas-AS-inscricoes-PARa-composicao-no-CONFOCO-PI--420x302.png",420,302,true],"sgg-540":["https:\/\/portal.pi.gov.br\/seres\/wp-content\/uploads\/sites\/87\/2026\/04\/organizacoes-da-sociedade-civil-redes-e-movimentos-sociais-FORAM-prorrogadas-AS-inscricoes-PARa-composicao-no-CONFOCO-PI--540x389.png",540,389,true],"sgg-780":["https:\/\/portal.pi.gov.br\/seres\/wp-content\/uploads\/sites\/87\/2026\/04\/organizacoes-da-sociedade-civil-redes-e-movimentos-sociais-FORAM-prorrogadas-AS-inscricoes-PARa-composicao-no-CONFOCO-PI--780x562.png",780,562,true],"1536x1536":["https:\/\/portal.pi.gov.br\/seres\/wp-content\/uploads\/sites\/87\/2026\/04\/organizacoes-da-sociedade-civil-redes-e-movimentos-sociais-FORAM-prorrogadas-AS-inscricoes-PARa-composicao-no-CONFOCO-PI--1536x1106.png",1536,1106,true],"2048x2048":["https:\/\/portal.pi.gov.br\/seres\/wp-content\/uploads\/sites\/87\/2026\/04\/organizacoes-da-sociedade-civil-redes-e-movimentos-sociais-FORAM-prorrogadas-AS-inscricoes-PARa-composicao-no-CONFOCO-PI--2048x1474.png",2048,1474,true],"homepage-slider":["https:\/\/portal.pi.gov.br\/seres\/wp-content\/uploads\/sites\/87\/2026\/04\/organizacoes-da-sociedade-civil-redes-e-movimentos-sociais-FORAM-prorrogadas-AS-inscricoes-PARa-composicao-no-CONFOCO-PI--1270x500.png",1270,500,true],"homepage-slider-small":["https:\/\/portal.pi.gov.br\/seres\/wp-content\/uploads\/sites\/87\/2026\/04\/organizacoes-da-sociedade-civil-redes-e-movimentos-sociais-FORAM-prorrogadas-AS-inscricoes-PARa-composicao-no-CONFOCO-PI--947x500.png",947,500,true],"page-top":["https:\/\/portal.pi.gov.br\/seres\/wp-content\/uploads\/sites\/87\/2026\/04\/organizacoes-da-sociedade-civil-redes-e-movimentos-sociais-FORAM-prorrogadas-AS-inscricoes-PARa-composicao-no-CONFOCO-PI--947x682.png",947,682,true],"page-small":["https:\/\/portal.pi.gov.br\/seres\/wp-content\/uploads\/sites\/87\/2026\/04\/organizacoes-da-sociedade-civil-redes-e-movimentos-sociais-FORAM-prorrogadas-AS-inscricoes-PARa-composicao-no-CONFOCO-PI--624x449.png",624,449,true],"loop-main":["https:\/\/portal.pi.gov.br\/seres\/wp-content\/uploads\/sites\/87\/2026\/04\/organizacoes-da-sociedade-civil-redes-e-movimentos-sociais-FORAM-prorrogadas-AS-inscricoes-PARa-composicao-no-CONFOCO-PI--365x240.png",365,240,true],"thumb-gallery-widget":["https:\/\/portal.pi.gov.br\/seres\/wp-content\/uploads\/sites\/87\/2026\/04\/organizacoes-da-sociedade-civil-redes-e-movimentos-sociais-FORAM-prorrogadas-AS-inscricoes-PARa-composicao-no-CONFOCO-PI--84x56.png",84,56,true]},"post_excerpt_stackable":"<p>As inscri\u00e7\u00f5es para o Edital de Sele\u00e7\u00e3o n\u00ba 01\/2026, da Secretaria de Estado das Rela\u00e7\u00f5es Sociais (SERES), foram prorrogadas e agora seguem abertas at\u00e9 o dia 26 de abril de 2026. O processo visa selecionar organiza\u00e7\u00f5es da sociedade civil, redes e movimentos sociais para a primeira composi\u00e7\u00e3o do Conselho Estadual de Fomento e Colabora\u00e7\u00e3o (CONFOCO-PI). O CONFOCO-PI \u00e9 um \u00f3rg\u00e3o colegiado parit\u00e1rio, de natureza consultiva, criado com a finalidade de fortalecer as rela\u00e7\u00f5es de parceria entre a administra\u00e7\u00e3o p\u00fablica estadual e as organiza\u00e7\u00f5es da sociedade civil. Vinculado \u00e0 SERES, o conselho tamb\u00e9m atua na promo\u00e7\u00e3o de boas pr\u00e1ticas e no&hellip;<\/p>\n","category_list":"<a href=\"https:\/\/portal.pi.gov.br\/seres\/category\/galeria-de-fotos\/\" rel=\"category tag\">Galeria de Fotos<\/a>, <a href=\"https:\/\/portal.pi.gov.br\/seres\/category\/noticias\/\" rel=\"category tag\">Not\u00edcias<\/a>","author_info":{"name":"natalina","url":"https:\/\/portal.pi.gov.br\/seres\/author\/natalina\/"},"comments_num":"0 coment\u00e1rio","featured_image_urls_v2":{"full":["https:\/\/portal.pi.gov.br\/seres\/wp-content\/uploads\/sites\/87\/2026\/04\/organizacoes-da-sociedade-civil-redes-e-movimentos-sociais-FORAM-prorrogadas-AS-inscricoes-PARa-composicao-no-CONFOCO-PI-.png",4688,3375,false],"thumbnail":["https:\/\/portal.pi.gov.br\/seres\/wp-content\/uploads\/sites\/87\/2026\/04\/organizacoes-da-sociedade-civil-redes-e-movimentos-sociais-FORAM-prorrogadas-AS-inscricoes-PARa-composicao-no-CONFOCO-PI--150x150.png",150,150,true],"medium":["https:\/\/portal.pi.gov.br\/seres\/wp-content\/uploads\/sites\/87\/2026\/04\/organizacoes-da-sociedade-civil-redes-e-movimentos-sociais-FORAM-prorrogadas-AS-inscricoes-PARa-composicao-no-CONFOCO-PI--300x216.png",300,216,true],"medium_large":["https:\/\/portal.pi.gov.br\/seres\/wp-content\/uploads\/sites\/87\/2026\/04\/organizacoes-da-sociedade-civil-redes-e-movimentos-sociais-FORAM-prorrogadas-AS-inscricoes-PARa-composicao-no-CONFOCO-PI--768x553.png",768,553,true],"large":["https:\/\/portal.pi.gov.br\/seres\/wp-content\/uploads\/sites\/87\/2026\/04\/organizacoes-da-sociedade-civil-redes-e-movimentos-sociais-FORAM-prorrogadas-AS-inscricoes-PARa-composicao-no-CONFOCO-PI--1024x737.png",887,638,true],"sgg-420":["https:\/\/portal.pi.gov.br\/seres\/wp-content\/uploads\/sites\/87\/2026\/04\/organizacoes-da-sociedade-civil-redes-e-movimentos-sociais-FORAM-prorrogadas-AS-inscricoes-PARa-composicao-no-CONFOCO-PI--420x302.png",420,302,true],"sgg-540":["https:\/\/portal.pi.gov.br\/seres\/wp-content\/uploads\/sites\/87\/2026\/04\/organizacoes-da-sociedade-civil-redes-e-movimentos-sociais-FORAM-prorrogadas-AS-inscricoes-PARa-composicao-no-CONFOCO-PI--540x389.png",540,389,true],"sgg-780":["https:\/\/portal.pi.gov.br\/seres\/wp-content\/uploads\/sites\/87\/2026\/04\/organizacoes-da-sociedade-civil-redes-e-movimentos-sociais-FORAM-prorrogadas-AS-inscricoes-PARa-composicao-no-CONFOCO-PI--780x562.png",780,562,true],"1536x1536":["https:\/\/portal.pi.gov.br\/seres\/wp-content\/uploads\/sites\/87\/2026\/04\/organizacoes-da-sociedade-civil-redes-e-movimentos-sociais-FORAM-prorrogadas-AS-inscricoes-PARa-composicao-no-CONFOCO-PI--1536x1106.png",1536,1106,true],"2048x2048":["https:\/\/portal.pi.gov.br\/seres\/wp-content\/uploads\/sites\/87\/2026\/04\/organizacoes-da-sociedade-civil-redes-e-movimentos-sociais-FORAM-prorrogadas-AS-inscricoes-PARa-composicao-no-CONFOCO-PI--2048x1474.png",2048,1474,true],"homepage-slider":["https:\/\/portal.pi.gov.br\/seres\/wp-content\/uploads\/sites\/87\/2026\/04\/organizacoes-da-sociedade-civil-redes-e-movimentos-sociais-FORAM-prorrogadas-AS-inscricoes-PARa-composicao-no-CONFOCO-PI--1270x500.png",1270,500,true],"homepage-slider-small":["https:\/\/portal.pi.gov.br\/seres\/wp-content\/uploads\/sites\/87\/2026\/04\/organizacoes-da-sociedade-civil-redes-e-movimentos-sociais-FORAM-prorrogadas-AS-inscricoes-PARa-composicao-no-CONFOCO-PI--947x500.png",947,500,true],"page-top":["https:\/\/portal.pi.gov.br\/seres\/wp-content\/uploads\/sites\/87\/2026\/04\/organizacoes-da-sociedade-civil-redes-e-movimentos-sociais-FORAM-prorrogadas-AS-inscricoes-PARa-composicao-no-CONFOCO-PI--947x682.png",947,682,true],"page-small":["https:\/\/portal.pi.gov.br\/seres\/wp-content\/uploads\/sites\/87\/2026\/04\/organizacoes-da-sociedade-civil-redes-e-movimentos-sociais-FORAM-prorrogadas-AS-inscricoes-PARa-composicao-no-CONFOCO-PI--624x449.png",624,449,true],"loop-main":["https:\/\/portal.pi.gov.br\/seres\/wp-content\/uploads\/sites\/87\/2026\/04\/organizacoes-da-sociedade-civil-redes-e-movimentos-sociais-FORAM-prorrogadas-AS-inscricoes-PARa-composicao-no-CONFOCO-PI--365x240.png",365,240,true],"thumb-gallery-widget":["https:\/\/portal.pi.gov.br\/seres\/wp-content\/uploads\/sites\/87\/2026\/04\/organizacoes-da-sociedade-civil-redes-e-movimentos-sociais-FORAM-prorrogadas-AS-inscricoes-PARa-composicao-no-CONFOCO-PI--84x56.png",84,56,true]},"post_excerpt_stackable_v2":"<p>As inscri\u00e7\u00f5es para o Edital de Sele\u00e7\u00e3o n\u00ba 01\/2026, da Secretaria de Estado das Rela\u00e7\u00f5es Sociais (SERES), foram prorrogadas e agora seguem abertas at\u00e9 o dia 26 de abril de 2026. O processo visa selecionar organiza\u00e7\u00f5es da sociedade civil, redes e movimentos sociais para a primeira composi\u00e7\u00e3o do Conselho Estadual de Fomento e Colabora\u00e7\u00e3o (CONFOCO-PI). O CONFOCO-PI \u00e9 um \u00f3rg\u00e3o colegiado parit\u00e1rio, de natureza consultiva, criado com a finalidade de fortalecer as rela\u00e7\u00f5es de parceria entre a administra\u00e7\u00e3o p\u00fablica estadual e as organiza\u00e7\u00f5es da sociedade civil. Vinculado \u00e0 SERES, o conselho tamb\u00e9m atua na promo\u00e7\u00e3o de boas pr\u00e1ticas e no&hellip;<\/p>\n","category_list_v2":"<a href=\"https:\/\/portal.pi.gov.br\/seres\/category\/galeria-de-fotos\/\" rel=\"category tag\">Galeria de Fotos<\/a>, <a href=\"https:\/\/portal.pi.gov.br\/seres\/category\/noticias\/\" rel=\"category tag\">Not\u00edcias<\/a>","author_info_v2":{"name":"natalina","url":"https:\/\/portal.pi.gov.br\/seres\/author\/natalina\/"},"comments_num_v2":"0 coment\u00e1rio","jetpack_featured_media_url":"https:\/\/portal.pi.gov.br\/seres\/wp-content\/uploads\/sites\/87\/2026\/04\/organizacoes-da-sociedade-civil-redes-e-movimentos-sociais-FORAM-prorrogadas-AS-inscricoes-PARa-composicao-no-CONFOCO-PI-.png","_links":{"self":[{"href":"https:\/\/portal.pi.gov.br\/seres\/wp-json\/wp\/v2\/posts\/6232"}],"collection":[{"href":"https:\/\/portal.pi.gov.br\/seres\/wp-json\/wp\/v2\/posts"}],"about":[{"href":"https:\/\/portal.pi.gov.br\/seres\/wp-json\/wp\/v2\/types\/post"}],"author":[{"embeddable":true,"href":"https:\/\/portal.pi.gov.br\/seres\/wp-json\/wp\/v2\/users\/1748"}],"replies":[{"embeddable":true,"href":"https:\/\/portal.pi.gov.br\/seres\/wp-json\/wp\/v2\/comments?post=6232"}],"version-history":[{"count":1,"href":"https:\/\/portal.pi.gov.br\/seres\/wp-json\/wp\/v2\/posts\/6232\/revisions"}],"predecessor-version":[{"id":6234,"href":"https:\/\/portal.pi.gov.br\/seres\/wp-json\/wp\/v2\/posts\/6232\/revisions\/6234"}],"wp:featuredmedia":[{"embeddable":true,"href":"https:\/\/portal.pi.gov.br\/seres\/wp-json\/wp\/v2\/media\/6233"}],"wp:attachment":[{"href":"https:\/\/portal.pi.gov.br\/seres\/wp-json\/wp\/v2\/media?parent=6232"}],"wp:term":[{"taxonomy":"category","embeddable":true,"href":"https:\/\/portal.pi.gov.br\/seres\/wp-json\/wp\/v2\/categories?post=6232"},{"taxonomy":"post_tag","embeddable":true,"href":"https:\/\/portal.pi.gov.br\/seres\/wp-json\/wp\/v2\/tags?post=6232"}],"curies":[{"name":"wp","href":"https:\/\/api.w.org\/{rel}","templated":true}]}}