{"id":6286,"date":"2026-04-23T14:48:17","date_gmt":"2026-04-23T17:48:17","guid":{"rendered":"https:\/\/portal.pi.gov.br\/seres\/?p=6286"},"modified":"2026-04-23T14:48:18","modified_gmt":"2026-04-23T17:48:18","slug":"secretaria-nubia-lopes-dialoga-com-liderancas-de-comunidades-e-territorios-tradicionais-sobre-mediacao-de-conflitos-no-piaui","status":"publish","type":"post","link":"https:\/\/portal.pi.gov.br\/seres\/2026\/04\/23\/secretaria-nubia-lopes-dialoga-com-liderancas-de-comunidades-e-territorios-tradicionais-sobre-mediacao-de-conflitos-no-piaui\/","title":{"rendered":"Secret\u00e1ria N\u00fabia Lopes dialoga com lideran\u00e7as de comunidades e territ\u00f3rios tradicionais sobre media\u00e7\u00e3o de conflitos no Piau\u00ed"},"content":{"rendered":"\n<figure class=\"wp-block-image size-large\"><img decoding=\"async\" loading=\"lazy\" width=\"1024\" height=\"683\" src=\"https:\/\/portal.pi.gov.br\/seres\/wp-content\/uploads\/sites\/87\/2026\/04\/828aec32-4765-4050-97b2-e035a1d9d048-1024x683.jpg\" alt=\"\" class=\"wp-image-6279\" srcset=\"https:\/\/portal.pi.gov.br\/seres\/wp-content\/uploads\/sites\/87\/2026\/04\/828aec32-4765-4050-97b2-e035a1d9d048-1024x683.jpg 1024w, https:\/\/portal.pi.gov.br\/seres\/wp-content\/uploads\/sites\/87\/2026\/04\/828aec32-4765-4050-97b2-e035a1d9d048-300x200.jpg 300w, https:\/\/portal.pi.gov.br\/seres\/wp-content\/uploads\/sites\/87\/2026\/04\/828aec32-4765-4050-97b2-e035a1d9d048-768x512.jpg 768w, https:\/\/portal.pi.gov.br\/seres\/wp-content\/uploads\/sites\/87\/2026\/04\/828aec32-4765-4050-97b2-e035a1d9d048-420x280.jpg 420w, https:\/\/portal.pi.gov.br\/seres\/wp-content\/uploads\/sites\/87\/2026\/04\/828aec32-4765-4050-97b2-e035a1d9d048-540x360.jpg 540w, https:\/\/portal.pi.gov.br\/seres\/wp-content\/uploads\/sites\/87\/2026\/04\/828aec32-4765-4050-97b2-e035a1d9d048-780x520.jpg 780w, https:\/\/portal.pi.gov.br\/seres\/wp-content\/uploads\/sites\/87\/2026\/04\/828aec32-4765-4050-97b2-e035a1d9d048-947x632.jpg 947w, https:\/\/portal.pi.gov.br\/seres\/wp-content\/uploads\/sites\/87\/2026\/04\/828aec32-4765-4050-97b2-e035a1d9d048-624x416.jpg 624w, https:\/\/portal.pi.gov.br\/seres\/wp-content\/uploads\/sites\/87\/2026\/04\/828aec32-4765-4050-97b2-e035a1d9d048-84x56.jpg 84w, https:\/\/portal.pi.gov.br\/seres\/wp-content\/uploads\/sites\/87\/2026\/04\/828aec32-4765-4050-97b2-e035a1d9d048.jpg 1280w\" sizes=\"(max-width: 1024px) 100vw, 1024px\" \/><\/figure>\n\n\n\n<p><\/p>\n\n\n\n<p>A secret\u00e1ria N\u00fabia Lopes realizou, nesta quinta-feira (23), um importante di\u00e1logo com lideran\u00e7as de comunidades e territ\u00f3rios tradicionais do Piau\u00ed, refor\u00e7ando o compromisso com a escuta social e a constru\u00e7\u00e3o coletiva de solu\u00e7\u00f5es para demandas relacionadas \u00e0 posse e ao uso da terra.<\/p>\n\n\n\n<p>O encontro teve como foco o Decreto n\u00ba 24.406, de 18 de mar\u00e7o de 2024, que institui a Comiss\u00e3o de Media\u00e7\u00e3o de Conflitos Territoriais (CMCT) no Estado do Piau\u00ed. A iniciativa tem como objetivo promover o di\u00e1logo institucional e a resolu\u00e7\u00e3o pac\u00edfica de disputas territoriais, evitando a judicializa\u00e7\u00e3o excessiva e fortalecendo mecanismos de negocia\u00e7\u00e3o entre as partes envolvidas.<\/p>\n\n\n\n<p>Durante a reuni\u00e3o, foi destacado o papel estrat\u00e9gico da CMCT como espa\u00e7o de articula\u00e7\u00e3o entre governo, comunidades tradicionais e demais institui\u00e7\u00f5es, priorizando a escuta qualificada e o respeito aos direitos territoriais historicamente constitu\u00eddos.<\/p>\n\n\n\n<p>A cria\u00e7\u00e3o da Comiss\u00e3o representa um avan\u00e7o importante na pol\u00edtica estadual de preven\u00e7\u00e3o e media\u00e7\u00e3o de conflitos, contribuindo para a redu\u00e7\u00e3o de tens\u00f5es sociais e para a constru\u00e7\u00e3o de alternativas mais justas e equilibradas.<\/p>\n\n\n\n<p>A iniciativa tamb\u00e9m refor\u00e7a o compromisso do Governo do Estado com a promo\u00e7\u00e3o da justi\u00e7a social, a prote\u00e7\u00e3o dos territ\u00f3rios tradicionais e o fortalecimento de pol\u00edticas p\u00fablicas mais inclusivas, pautadas no di\u00e1logo, na humaniza\u00e7\u00e3o das rela\u00e7\u00f5es institucionais e no respeito \u00e0s diversidades culturais e sociais do Piau\u00ed.<\/p>\n\n\n\n<p><\/p>\n\n\n\n<figure class=\"wp-block-gallery has-nested-images columns-default is-cropped wp-block-gallery-1 is-layout-flex\">\n<figure class=\"wp-block-image size-large\"><img decoding=\"async\" loading=\"lazy\" width=\"1024\" height=\"768\" data-id=\"6275\"  src=\"https:\/\/portal.pi.gov.br\/seres\/wp-content\/uploads\/sites\/87\/2026\/04\/9e9cda92-391c-4841-9392-74f908c548e2-1024x768.jpg\" alt=\"\" class=\"wp-image-6275\" srcset=\"https:\/\/portal.pi.gov.br\/seres\/wp-content\/uploads\/sites\/87\/2026\/04\/9e9cda92-391c-4841-9392-74f908c548e2-1024x768.jpg 1024w, https:\/\/portal.pi.gov.br\/seres\/wp-content\/uploads\/sites\/87\/2026\/04\/9e9cda92-391c-4841-9392-74f908c548e2-300x225.jpg 300w, https:\/\/portal.pi.gov.br\/seres\/wp-content\/uploads\/sites\/87\/2026\/04\/9e9cda92-391c-4841-9392-74f908c548e2-768x576.jpg 768w, https:\/\/portal.pi.gov.br\/seres\/wp-content\/uploads\/sites\/87\/2026\/04\/9e9cda92-391c-4841-9392-74f908c548e2-420x315.jpg 420w, https:\/\/portal.pi.gov.br\/seres\/wp-content\/uploads\/sites\/87\/2026\/04\/9e9cda92-391c-4841-9392-74f908c548e2-540x405.jpg 540w, https:\/\/portal.pi.gov.br\/seres\/wp-content\/uploads\/sites\/87\/2026\/04\/9e9cda92-391c-4841-9392-74f908c548e2-780x585.jpg 780w, https:\/\/portal.pi.gov.br\/seres\/wp-content\/uploads\/sites\/87\/2026\/04\/9e9cda92-391c-4841-9392-74f908c548e2-947x710.jpg 947w, https:\/\/portal.pi.gov.br\/seres\/wp-content\/uploads\/sites\/87\/2026\/04\/9e9cda92-391c-4841-9392-74f908c548e2-624x468.jpg 624w, https:\/\/portal.pi.gov.br\/seres\/wp-content\/uploads\/sites\/87\/2026\/04\/9e9cda92-391c-4841-9392-74f908c548e2.jpg 1280w\" sizes=\"(max-width: 1024px) 100vw, 1024px\" \/><\/figure>\n\n\n\n<figure class=\"wp-block-image size-large\"><img decoding=\"async\" loading=\"lazy\" width=\"1024\" height=\"683\" data-id=\"6277\"  src=\"https:\/\/portal.pi.gov.br\/seres\/wp-content\/uploads\/sites\/87\/2026\/04\/38ea9a64-91d3-42f9-85b8-525679a82305-1024x683.jpg\" alt=\"\" class=\"wp-image-6277\" srcset=\"https:\/\/portal.pi.gov.br\/seres\/wp-content\/uploads\/sites\/87\/2026\/04\/38ea9a64-91d3-42f9-85b8-525679a82305-1024x683.jpg 1024w, https:\/\/portal.pi.gov.br\/seres\/wp-content\/uploads\/sites\/87\/2026\/04\/38ea9a64-91d3-42f9-85b8-525679a82305-300x200.jpg 300w, https:\/\/portal.pi.gov.br\/seres\/wp-content\/uploads\/sites\/87\/2026\/04\/38ea9a64-91d3-42f9-85b8-525679a82305-768x512.jpg 768w, https:\/\/portal.pi.gov.br\/seres\/wp-content\/uploads\/sites\/87\/2026\/04\/38ea9a64-91d3-42f9-85b8-525679a82305-420x280.jpg 420w, https:\/\/portal.pi.gov.br\/seres\/wp-content\/uploads\/sites\/87\/2026\/04\/38ea9a64-91d3-42f9-85b8-525679a82305-540x360.jpg 540w, https:\/\/portal.pi.gov.br\/seres\/wp-content\/uploads\/sites\/87\/2026\/04\/38ea9a64-91d3-42f9-85b8-525679a82305-780x520.jpg 780w, https:\/\/portal.pi.gov.br\/seres\/wp-content\/uploads\/sites\/87\/2026\/04\/38ea9a64-91d3-42f9-85b8-525679a82305-947x632.jpg 947w, https:\/\/portal.pi.gov.br\/seres\/wp-content\/uploads\/sites\/87\/2026\/04\/38ea9a64-91d3-42f9-85b8-525679a82305-624x416.jpg 624w, https:\/\/portal.pi.gov.br\/seres\/wp-content\/uploads\/sites\/87\/2026\/04\/38ea9a64-91d3-42f9-85b8-525679a82305-84x56.jpg 84w, https:\/\/portal.pi.gov.br\/seres\/wp-content\/uploads\/sites\/87\/2026\/04\/38ea9a64-91d3-42f9-85b8-525679a82305.jpg 1280w\" sizes=\"(max-width: 1024px) 100vw, 1024px\" \/><\/figure>\n\n\n\n<figure class=\"wp-block-image size-large\"><img decoding=\"async\" loading=\"lazy\" width=\"1024\" height=\"683\" data-id=\"6276\"  src=\"https:\/\/portal.pi.gov.br\/seres\/wp-content\/uploads\/sites\/87\/2026\/04\/9fd04829-554e-4fc2-a34a-0b8e1d2ef641-1024x683.jpg\" alt=\"\" class=\"wp-image-6276\" srcset=\"https:\/\/portal.pi.gov.br\/seres\/wp-content\/uploads\/sites\/87\/2026\/04\/9fd04829-554e-4fc2-a34a-0b8e1d2ef641-1024x683.jpg 1024w, https:\/\/portal.pi.gov.br\/seres\/wp-content\/uploads\/sites\/87\/2026\/04\/9fd04829-554e-4fc2-a34a-0b8e1d2ef641-300x200.jpg 300w, https:\/\/portal.pi.gov.br\/seres\/wp-content\/uploads\/sites\/87\/2026\/04\/9fd04829-554e-4fc2-a34a-0b8e1d2ef641-768x512.jpg 768w, https:\/\/portal.pi.gov.br\/seres\/wp-content\/uploads\/sites\/87\/2026\/04\/9fd04829-554e-4fc2-a34a-0b8e1d2ef641-420x280.jpg 420w, https:\/\/portal.pi.gov.br\/seres\/wp-content\/uploads\/sites\/87\/2026\/04\/9fd04829-554e-4fc2-a34a-0b8e1d2ef641-540x360.jpg 540w, https:\/\/portal.pi.gov.br\/seres\/wp-content\/uploads\/sites\/87\/2026\/04\/9fd04829-554e-4fc2-a34a-0b8e1d2ef641-780x520.jpg 780w, https:\/\/portal.pi.gov.br\/seres\/wp-content\/uploads\/sites\/87\/2026\/04\/9fd04829-554e-4fc2-a34a-0b8e1d2ef641-947x632.jpg 947w, https:\/\/portal.pi.gov.br\/seres\/wp-content\/uploads\/sites\/87\/2026\/04\/9fd04829-554e-4fc2-a34a-0b8e1d2ef641-624x416.jpg 624w, https:\/\/portal.pi.gov.br\/seres\/wp-content\/uploads\/sites\/87\/2026\/04\/9fd04829-554e-4fc2-a34a-0b8e1d2ef641-84x56.jpg 84w, https:\/\/portal.pi.gov.br\/seres\/wp-content\/uploads\/sites\/87\/2026\/04\/9fd04829-554e-4fc2-a34a-0b8e1d2ef641.jpg 1280w\" sizes=\"(max-width: 1024px) 100vw, 1024px\" \/><\/figure>\n\n\n\n<figure class=\"wp-block-image size-large\"><img decoding=\"async\" loading=\"lazy\" width=\"1024\" height=\"683\" data-id=\"6280\"  src=\"https:\/\/portal.pi.gov.br\/seres\/wp-content\/uploads\/sites\/87\/2026\/04\/a724c073-4b7a-4b66-ad8c-9f6198bbd412-1024x683.jpg\" alt=\"\" class=\"wp-image-6280\" srcset=\"https:\/\/portal.pi.gov.br\/seres\/wp-content\/uploads\/sites\/87\/2026\/04\/a724c073-4b7a-4b66-ad8c-9f6198bbd412-1024x683.jpg 1024w, https:\/\/portal.pi.gov.br\/seres\/wp-content\/uploads\/sites\/87\/2026\/04\/a724c073-4b7a-4b66-ad8c-9f6198bbd412-300x200.jpg 300w, https:\/\/portal.pi.gov.br\/seres\/wp-content\/uploads\/sites\/87\/2026\/04\/a724c073-4b7a-4b66-ad8c-9f6198bbd412-768x512.jpg 768w, https:\/\/portal.pi.gov.br\/seres\/wp-content\/uploads\/sites\/87\/2026\/04\/a724c073-4b7a-4b66-ad8c-9f6198bbd412-420x280.jpg 420w, https:\/\/portal.pi.gov.br\/seres\/wp-content\/uploads\/sites\/87\/2026\/04\/a724c073-4b7a-4b66-ad8c-9f6198bbd412-540x360.jpg 540w, https:\/\/portal.pi.gov.br\/seres\/wp-content\/uploads\/sites\/87\/2026\/04\/a724c073-4b7a-4b66-ad8c-9f6198bbd412-780x520.jpg 780w, https:\/\/portal.pi.gov.br\/seres\/wp-content\/uploads\/sites\/87\/2026\/04\/a724c073-4b7a-4b66-ad8c-9f6198bbd412-947x632.jpg 947w, https:\/\/portal.pi.gov.br\/seres\/wp-content\/uploads\/sites\/87\/2026\/04\/a724c073-4b7a-4b66-ad8c-9f6198bbd412-624x416.jpg 624w, https:\/\/portal.pi.gov.br\/seres\/wp-content\/uploads\/sites\/87\/2026\/04\/a724c073-4b7a-4b66-ad8c-9f6198bbd412-84x56.jpg 84w, https:\/\/portal.pi.gov.br\/seres\/wp-content\/uploads\/sites\/87\/2026\/04\/a724c073-4b7a-4b66-ad8c-9f6198bbd412.jpg 1280w\" sizes=\"(max-width: 1024px) 100vw, 1024px\" \/><\/figure>\n\n\n\n<figure class=\"wp-block-image size-large\"><img decoding=\"async\" loading=\"lazy\" width=\"1024\" height=\"683\" data-id=\"6281\"  src=\"https:\/\/portal.pi.gov.br\/seres\/wp-content\/uploads\/sites\/87\/2026\/04\/7244be87-1138-400e-a89d-5f18d9b85211-1024x683.jpg\" alt=\"\" class=\"wp-image-6281\" srcset=\"https:\/\/portal.pi.gov.br\/seres\/wp-content\/uploads\/sites\/87\/2026\/04\/7244be87-1138-400e-a89d-5f18d9b85211-1024x683.jpg 1024w, https:\/\/portal.pi.gov.br\/seres\/wp-content\/uploads\/sites\/87\/2026\/04\/7244be87-1138-400e-a89d-5f18d9b85211-300x200.jpg 300w, https:\/\/portal.pi.gov.br\/seres\/wp-content\/uploads\/sites\/87\/2026\/04\/7244be87-1138-400e-a89d-5f18d9b85211-768x512.jpg 768w, https:\/\/portal.pi.gov.br\/seres\/wp-content\/uploads\/sites\/87\/2026\/04\/7244be87-1138-400e-a89d-5f18d9b85211-420x280.jpg 420w, https:\/\/portal.pi.gov.br\/seres\/wp-content\/uploads\/sites\/87\/2026\/04\/7244be87-1138-400e-a89d-5f18d9b85211-540x360.jpg 540w, https:\/\/portal.pi.gov.br\/seres\/wp-content\/uploads\/sites\/87\/2026\/04\/7244be87-1138-400e-a89d-5f18d9b85211-780x520.jpg 780w, https:\/\/portal.pi.gov.br\/seres\/wp-content\/uploads\/sites\/87\/2026\/04\/7244be87-1138-400e-a89d-5f18d9b85211-947x632.jpg 947w, https:\/\/portal.pi.gov.br\/seres\/wp-content\/uploads\/sites\/87\/2026\/04\/7244be87-1138-400e-a89d-5f18d9b85211-624x416.jpg 624w, https:\/\/portal.pi.gov.br\/seres\/wp-content\/uploads\/sites\/87\/2026\/04\/7244be87-1138-400e-a89d-5f18d9b85211-84x56.jpg 84w, https:\/\/portal.pi.gov.br\/seres\/wp-content\/uploads\/sites\/87\/2026\/04\/7244be87-1138-400e-a89d-5f18d9b85211.jpg 1280w\" sizes=\"(max-width: 1024px) 100vw, 1024px\" \/><\/figure>\n\n\n\n<figure class=\"wp-block-image size-large\"><img decoding=\"async\" loading=\"lazy\" width=\"1024\" height=\"683\" data-id=\"6283\"  src=\"https:\/\/portal.pi.gov.br\/seres\/wp-content\/uploads\/sites\/87\/2026\/04\/afd10d53-494a-4be4-b4ba-08e21f7b020c-1024x683.jpg\" alt=\"\" class=\"wp-image-6283\" srcset=\"https:\/\/portal.pi.gov.br\/seres\/wp-content\/uploads\/sites\/87\/2026\/04\/afd10d53-494a-4be4-b4ba-08e21f7b020c-1024x683.jpg 1024w, https:\/\/portal.pi.gov.br\/seres\/wp-content\/uploads\/sites\/87\/2026\/04\/afd10d53-494a-4be4-b4ba-08e21f7b020c-300x200.jpg 300w, https:\/\/portal.pi.gov.br\/seres\/wp-content\/uploads\/sites\/87\/2026\/04\/afd10d53-494a-4be4-b4ba-08e21f7b020c-768x512.jpg 768w, https:\/\/portal.pi.gov.br\/seres\/wp-content\/uploads\/sites\/87\/2026\/04\/afd10d53-494a-4be4-b4ba-08e21f7b020c-420x280.jpg 420w, https:\/\/portal.pi.gov.br\/seres\/wp-content\/uploads\/sites\/87\/2026\/04\/afd10d53-494a-4be4-b4ba-08e21f7b020c-540x360.jpg 540w, https:\/\/portal.pi.gov.br\/seres\/wp-content\/uploads\/sites\/87\/2026\/04\/afd10d53-494a-4be4-b4ba-08e21f7b020c-780x520.jpg 780w, https:\/\/portal.pi.gov.br\/seres\/wp-content\/uploads\/sites\/87\/2026\/04\/afd10d53-494a-4be4-b4ba-08e21f7b020c-947x632.jpg 947w, https:\/\/portal.pi.gov.br\/seres\/wp-content\/uploads\/sites\/87\/2026\/04\/afd10d53-494a-4be4-b4ba-08e21f7b020c-624x416.jpg 624w, https:\/\/portal.pi.gov.br\/seres\/wp-content\/uploads\/sites\/87\/2026\/04\/afd10d53-494a-4be4-b4ba-08e21f7b020c-84x56.jpg 84w, https:\/\/portal.pi.gov.br\/seres\/wp-content\/uploads\/sites\/87\/2026\/04\/afd10d53-494a-4be4-b4ba-08e21f7b020c.jpg 1280w\" sizes=\"(max-width: 1024px) 100vw, 1024px\" \/><\/figure>\n\n\n\n<figure class=\"wp-block-image size-large\"><img decoding=\"async\" loading=\"lazy\" width=\"1024\" height=\"683\" data-id=\"6284\"  src=\"https:\/\/portal.pi.gov.br\/seres\/wp-content\/uploads\/sites\/87\/2026\/04\/d35a54d0-6016-4053-addf-dcda4aab2637-1024x683.jpg\" alt=\"\" class=\"wp-image-6284\" srcset=\"https:\/\/portal.pi.gov.br\/seres\/wp-content\/uploads\/sites\/87\/2026\/04\/d35a54d0-6016-4053-addf-dcda4aab2637-1024x683.jpg 1024w, https:\/\/portal.pi.gov.br\/seres\/wp-content\/uploads\/sites\/87\/2026\/04\/d35a54d0-6016-4053-addf-dcda4aab2637-300x200.jpg 300w, https:\/\/portal.pi.gov.br\/seres\/wp-content\/uploads\/sites\/87\/2026\/04\/d35a54d0-6016-4053-addf-dcda4aab2637-768x512.jpg 768w, https:\/\/portal.pi.gov.br\/seres\/wp-content\/uploads\/sites\/87\/2026\/04\/d35a54d0-6016-4053-addf-dcda4aab2637-420x280.jpg 420w, https:\/\/portal.pi.gov.br\/seres\/wp-content\/uploads\/sites\/87\/2026\/04\/d35a54d0-6016-4053-addf-dcda4aab2637-540x360.jpg 540w, https:\/\/portal.pi.gov.br\/seres\/wp-content\/uploads\/sites\/87\/2026\/04\/d35a54d0-6016-4053-addf-dcda4aab2637-780x520.jpg 780w, https:\/\/portal.pi.gov.br\/seres\/wp-content\/uploads\/sites\/87\/2026\/04\/d35a54d0-6016-4053-addf-dcda4aab2637-947x632.jpg 947w, https:\/\/portal.pi.gov.br\/seres\/wp-content\/uploads\/sites\/87\/2026\/04\/d35a54d0-6016-4053-addf-dcda4aab2637-624x416.jpg 624w, https:\/\/portal.pi.gov.br\/seres\/wp-content\/uploads\/sites\/87\/2026\/04\/d35a54d0-6016-4053-addf-dcda4aab2637-84x56.jpg 84w, https:\/\/portal.pi.gov.br\/seres\/wp-content\/uploads\/sites\/87\/2026\/04\/d35a54d0-6016-4053-addf-dcda4aab2637.jpg 1280w\" sizes=\"(max-width: 1024px) 100vw, 1024px\" \/><\/figure>\n<\/figure>\n","protected":false},"excerpt":{"rendered":"<p>A secret\u00e1ria N\u00fabia Lopes realizou, nesta quinta-feira (23), um importante di\u00e1logo com lideran\u00e7as de comunidades e territ\u00f3rios tradicionais do Piau\u00ed, refor\u00e7ando o compromisso com a escuta social e a constru\u00e7\u00e3o [&hellip;]<\/p>\n","protected":false},"author":1821,"featured_media":6278,"comment_status":"closed","ping_status":"closed","sticky":true,"template":"","format":"standard","meta":[],"categories":[34],"tags":[],"featured_image_urls":{"full":["https:\/\/portal.pi.gov.br\/seres\/wp-content\/uploads\/sites\/87\/2026\/04\/609cf14c-14cf-4252-9ce6-defbbacc6b8e.jpg",1280,451,false],"thumbnail":["https:\/\/portal.pi.gov.br\/seres\/wp-content\/uploads\/sites\/87\/2026\/04\/609cf14c-14cf-4252-9ce6-defbbacc6b8e-150x150.jpg",150,150,true],"medium":["https:\/\/portal.pi.gov.br\/seres\/wp-content\/uploads\/sites\/87\/2026\/04\/609cf14c-14cf-4252-9ce6-defbbacc6b8e-300x106.jpg",300,106,true],"medium_large":["https:\/\/portal.pi.gov.br\/seres\/wp-content\/uploads\/sites\/87\/2026\/04\/609cf14c-14cf-4252-9ce6-defbbacc6b8e-768x271.jpg",768,271,true],"large":["https:\/\/portal.pi.gov.br\/seres\/wp-content\/uploads\/sites\/87\/2026\/04\/609cf14c-14cf-4252-9ce6-defbbacc6b8e-1024x361.jpg",887,313,true],"sgg-420":["https:\/\/portal.pi.gov.br\/seres\/wp-content\/uploads\/sites\/87\/2026\/04\/609cf14c-14cf-4252-9ce6-defbbacc6b8e-420x148.jpg",420,148,true],"sgg-540":["https:\/\/portal.pi.gov.br\/seres\/wp-content\/uploads\/sites\/87\/2026\/04\/609cf14c-14cf-4252-9ce6-defbbacc6b8e-540x190.jpg",540,190,true],"sgg-780":["https:\/\/portal.pi.gov.br\/seres\/wp-content\/uploads\/sites\/87\/2026\/04\/609cf14c-14cf-4252-9ce6-defbbacc6b8e-780x275.jpg",780,275,true],"1536x1536":["https:\/\/portal.pi.gov.br\/seres\/wp-content\/uploads\/sites\/87\/2026\/04\/609cf14c-14cf-4252-9ce6-defbbacc6b8e.jpg",1280,451,false],"2048x2048":["https:\/\/portal.pi.gov.br\/seres\/wp-content\/uploads\/sites\/87\/2026\/04\/609cf14c-14cf-4252-9ce6-defbbacc6b8e.jpg",1280,451,false],"homepage-slider":["https:\/\/portal.pi.gov.br\/seres\/wp-content\/uploads\/sites\/87\/2026\/04\/609cf14c-14cf-4252-9ce6-defbbacc6b8e-1270x451.jpg",1270,451,true],"homepage-slider-small":["https:\/\/portal.pi.gov.br\/seres\/wp-content\/uploads\/sites\/87\/2026\/04\/609cf14c-14cf-4252-9ce6-defbbacc6b8e-947x451.jpg",947,451,true],"page-top":["https:\/\/portal.pi.gov.br\/seres\/wp-content\/uploads\/sites\/87\/2026\/04\/609cf14c-14cf-4252-9ce6-defbbacc6b8e-947x334.jpg",947,334,true],"page-small":["https:\/\/portal.pi.gov.br\/seres\/wp-content\/uploads\/sites\/87\/2026\/04\/609cf14c-14cf-4252-9ce6-defbbacc6b8e-624x220.jpg",624,220,true],"loop-main":["https:\/\/portal.pi.gov.br\/seres\/wp-content\/uploads\/sites\/87\/2026\/04\/609cf14c-14cf-4252-9ce6-defbbacc6b8e-365x240.jpg",365,240,true],"thumb-gallery-widget":["https:\/\/portal.pi.gov.br\/seres\/wp-content\/uploads\/sites\/87\/2026\/04\/609cf14c-14cf-4252-9ce6-defbbacc6b8e-84x56.jpg",84,56,true]},"post_excerpt_stackable":"<p>A secret\u00e1ria N\u00fabia Lopes realizou, nesta quinta-feira (23), um importante di\u00e1logo com lideran\u00e7as de comunidades e territ\u00f3rios tradicionais do Piau\u00ed, refor\u00e7ando o compromisso com a escuta social e a constru\u00e7\u00e3o coletiva de solu\u00e7\u00f5es para demandas relacionadas \u00e0 posse e ao uso da terra. O encontro teve como foco o Decreto n\u00ba 24.406, de 18 de mar\u00e7o de 2024, que institui a Comiss\u00e3o de Media\u00e7\u00e3o de Conflitos Territoriais (CMCT) no Estado do Piau\u00ed. A iniciativa tem como objetivo promover o di\u00e1logo institucional e a resolu\u00e7\u00e3o pac\u00edfica de disputas territoriais, evitando a judicializa\u00e7\u00e3o excessiva e fortalecendo mecanismos de negocia\u00e7\u00e3o entre as partes&hellip;<\/p>\n","category_list":"<a href=\"https:\/\/portal.pi.gov.br\/seres\/category\/noticias\/\" rel=\"category tag\">Not\u00edcias<\/a>","author_info":{"name":"alineraquel","url":"https:\/\/portal.pi.gov.br\/seres\/author\/alineraquel\/"},"comments_num":"0 coment\u00e1rio","featured_image_urls_v2":{"full":["https:\/\/portal.pi.gov.br\/seres\/wp-content\/uploads\/sites\/87\/2026\/04\/609cf14c-14cf-4252-9ce6-defbbacc6b8e.jpg",1280,451,false],"thumbnail":["https:\/\/portal.pi.gov.br\/seres\/wp-content\/uploads\/sites\/87\/2026\/04\/609cf14c-14cf-4252-9ce6-defbbacc6b8e-150x150.jpg",150,150,true],"medium":["https:\/\/portal.pi.gov.br\/seres\/wp-content\/uploads\/sites\/87\/2026\/04\/609cf14c-14cf-4252-9ce6-defbbacc6b8e-300x106.jpg",300,106,true],"medium_large":["https:\/\/portal.pi.gov.br\/seres\/wp-content\/uploads\/sites\/87\/2026\/04\/609cf14c-14cf-4252-9ce6-defbbacc6b8e-768x271.jpg",768,271,true],"large":["https:\/\/portal.pi.gov.br\/seres\/wp-content\/uploads\/sites\/87\/2026\/04\/609cf14c-14cf-4252-9ce6-defbbacc6b8e-1024x361.jpg",887,313,true],"sgg-420":["https:\/\/portal.pi.gov.br\/seres\/wp-content\/uploads\/sites\/87\/2026\/04\/609cf14c-14cf-4252-9ce6-defbbacc6b8e-420x148.jpg",420,148,true],"sgg-540":["https:\/\/portal.pi.gov.br\/seres\/wp-content\/uploads\/sites\/87\/2026\/04\/609cf14c-14cf-4252-9ce6-defbbacc6b8e-540x190.jpg",540,190,true],"sgg-780":["https:\/\/portal.pi.gov.br\/seres\/wp-content\/uploads\/sites\/87\/2026\/04\/609cf14c-14cf-4252-9ce6-defbbacc6b8e-780x275.jpg",780,275,true],"1536x1536":["https:\/\/portal.pi.gov.br\/seres\/wp-content\/uploads\/sites\/87\/2026\/04\/609cf14c-14cf-4252-9ce6-defbbacc6b8e.jpg",1280,451,false],"2048x2048":["https:\/\/portal.pi.gov.br\/seres\/wp-content\/uploads\/sites\/87\/2026\/04\/609cf14c-14cf-4252-9ce6-defbbacc6b8e.jpg",1280,451,false],"homepage-slider":["https:\/\/portal.pi.gov.br\/seres\/wp-content\/uploads\/sites\/87\/2026\/04\/609cf14c-14cf-4252-9ce6-defbbacc6b8e-1270x451.jpg",1270,451,true],"homepage-slider-small":["https:\/\/portal.pi.gov.br\/seres\/wp-content\/uploads\/sites\/87\/2026\/04\/609cf14c-14cf-4252-9ce6-defbbacc6b8e-947x451.jpg",947,451,true],"page-top":["https:\/\/portal.pi.gov.br\/seres\/wp-content\/uploads\/sites\/87\/2026\/04\/609cf14c-14cf-4252-9ce6-defbbacc6b8e-947x334.jpg",947,334,true],"page-small":["https:\/\/portal.pi.gov.br\/seres\/wp-content\/uploads\/sites\/87\/2026\/04\/609cf14c-14cf-4252-9ce6-defbbacc6b8e-624x220.jpg",624,220,true],"loop-main":["https:\/\/portal.pi.gov.br\/seres\/wp-content\/uploads\/sites\/87\/2026\/04\/609cf14c-14cf-4252-9ce6-defbbacc6b8e-365x240.jpg",365,240,true],"thumb-gallery-widget":["https:\/\/portal.pi.gov.br\/seres\/wp-content\/uploads\/sites\/87\/2026\/04\/609cf14c-14cf-4252-9ce6-defbbacc6b8e-84x56.jpg",84,56,true]},"post_excerpt_stackable_v2":"<p>A secret\u00e1ria N\u00fabia Lopes realizou, nesta quinta-feira (23), um importante di\u00e1logo com lideran\u00e7as de comunidades e territ\u00f3rios tradicionais do Piau\u00ed, refor\u00e7ando o compromisso com a escuta social e a constru\u00e7\u00e3o coletiva de solu\u00e7\u00f5es para demandas relacionadas \u00e0 posse e ao uso da terra. O encontro teve como foco o Decreto n\u00ba 24.406, de 18 de mar\u00e7o de 2024, que institui a Comiss\u00e3o de Media\u00e7\u00e3o de Conflitos Territoriais (CMCT) no Estado do Piau\u00ed. A iniciativa tem como objetivo promover o di\u00e1logo institucional e a resolu\u00e7\u00e3o pac\u00edfica de disputas territoriais, evitando a judicializa\u00e7\u00e3o excessiva e fortalecendo mecanismos de negocia\u00e7\u00e3o entre as partes&hellip;<\/p>\n","category_list_v2":"<a href=\"https:\/\/portal.pi.gov.br\/seres\/category\/noticias\/\" rel=\"category tag\">Not\u00edcias<\/a>","author_info_v2":{"name":"alineraquel","url":"https:\/\/portal.pi.gov.br\/seres\/author\/alineraquel\/"},"comments_num_v2":"0 coment\u00e1rio","jetpack_featured_media_url":"https:\/\/portal.pi.gov.br\/seres\/wp-content\/uploads\/sites\/87\/2026\/04\/609cf14c-14cf-4252-9ce6-defbbacc6b8e.jpg","_links":{"self":[{"href":"https:\/\/portal.pi.gov.br\/seres\/wp-json\/wp\/v2\/posts\/6286"}],"collection":[{"href":"https:\/\/portal.pi.gov.br\/seres\/wp-json\/wp\/v2\/posts"}],"about":[{"href":"https:\/\/portal.pi.gov.br\/seres\/wp-json\/wp\/v2\/types\/post"}],"author":[{"embeddable":true,"href":"https:\/\/portal.pi.gov.br\/seres\/wp-json\/wp\/v2\/users\/1821"}],"replies":[{"embeddable":true,"href":"https:\/\/portal.pi.gov.br\/seres\/wp-json\/wp\/v2\/comments?post=6286"}],"version-history":[{"count":1,"href":"https:\/\/portal.pi.gov.br\/seres\/wp-json\/wp\/v2\/posts\/6286\/revisions"}],"predecessor-version":[{"id":6287,"href":"https:\/\/portal.pi.gov.br\/seres\/wp-json\/wp\/v2\/posts\/6286\/revisions\/6287"}],"wp:featuredmedia":[{"embeddable":true,"href":"https:\/\/portal.pi.gov.br\/seres\/wp-json\/wp\/v2\/media\/6278"}],"wp:attachment":[{"href":"https:\/\/portal.pi.gov.br\/seres\/wp-json\/wp\/v2\/media?parent=6286"}],"wp:term":[{"taxonomy":"category","embeddable":true,"href":"https:\/\/portal.pi.gov.br\/seres\/wp-json\/wp\/v2\/categories?post=6286"},{"taxonomy":"post_tag","embeddable":true,"href":"https:\/\/portal.pi.gov.br\/seres\/wp-json\/wp\/v2\/tags?post=6286"}],"curies":[{"name":"wp","href":"https:\/\/api.w.org\/{rel}","templated":true}]}}