{"id":974,"date":"2023-08-25T12:42:59","date_gmt":"2023-08-25T15:42:59","guid":{"rendered":"https:\/\/portal.pi.gov.br\/seres\/?p=974"},"modified":"2023-08-25T13:16:39","modified_gmt":"2023-08-25T16:16:39","slug":"rafael-fonteles-anuncia-criacao-da-secretaria-das-relacoes-sociais","status":"publish","type":"post","link":"https:\/\/portal.pi.gov.br\/seres\/2023\/08\/25\/rafael-fonteles-anuncia-criacao-da-secretaria-das-relacoes-sociais\/","title":{"rendered":"Rafael Fonteles anuncia cria\u00e7\u00e3o da Secretaria das Rela\u00e7\u00f5es Sociais"},"content":{"rendered":"\n<p><strong><em>O \u00f3rg\u00e3o ter\u00e1 o objetivo de ampliar a participa\u00e7\u00e3o e rela\u00e7\u00e3o do governo com a sociedade.<\/em><\/strong><\/p>\n\n\n\n<p>Alinhado \u00e0 formata\u00e7\u00e3o do governo federal, o governador Rafael Fonteles criar\u00e1 a Secretaria de Estado das Rela\u00e7\u00f5es Sociais. Nesta quinta-feira (5), o gestor se reuniu com a superintendente de Rela\u00e7\u00f5es Sociais do Governo do Piau\u00ed, N\u00fabia Lopes, que ser\u00e1 a titular da pasta.<\/p>\n\n\n\n<p>A secretaria \u00e9 uma adequa\u00e7\u00e3o da j\u00e1 existente Superintend\u00eancia de Rela\u00e7\u00f5es Sociais e ir\u00e1 funcionar no Pal\u00e1cio de Karnak,. O objetivo \u00e9 ampliar a participa\u00e7\u00e3o e rela\u00e7\u00e3o do governo estadual com a popula\u00e7\u00e3o. A decis\u00e3o adequa a estrutura administrativa do Executivo para o cumprimento das metas estabelecidas no plano de governo.<\/p>\n\n\n<div class=\"wp-block-image\">\n<figure class=\"aligncenter size-large is-resized\"><img decoding=\"async\" loading=\"lazy\" src=\"https:\/\/portal.pi.gov.br\/seres\/wp-content\/uploads\/sites\/87\/2023\/08\/image-1024x682.png\" alt=\"\" class=\"wp-image-975\" width=\"591\" height=\"394\" srcset=\"https:\/\/portal.pi.gov.br\/seres\/wp-content\/uploads\/sites\/87\/2023\/08\/image-1024x682.png 1024w, https:\/\/portal.pi.gov.br\/seres\/wp-content\/uploads\/sites\/87\/2023\/08\/image-300x200.png 300w, https:\/\/portal.pi.gov.br\/seres\/wp-content\/uploads\/sites\/87\/2023\/08\/image-768x512.png 768w, https:\/\/portal.pi.gov.br\/seres\/wp-content\/uploads\/sites\/87\/2023\/08\/image-420x280.png 420w, https:\/\/portal.pi.gov.br\/seres\/wp-content\/uploads\/sites\/87\/2023\/08\/image-540x360.png 540w, https:\/\/portal.pi.gov.br\/seres\/wp-content\/uploads\/sites\/87\/2023\/08\/image-780x520.png 780w, https:\/\/portal.pi.gov.br\/seres\/wp-content\/uploads\/sites\/87\/2023\/08\/image-947x631.png 947w, https:\/\/portal.pi.gov.br\/seres\/wp-content\/uploads\/sites\/87\/2023\/08\/image-624x416.png 624w, https:\/\/portal.pi.gov.br\/seres\/wp-content\/uploads\/sites\/87\/2023\/08\/image-84x56.png 84w, https:\/\/portal.pi.gov.br\/seres\/wp-content\/uploads\/sites\/87\/2023\/08\/image.png 1280w\" sizes=\"(max-width: 591px) 100vw, 591px\" \/><figcaption class=\"wp-element-caption\">Foto: Ascom<\/figcaption><\/figure><\/div>\n\n\n<p>\u201cQueremos aumentar a participa\u00e7\u00e3o e escuta da sociedade, dos movimentos comunit\u00e1rios, sociais e populares, das entidades e dos conselhos. Tudo aquilo que envolve a participa\u00e7\u00e3o popular. \u00c9 importante robustecer essa \u00e1rea para melhorar a efici\u00eancia no tratamento dessas demandas que vir\u00e3o da sociedade. Nosso papel \u00e9 dialogar e executar aquilo que \u00e9 poss\u00edvel dentro da nossa realidade or\u00e7ament\u00e1ria. A N\u00fabia j\u00e1 era superintendente, j\u00e1 realizava o excelente trabalho e aceitou o desafio de ser secret\u00e1ria das Rela\u00e7\u00f5es Sociais\u201d, ressaltou Rafael Fonteles.<\/p>\n\n\n\n<p><\/p>\n\n\n\n<p>N\u00fabia Lopes destacou que, al\u00e9m da amplia\u00e7\u00e3o do di\u00e1logo com a sociedade, a cria\u00e7\u00e3o da secretaria implementa a lei que institui a Pol\u00edtica Estadual de Participa\u00e7\u00e3o Social (PEPS), lei n\u00ba 7.357, de 3 de fevereiro de 2020.&nbsp;\u201cO trabalho realizado hoje pela Superintend\u00eancia de Rela\u00e7\u00f5es Sociais com os sindicatos, movimentos sociais e conselhos, ser\u00e1 feito com a autonomia de uma secretaria. Ent\u00e3o, vamos continuar atendendo, trabalhando, com maior responsabilidade. E teremos a possibilidade de ampliar esse di\u00e1logo. Assim, implementamos no Estado a lei que amplia essa pol\u00edtica de participa\u00e7\u00e3o social, negocia\u00e7\u00e3o com os sindicatos e atendimento aos conselhos\u201d, disse a gestora.<\/p>\n\n\n\n<p><\/p>\n\n\n<div class=\"wp-block-image\">\n<figure class=\"aligncenter size-large is-resized\"><img decoding=\"async\" loading=\"lazy\" src=\"https:\/\/portal.pi.gov.br\/seres\/wp-content\/uploads\/sites\/87\/2023\/08\/image-1-1024x682.png\" alt=\"\" class=\"wp-image-976\" width=\"630\" height=\"419\" srcset=\"https:\/\/portal.pi.gov.br\/seres\/wp-content\/uploads\/sites\/87\/2023\/08\/image-1-1024x682.png 1024w, https:\/\/portal.pi.gov.br\/seres\/wp-content\/uploads\/sites\/87\/2023\/08\/image-1-300x200.png 300w, https:\/\/portal.pi.gov.br\/seres\/wp-content\/uploads\/sites\/87\/2023\/08\/image-1-768x512.png 768w, https:\/\/portal.pi.gov.br\/seres\/wp-content\/uploads\/sites\/87\/2023\/08\/image-1-420x280.png 420w, https:\/\/portal.pi.gov.br\/seres\/wp-content\/uploads\/sites\/87\/2023\/08\/image-1-540x360.png 540w, https:\/\/portal.pi.gov.br\/seres\/wp-content\/uploads\/sites\/87\/2023\/08\/image-1-780x520.png 780w, https:\/\/portal.pi.gov.br\/seres\/wp-content\/uploads\/sites\/87\/2023\/08\/image-1-947x631.png 947w, https:\/\/portal.pi.gov.br\/seres\/wp-content\/uploads\/sites\/87\/2023\/08\/image-1-624x416.png 624w, https:\/\/portal.pi.gov.br\/seres\/wp-content\/uploads\/sites\/87\/2023\/08\/image-1-84x56.png 84w, https:\/\/portal.pi.gov.br\/seres\/wp-content\/uploads\/sites\/87\/2023\/08\/image-1.png 1280w\" sizes=\"(max-width: 630px) 100vw, 630px\" \/><figcaption class=\"wp-element-caption\">Foto: Ascom<\/figcaption><\/figure><\/div>\n\n\n<p>O projeto de lei que estabelece a adequa\u00e7\u00e3o da Superintend\u00eancia de Rela\u00e7\u00f5es Sociais para secretaria ser\u00e1 enviada para a Assembleia Legislativa do Piau\u00ed (Alepi) para aprecia\u00e7\u00e3o da casa. A proposta faz parte das mudan\u00e7as administrativas que o governador Rafael Fonteles pretende fazer para atualizar, modernizar e atender \u00e0s demandas do Estado.<\/p>\n\n\n\n<p>N\u00fabia Lopes \u00e9 professora, dirigente sindical, foi diretora da Confedera\u00e7\u00e3o Nacional dos Trabalhadores em Educa\u00e7\u00e3o (CNTE), secret\u00e1ria-geral do Sindicato dos Trabalhadores da Educa\u00e7\u00e3o do Piau\u00ed (Sinte-PI), secret\u00e1ria de forma\u00e7\u00e3o da Central \u00danica dos Trabalhadores (CUT), secret\u00e1ria de pol\u00edticas Sociais da CNTE e conselheira do Conselheiro Nacional das Crian\u00e7as e Adolescentes (Conanda).<\/p>\n\n\n\n<p><\/p>\n\n\n\n<p class=\"has-white-background-color has-background has-small-font-size\">5 de janeiro de 2023 \u00e0s 11:27 <strong>Rep\u00f3rter:<\/strong>&nbsp;Mar\u00edlia Andrade<\/p>\n","protected":false},"excerpt":{"rendered":"<p>O \u00f3rg\u00e3o ter\u00e1 o objetivo de ampliar a participa\u00e7\u00e3o e rela\u00e7\u00e3o do governo com a sociedade. Alinhado \u00e0 formata\u00e7\u00e3o do governo federal, o governador Rafael Fonteles criar\u00e1 a Secretaria de [&hellip;]<\/p>\n","protected":false},"author":1748,"featured_media":977,"comment_status":"closed","ping_status":"closed","sticky":false,"template":"","format":"standard","meta":[],"categories":[34,1],"tags":[],"featured_image_urls":{"full":["https:\/\/portal.pi.gov.br\/seres\/wp-content\/uploads\/sites\/87\/2023\/08\/WhatsApp-Image-2023-01-05-at-10.52.10.jpeg",1280,853,false],"thumbnail":["https:\/\/portal.pi.gov.br\/seres\/wp-content\/uploads\/sites\/87\/2023\/08\/WhatsApp-Image-2023-01-05-at-10.52.10-150x150.jpeg",150,150,true],"medium":["https:\/\/portal.pi.gov.br\/seres\/wp-content\/uploads\/sites\/87\/2023\/08\/WhatsApp-Image-2023-01-05-at-10.52.10-300x200.jpeg",300,200,true],"medium_large":["https:\/\/portal.pi.gov.br\/seres\/wp-content\/uploads\/sites\/87\/2023\/08\/WhatsApp-Image-2023-01-05-at-10.52.10-768x512.jpeg",768,512,true],"large":["https:\/\/portal.pi.gov.br\/seres\/wp-content\/uploads\/sites\/87\/2023\/08\/WhatsApp-Image-2023-01-05-at-10.52.10-1024x682.jpeg",887,591,true],"sgg-420":["https:\/\/portal.pi.gov.br\/seres\/wp-content\/uploads\/sites\/87\/2023\/08\/WhatsApp-Image-2023-01-05-at-10.52.10-420x280.jpeg",420,280,true],"sgg-540":["https:\/\/portal.pi.gov.br\/seres\/wp-content\/uploads\/sites\/87\/2023\/08\/WhatsApp-Image-2023-01-05-at-10.52.10-540x360.jpeg",540,360,true],"sgg-780":["https:\/\/portal.pi.gov.br\/seres\/wp-content\/uploads\/sites\/87\/2023\/08\/WhatsApp-Image-2023-01-05-at-10.52.10-780x520.jpeg",780,520,true],"1536x1536":["https:\/\/portal.pi.gov.br\/seres\/wp-content\/uploads\/sites\/87\/2023\/08\/WhatsApp-Image-2023-01-05-at-10.52.10.jpeg",1280,853,false],"2048x2048":["https:\/\/portal.pi.gov.br\/seres\/wp-content\/uploads\/sites\/87\/2023\/08\/WhatsApp-Image-2023-01-05-at-10.52.10.jpeg",1280,853,false],"homepage-slider":["https:\/\/portal.pi.gov.br\/seres\/wp-content\/uploads\/sites\/87\/2023\/08\/WhatsApp-Image-2023-01-05-at-10.52.10-1270x500.jpeg",1270,500,true],"homepage-slider-small":["https:\/\/portal.pi.gov.br\/seres\/wp-content\/uploads\/sites\/87\/2023\/08\/WhatsApp-Image-2023-01-05-at-10.52.10-947x500.jpeg",947,500,true],"page-top":["https:\/\/portal.pi.gov.br\/seres\/wp-content\/uploads\/sites\/87\/2023\/08\/WhatsApp-Image-2023-01-05-at-10.52.10-947x631.jpeg",947,631,true],"page-small":["https:\/\/portal.pi.gov.br\/seres\/wp-content\/uploads\/sites\/87\/2023\/08\/WhatsApp-Image-2023-01-05-at-10.52.10-624x416.jpeg",624,416,true],"loop-main":["https:\/\/portal.pi.gov.br\/seres\/wp-content\/uploads\/sites\/87\/2023\/08\/WhatsApp-Image-2023-01-05-at-10.52.10-365x240.jpeg",365,240,true],"thumb-gallery-widget":["https:\/\/portal.pi.gov.br\/seres\/wp-content\/uploads\/sites\/87\/2023\/08\/WhatsApp-Image-2023-01-05-at-10.52.10-84x56.jpeg",84,56,true]},"post_excerpt_stackable":"<p>O \u00f3rg\u00e3o ter\u00e1 o objetivo de ampliar a participa\u00e7\u00e3o e rela\u00e7\u00e3o do governo com a sociedade. Alinhado \u00e0 formata\u00e7\u00e3o do governo federal, o governador Rafael Fonteles criar\u00e1 a Secretaria de Estado das Rela\u00e7\u00f5es Sociais. Nesta quinta-feira (5), o gestor se reuniu com a superintendente de Rela\u00e7\u00f5es Sociais do Governo do Piau\u00ed, N\u00fabia Lopes, que ser\u00e1 a titular da pasta. A secretaria \u00e9 uma adequa\u00e7\u00e3o da j\u00e1 existente Superintend\u00eancia de Rela\u00e7\u00f5es Sociais e ir\u00e1 funcionar no Pal\u00e1cio de Karnak,. O objetivo \u00e9 ampliar a participa\u00e7\u00e3o e rela\u00e7\u00e3o do governo estadual com a popula\u00e7\u00e3o. A decis\u00e3o adequa a estrutura administrativa do Executivo&hellip;<\/p>\n","category_list":"<a href=\"https:\/\/portal.pi.gov.br\/seres\/category\/noticias\/\" rel=\"category tag\">Not\u00edcias<\/a>, <a href=\"https:\/\/portal.pi.gov.br\/seres\/category\/sem-categoria\/\" rel=\"category tag\">Sem categoria<\/a>","author_info":{"name":"natalina","url":"https:\/\/portal.pi.gov.br\/seres\/author\/natalina\/"},"comments_num":"0 coment\u00e1rio","featured_image_urls_v2":{"full":["https:\/\/portal.pi.gov.br\/seres\/wp-content\/uploads\/sites\/87\/2023\/08\/WhatsApp-Image-2023-01-05-at-10.52.10.jpeg",1280,853,false],"thumbnail":["https:\/\/portal.pi.gov.br\/seres\/wp-content\/uploads\/sites\/87\/2023\/08\/WhatsApp-Image-2023-01-05-at-10.52.10-150x150.jpeg",150,150,true],"medium":["https:\/\/portal.pi.gov.br\/seres\/wp-content\/uploads\/sites\/87\/2023\/08\/WhatsApp-Image-2023-01-05-at-10.52.10-300x200.jpeg",300,200,true],"medium_large":["https:\/\/portal.pi.gov.br\/seres\/wp-content\/uploads\/sites\/87\/2023\/08\/WhatsApp-Image-2023-01-05-at-10.52.10-768x512.jpeg",768,512,true],"large":["https:\/\/portal.pi.gov.br\/seres\/wp-content\/uploads\/sites\/87\/2023\/08\/WhatsApp-Image-2023-01-05-at-10.52.10-1024x682.jpeg",887,591,true],"sgg-420":["https:\/\/portal.pi.gov.br\/seres\/wp-content\/uploads\/sites\/87\/2023\/08\/WhatsApp-Image-2023-01-05-at-10.52.10-420x280.jpeg",420,280,true],"sgg-540":["https:\/\/portal.pi.gov.br\/seres\/wp-content\/uploads\/sites\/87\/2023\/08\/WhatsApp-Image-2023-01-05-at-10.52.10-540x360.jpeg",540,360,true],"sgg-780":["https:\/\/portal.pi.gov.br\/seres\/wp-content\/uploads\/sites\/87\/2023\/08\/WhatsApp-Image-2023-01-05-at-10.52.10-780x520.jpeg",780,520,true],"1536x1536":["https:\/\/portal.pi.gov.br\/seres\/wp-content\/uploads\/sites\/87\/2023\/08\/WhatsApp-Image-2023-01-05-at-10.52.10.jpeg",1280,853,false],"2048x2048":["https:\/\/portal.pi.gov.br\/seres\/wp-content\/uploads\/sites\/87\/2023\/08\/WhatsApp-Image-2023-01-05-at-10.52.10.jpeg",1280,853,false],"homepage-slider":["https:\/\/portal.pi.gov.br\/seres\/wp-content\/uploads\/sites\/87\/2023\/08\/WhatsApp-Image-2023-01-05-at-10.52.10-1270x500.jpeg",1270,500,true],"homepage-slider-small":["https:\/\/portal.pi.gov.br\/seres\/wp-content\/uploads\/sites\/87\/2023\/08\/WhatsApp-Image-2023-01-05-at-10.52.10-947x500.jpeg",947,500,true],"page-top":["https:\/\/portal.pi.gov.br\/seres\/wp-content\/uploads\/sites\/87\/2023\/08\/WhatsApp-Image-2023-01-05-at-10.52.10-947x631.jpeg",947,631,true],"page-small":["https:\/\/portal.pi.gov.br\/seres\/wp-content\/uploads\/sites\/87\/2023\/08\/WhatsApp-Image-2023-01-05-at-10.52.10-624x416.jpeg",624,416,true],"loop-main":["https:\/\/portal.pi.gov.br\/seres\/wp-content\/uploads\/sites\/87\/2023\/08\/WhatsApp-Image-2023-01-05-at-10.52.10-365x240.jpeg",365,240,true],"thumb-gallery-widget":["https:\/\/portal.pi.gov.br\/seres\/wp-content\/uploads\/sites\/87\/2023\/08\/WhatsApp-Image-2023-01-05-at-10.52.10-84x56.jpeg",84,56,true]},"post_excerpt_stackable_v2":"<p>O \u00f3rg\u00e3o ter\u00e1 o objetivo de ampliar a participa\u00e7\u00e3o e rela\u00e7\u00e3o do governo com a sociedade. Alinhado \u00e0 formata\u00e7\u00e3o do governo federal, o governador Rafael Fonteles criar\u00e1 a Secretaria de Estado das Rela\u00e7\u00f5es Sociais. Nesta quinta-feira (5), o gestor se reuniu com a superintendente de Rela\u00e7\u00f5es Sociais do Governo do Piau\u00ed, N\u00fabia Lopes, que ser\u00e1 a titular da pasta. A secretaria \u00e9 uma adequa\u00e7\u00e3o da j\u00e1 existente Superintend\u00eancia de Rela\u00e7\u00f5es Sociais e ir\u00e1 funcionar no Pal\u00e1cio de Karnak,. O objetivo \u00e9 ampliar a participa\u00e7\u00e3o e rela\u00e7\u00e3o do governo estadual com a popula\u00e7\u00e3o. A decis\u00e3o adequa a estrutura administrativa do Executivo&hellip;<\/p>\n","category_list_v2":"<a href=\"https:\/\/portal.pi.gov.br\/seres\/category\/noticias\/\" rel=\"category tag\">Not\u00edcias<\/a>, <a href=\"https:\/\/portal.pi.gov.br\/seres\/category\/sem-categoria\/\" rel=\"category tag\">Sem categoria<\/a>","author_info_v2":{"name":"natalina","url":"https:\/\/portal.pi.gov.br\/seres\/author\/natalina\/"},"comments_num_v2":"0 coment\u00e1rio","jetpack_featured_media_url":"https:\/\/portal.pi.gov.br\/seres\/wp-content\/uploads\/sites\/87\/2023\/08\/WhatsApp-Image-2023-01-05-at-10.52.10.jpeg","_links":{"self":[{"href":"https:\/\/portal.pi.gov.br\/seres\/wp-json\/wp\/v2\/posts\/974"}],"collection":[{"href":"https:\/\/portal.pi.gov.br\/seres\/wp-json\/wp\/v2\/posts"}],"about":[{"href":"https:\/\/portal.pi.gov.br\/seres\/wp-json\/wp\/v2\/types\/post"}],"author":[{"embeddable":true,"href":"https:\/\/portal.pi.gov.br\/seres\/wp-json\/wp\/v2\/users\/1748"}],"replies":[{"embeddable":true,"href":"https:\/\/portal.pi.gov.br\/seres\/wp-json\/wp\/v2\/comments?post=974"}],"version-history":[{"count":2,"href":"https:\/\/portal.pi.gov.br\/seres\/wp-json\/wp\/v2\/posts\/974\/revisions"}],"predecessor-version":[{"id":979,"href":"https:\/\/portal.pi.gov.br\/seres\/wp-json\/wp\/v2\/posts\/974\/revisions\/979"}],"wp:featuredmedia":[{"embeddable":true,"href":"https:\/\/portal.pi.gov.br\/seres\/wp-json\/wp\/v2\/media\/977"}],"wp:attachment":[{"href":"https:\/\/portal.pi.gov.br\/seres\/wp-json\/wp\/v2\/media?parent=974"}],"wp:term":[{"taxonomy":"category","embeddable":true,"href":"https:\/\/portal.pi.gov.br\/seres\/wp-json\/wp\/v2\/categories?post=974"},{"taxonomy":"post_tag","embeddable":true,"href":"https:\/\/portal.pi.gov.br\/seres\/wp-json\/wp\/v2\/tags?post=974"}],"curies":[{"name":"wp","href":"https:\/\/api.w.org\/{rel}","templated":true}]}}