{"id":10006,"date":"2026-04-22T12:34:55","date_gmt":"2026-04-22T15:34:55","guid":{"rendered":"https:\/\/portal.pi.gov.br\/sesapi\/?p=10006"},"modified":"2026-04-22T12:34:56","modified_gmt":"2026-04-22T15:34:56","slug":"municipios-destacam-a-inovacao-e-resolutividade-do-piaui-saude-digital-durante-xv-congresso-do-cosems-pi","status":"publish","type":"post","link":"https:\/\/portal.pi.gov.br\/sesapi\/2026\/04\/22\/municipios-destacam-a-inovacao-e-resolutividade-do-piaui-saude-digital-durante-xv-congresso-do-cosems-pi\/","title":{"rendered":"Munic\u00edpios destacam a inova\u00e7\u00e3o e resolutividade do Piau\u00ed Sa\u00fade Digital durante XV Congresso do Cosems-PI"},"content":{"rendered":"\n<p>Gestores e profissionais de sa\u00fade compartilharam, durante o primeiro dia do XV Congresso das Secretarias Municipais de Sa\u00fade do Piau\u00ed, nesta quarta-feira (22), as experi\u00eancias e os resultados alcan\u00e7ados pelos seus munic\u00edpios ap\u00f3s a ades\u00e3o ao programa Piau\u00ed Sa\u00fade Digital. Os relatos comprovam a consolida\u00e7\u00e3o da iniciativa como um marco na interioriza\u00e7\u00e3o da assist\u00eancia m\u00e9dica especializada.<\/p>\n\n\n\n<figure class=\"wp-block-image size-large\"><img decoding=\"async\" loading=\"lazy\" width=\"1024\" height=\"682\" src=\"https:\/\/portal.pi.gov.br\/sesapi\/wp-content\/uploads\/sites\/101\/2026\/04\/1-3-1024x682.jpg\" alt=\"\" class=\"wp-image-10007\" srcset=\"https:\/\/portal.pi.gov.br\/sesapi\/wp-content\/uploads\/sites\/101\/2026\/04\/1-3-1024x682.jpg 1024w, https:\/\/portal.pi.gov.br\/sesapi\/wp-content\/uploads\/sites\/101\/2026\/04\/1-3-300x200.jpg 300w, https:\/\/portal.pi.gov.br\/sesapi\/wp-content\/uploads\/sites\/101\/2026\/04\/1-3-768x512.jpg 768w, https:\/\/portal.pi.gov.br\/sesapi\/wp-content\/uploads\/sites\/101\/2026\/04\/1-3-420x280.jpg 420w, https:\/\/portal.pi.gov.br\/sesapi\/wp-content\/uploads\/sites\/101\/2026\/04\/1-3-540x360.jpg 540w, https:\/\/portal.pi.gov.br\/sesapi\/wp-content\/uploads\/sites\/101\/2026\/04\/1-3-780x520.jpg 780w, https:\/\/portal.pi.gov.br\/sesapi\/wp-content\/uploads\/sites\/101\/2026\/04\/1-3-947x631.jpg 947w, https:\/\/portal.pi.gov.br\/sesapi\/wp-content\/uploads\/sites\/101\/2026\/04\/1-3-624x416.jpg 624w, https:\/\/portal.pi.gov.br\/sesapi\/wp-content\/uploads\/sites\/101\/2026\/04\/1-3-84x56.jpg 84w, https:\/\/portal.pi.gov.br\/sesapi\/wp-content\/uploads\/sites\/101\/2026\/04\/1-3.jpg 1280w\" sizes=\"(max-width: 1024px) 100vw, 1024px\" \/><figcaption class=\"wp-element-caption\">Foto: M\u00e1rcio Sales\/Sesapi<\/figcaption><\/figure>\n\n\n\n<p>O evento, realizado em Teresina pelo Conselho das Secretarias Municipais de Sa\u00fade do Piau\u00ed (Cosems), destacou como a tecnologia tem sido empregada para superar barreiras geogr\u00e1ficas, ampliando o acesso \u00e0 sa\u00fade para a popula\u00e7\u00e3o e transformando a realidade de diversos munic\u00edpios que antes dependiam exclusivamente de deslocamentos para a capital.<\/p>\n\n\n\n<p>&#8220;As consultas por meio do Sa\u00fade Digital nos ajudaram oferecendo mais vagas aos nossos pacientes, desafogando nossa fila de espera. Foi uma verdadeira revolu\u00e7\u00e3o no nosso munic\u00edpio, porque trouxe a possibilidade de as pessoas terem tratamento pr\u00f3ximo de suas casas, sem muitos custos, de forma efetiva\u201d, relatou Emanuel do Monte, enfermeiro da Estrat\u00e9gia de Sa\u00fade da Fam\u00edlia de S\u00e3o Jo\u00e3o da Fronteira.<\/p>\n\n\n\n<figure class=\"wp-block-image size-large\"><img decoding=\"async\" loading=\"lazy\" width=\"1024\" height=\"682\" src=\"https:\/\/portal.pi.gov.br\/sesapi\/wp-content\/uploads\/sites\/101\/2026\/04\/2-4-1024x682.jpg\" alt=\"\" class=\"wp-image-10008\" srcset=\"https:\/\/portal.pi.gov.br\/sesapi\/wp-content\/uploads\/sites\/101\/2026\/04\/2-4-1024x682.jpg 1024w, https:\/\/portal.pi.gov.br\/sesapi\/wp-content\/uploads\/sites\/101\/2026\/04\/2-4-300x200.jpg 300w, https:\/\/portal.pi.gov.br\/sesapi\/wp-content\/uploads\/sites\/101\/2026\/04\/2-4-768x512.jpg 768w, https:\/\/portal.pi.gov.br\/sesapi\/wp-content\/uploads\/sites\/101\/2026\/04\/2-4-420x280.jpg 420w, https:\/\/portal.pi.gov.br\/sesapi\/wp-content\/uploads\/sites\/101\/2026\/04\/2-4-540x360.jpg 540w, https:\/\/portal.pi.gov.br\/sesapi\/wp-content\/uploads\/sites\/101\/2026\/04\/2-4-780x520.jpg 780w, https:\/\/portal.pi.gov.br\/sesapi\/wp-content\/uploads\/sites\/101\/2026\/04\/2-4-947x631.jpg 947w, https:\/\/portal.pi.gov.br\/sesapi\/wp-content\/uploads\/sites\/101\/2026\/04\/2-4-624x416.jpg 624w, https:\/\/portal.pi.gov.br\/sesapi\/wp-content\/uploads\/sites\/101\/2026\/04\/2-4-84x56.jpg 84w, https:\/\/portal.pi.gov.br\/sesapi\/wp-content\/uploads\/sites\/101\/2026\/04\/2-4.jpg 1280w\" sizes=\"(max-width: 1024px) 100vw, 1024px\" \/><figcaption class=\"wp-element-caption\">Foto: M\u00e1rcio Sales\/Sesapi<\/figcaption><\/figure>\n\n\n\n<p>A efici\u00eancia do Piau\u00ed Sa\u00fade Digital na oferta de exames de alta complexidade tamb\u00e9m foi outro aspecto enfatizado durante o evento. Ao falar sobre os servi\u00e7os, Raquel Ribeiro, secret\u00e1ria municipal de Sa\u00fade de Miguel Alves, destacou o impacto positivo do programa e sua import\u00e2ncia para zerar a fila de espera do munic\u00edpio para o exame de eletroencefalograma.<\/p>\n\n\n\n<p>&#8220;O telelaudo de eletroencefalograma chegou ao nosso munic\u00edpio no ano passado. T\u00ednhamos uma fila de espera e, com a chegada desse servi\u00e7o do Piau\u00ed Sa\u00fade Digital, ela n\u00e3o existe mais. Ent\u00e3o isso foi fundamental para conseguirmos dar acesso \u00e0s pessoas. Al\u00e9m do acesso, reduziu a dist\u00e2ncia, porque antes a \u00fanica forma de conseguir era na capital\u201d, afirmou a gestora.<\/p>\n\n\n\n<figure class=\"wp-block-image size-large\"><img decoding=\"async\" loading=\"lazy\" width=\"1024\" height=\"682\" src=\"https:\/\/portal.pi.gov.br\/sesapi\/wp-content\/uploads\/sites\/101\/2026\/04\/3-2-1024x682.jpg\" alt=\"\" class=\"wp-image-10009\" srcset=\"https:\/\/portal.pi.gov.br\/sesapi\/wp-content\/uploads\/sites\/101\/2026\/04\/3-2-1024x682.jpg 1024w, https:\/\/portal.pi.gov.br\/sesapi\/wp-content\/uploads\/sites\/101\/2026\/04\/3-2-300x200.jpg 300w, https:\/\/portal.pi.gov.br\/sesapi\/wp-content\/uploads\/sites\/101\/2026\/04\/3-2-768x512.jpg 768w, https:\/\/portal.pi.gov.br\/sesapi\/wp-content\/uploads\/sites\/101\/2026\/04\/3-2-420x280.jpg 420w, https:\/\/portal.pi.gov.br\/sesapi\/wp-content\/uploads\/sites\/101\/2026\/04\/3-2-540x360.jpg 540w, https:\/\/portal.pi.gov.br\/sesapi\/wp-content\/uploads\/sites\/101\/2026\/04\/3-2-780x520.jpg 780w, https:\/\/portal.pi.gov.br\/sesapi\/wp-content\/uploads\/sites\/101\/2026\/04\/3-2-947x631.jpg 947w, https:\/\/portal.pi.gov.br\/sesapi\/wp-content\/uploads\/sites\/101\/2026\/04\/3-2-624x416.jpg 624w, https:\/\/portal.pi.gov.br\/sesapi\/wp-content\/uploads\/sites\/101\/2026\/04\/3-2-84x56.jpg 84w, https:\/\/portal.pi.gov.br\/sesapi\/wp-content\/uploads\/sites\/101\/2026\/04\/3-2.jpg 1280w\" sizes=\"(max-width: 1024px) 100vw, 1024px\" \/><figcaption class=\"wp-element-caption\">Foto: M\u00e1rcio Sales\/Sesapi<\/figcaption><\/figure>\n\n\n\n<p>A democratiza\u00e7\u00e3o do acesso aos servi\u00e7os de sa\u00fade, sobretudo para popula\u00e7\u00f5es mais vulner\u00e1veis, foi outro diferencial do Piau\u00ed Sa\u00fade Digital elogiado durante o evento. Exemplo disso s\u00e3o os resultados alcan\u00e7ados pelo programa em rela\u00e7\u00e3o \u00e0 assist\u00eancia \u00e0s comunidades ind\u00edgenas nos munic\u00edpios de Piripiri e Lagoa do S\u00e3o Francisco.<\/p>\n\n\n\n<p>&#8220;S\u00e3o mais de tr\u00eas mil atendimentos no consult\u00f3rio Cacique Z\u00e9 Guilherme. Esse \u00e9 um programa que veio para mudar as realidades e chegar at\u00e9 a popula\u00e7\u00e3o que muitas vezes estava desassistida. Ele consegue encurtar dist\u00e2ncias e fazer a tecnologia ser a favor da vida, com o cuidado da sa\u00fade dessa popula\u00e7\u00e3o\u201d, destacou Kaylanne Alves, coordenadora do Centro de Sa\u00fade Dr. Adalto Coelho de Rezende, em Piripiri.<\/p>\n\n\n\n<figure class=\"wp-block-image size-large\"><img decoding=\"async\" loading=\"lazy\" width=\"1024\" height=\"682\" src=\"https:\/\/portal.pi.gov.br\/sesapi\/wp-content\/uploads\/sites\/101\/2026\/04\/5-1024x682.jpg\" alt=\"\" class=\"wp-image-10010\" srcset=\"https:\/\/portal.pi.gov.br\/sesapi\/wp-content\/uploads\/sites\/101\/2026\/04\/5-1024x682.jpg 1024w, https:\/\/portal.pi.gov.br\/sesapi\/wp-content\/uploads\/sites\/101\/2026\/04\/5-300x200.jpg 300w, https:\/\/portal.pi.gov.br\/sesapi\/wp-content\/uploads\/sites\/101\/2026\/04\/5-768x512.jpg 768w, https:\/\/portal.pi.gov.br\/sesapi\/wp-content\/uploads\/sites\/101\/2026\/04\/5-420x280.jpg 420w, https:\/\/portal.pi.gov.br\/sesapi\/wp-content\/uploads\/sites\/101\/2026\/04\/5-540x360.jpg 540w, https:\/\/portal.pi.gov.br\/sesapi\/wp-content\/uploads\/sites\/101\/2026\/04\/5-780x520.jpg 780w, https:\/\/portal.pi.gov.br\/sesapi\/wp-content\/uploads\/sites\/101\/2026\/04\/5-947x631.jpg 947w, https:\/\/portal.pi.gov.br\/sesapi\/wp-content\/uploads\/sites\/101\/2026\/04\/5-624x416.jpg 624w, https:\/\/portal.pi.gov.br\/sesapi\/wp-content\/uploads\/sites\/101\/2026\/04\/5-84x56.jpg 84w, https:\/\/portal.pi.gov.br\/sesapi\/wp-content\/uploads\/sites\/101\/2026\/04\/5.jpg 1280w\" sizes=\"(max-width: 1024px) 100vw, 1024px\" \/><figcaption class=\"wp-element-caption\">Foto: M\u00e1rcio Sales\/Sesapi<\/figcaption><\/figure>\n\n\n\n<p>Criado em 2023 pelo Governo do Estado, o aplicativo para dispositivos m\u00f3veis Piau\u00ed Sa\u00fade Digital disponibiliza consultas gratuitas com cl\u00ednico geral 24 horas, todos os dias da semana. O programa tamb\u00e9m est\u00e1 presente nos 224 munic\u00edpios piauienses, oferecendo consultas m\u00e9dicas remotas em diversas especialidades, al\u00e9m de servi\u00e7os de diagn\u00f3stico e acompanhamento cl\u00ednico.<\/p>\n\n\n\n<p>\u201cDurante o evento, temos a oportunidade de estar pr\u00f3ximos dos gestores, escutando, qualificando e orientando, mas o mais importante \u00e9 compartilhar as experi\u00eancias exitosas em rela\u00e7\u00e3o ao Piau\u00ed Sa\u00fade Digital. Isso mostra como usamos a tecnologia em favor do piauiense e da sa\u00fade p\u00fablica com muita qualidade\u201d, concluiu Gabriel Mauriz, diretor da Unidade de Sa\u00fade Digital da Secretaria de Sa\u00fade do Piau\u00ed (Sesapi).<\/p>\n","protected":false},"excerpt":{"rendered":"<p>Gestores e profissionais de sa\u00fade compartilharam, durante o primeiro dia do XV Congresso das Secretarias Municipais de Sa\u00fade do Piau\u00ed, nesta quarta-feira (22), as experi\u00eancias e os resultados alcan\u00e7ados pelos [&hellip;]<\/p>\n","protected":false},"author":1813,"featured_media":10007,"comment_status":"closed","ping_status":"closed","sticky":false,"template":"","format":"standard","meta":[],"categories":[30],"tags":[],"featured_image_urls":{"full":["https:\/\/portal.pi.gov.br\/sesapi\/wp-content\/uploads\/sites\/101\/2026\/04\/1-3.jpg",1280,853,false],"thumbnail":["https:\/\/portal.pi.gov.br\/sesapi\/wp-content\/uploads\/sites\/101\/2026\/04\/1-3-150x150.jpg",150,150,true],"medium":["https:\/\/portal.pi.gov.br\/sesapi\/wp-content\/uploads\/sites\/101\/2026\/04\/1-3-300x200.jpg",300,200,true],"medium_large":["https:\/\/portal.pi.gov.br\/sesapi\/wp-content\/uploads\/sites\/101\/2026\/04\/1-3-768x512.jpg",768,512,true],"large":["https:\/\/portal.pi.gov.br\/sesapi\/wp-content\/uploads\/sites\/101\/2026\/04\/1-3-1024x682.jpg",887,591,true],"sgg-420":["https:\/\/portal.pi.gov.br\/sesapi\/wp-content\/uploads\/sites\/101\/2026\/04\/1-3-420x280.jpg",420,280,true],"sgg-540":["https:\/\/portal.pi.gov.br\/sesapi\/wp-content\/uploads\/sites\/101\/2026\/04\/1-3-540x360.jpg",540,360,true],"sgg-780":["https:\/\/portal.pi.gov.br\/sesapi\/wp-content\/uploads\/sites\/101\/2026\/04\/1-3-780x520.jpg",780,520,true],"1536x1536":["https:\/\/portal.pi.gov.br\/sesapi\/wp-content\/uploads\/sites\/101\/2026\/04\/1-3.jpg",1280,853,false],"2048x2048":["https:\/\/portal.pi.gov.br\/sesapi\/wp-content\/uploads\/sites\/101\/2026\/04\/1-3.jpg",1280,853,false],"homepage-slider":["https:\/\/portal.pi.gov.br\/sesapi\/wp-content\/uploads\/sites\/101\/2026\/04\/1-3-1270x500.jpg",1270,500,true],"homepage-slider-small":["https:\/\/portal.pi.gov.br\/sesapi\/wp-content\/uploads\/sites\/101\/2026\/04\/1-3-947x500.jpg",947,500,true],"page-top":["https:\/\/portal.pi.gov.br\/sesapi\/wp-content\/uploads\/sites\/101\/2026\/04\/1-3-947x631.jpg",947,631,true],"page-small":["https:\/\/portal.pi.gov.br\/sesapi\/wp-content\/uploads\/sites\/101\/2026\/04\/1-3-624x416.jpg",624,416,true],"loop-main":["https:\/\/portal.pi.gov.br\/sesapi\/wp-content\/uploads\/sites\/101\/2026\/04\/1-3-365x240.jpg",365,240,true],"thumb-gallery-widget":["https:\/\/portal.pi.gov.br\/sesapi\/wp-content\/uploads\/sites\/101\/2026\/04\/1-3-84x56.jpg",84,56,true]},"post_excerpt_stackable":"<p>Gestores e profissionais de sa\u00fade compartilharam, durante o primeiro dia do XV Congresso das Secretarias Municipais de Sa\u00fade do Piau\u00ed, nesta quarta-feira (22), as experi\u00eancias e os resultados alcan\u00e7ados pelos seus munic\u00edpios ap\u00f3s a ades\u00e3o ao programa Piau\u00ed Sa\u00fade Digital. Os relatos comprovam a consolida\u00e7\u00e3o da iniciativa como um marco na interioriza\u00e7\u00e3o da assist\u00eancia m\u00e9dica especializada. Foto: M\u00e1rcio Sales\/Sesapi O evento, realizado em Teresina pelo Conselho das Secretarias Municipais de Sa\u00fade do Piau\u00ed (Cosems), destacou como a tecnologia tem sido empregada para superar barreiras geogr\u00e1ficas, ampliando o acesso \u00e0 sa\u00fade para a popula\u00e7\u00e3o e transformando a realidade de diversos munic\u00edpios&hellip;<\/p>\n","category_list":"<a href=\"https:\/\/portal.pi.gov.br\/sesapi\/category\/noticias\/\" rel=\"category tag\">Not\u00edcias<\/a>","author_info":{"name":"brenocavalcante","url":"https:\/\/portal.pi.gov.br\/sesapi\/author\/brenocavalcante\/"},"comments_num":"0 coment\u00e1rio","featured_image_urls_v2":{"full":["https:\/\/portal.pi.gov.br\/sesapi\/wp-content\/uploads\/sites\/101\/2026\/04\/1-3.jpg",1280,853,false],"thumbnail":["https:\/\/portal.pi.gov.br\/sesapi\/wp-content\/uploads\/sites\/101\/2026\/04\/1-3-150x150.jpg",150,150,true],"medium":["https:\/\/portal.pi.gov.br\/sesapi\/wp-content\/uploads\/sites\/101\/2026\/04\/1-3-300x200.jpg",300,200,true],"medium_large":["https:\/\/portal.pi.gov.br\/sesapi\/wp-content\/uploads\/sites\/101\/2026\/04\/1-3-768x512.jpg",768,512,true],"large":["https:\/\/portal.pi.gov.br\/sesapi\/wp-content\/uploads\/sites\/101\/2026\/04\/1-3-1024x682.jpg",887,591,true],"sgg-420":["https:\/\/portal.pi.gov.br\/sesapi\/wp-content\/uploads\/sites\/101\/2026\/04\/1-3-420x280.jpg",420,280,true],"sgg-540":["https:\/\/portal.pi.gov.br\/sesapi\/wp-content\/uploads\/sites\/101\/2026\/04\/1-3-540x360.jpg",540,360,true],"sgg-780":["https:\/\/portal.pi.gov.br\/sesapi\/wp-content\/uploads\/sites\/101\/2026\/04\/1-3-780x520.jpg",780,520,true],"1536x1536":["https:\/\/portal.pi.gov.br\/sesapi\/wp-content\/uploads\/sites\/101\/2026\/04\/1-3.jpg",1280,853,false],"2048x2048":["https:\/\/portal.pi.gov.br\/sesapi\/wp-content\/uploads\/sites\/101\/2026\/04\/1-3.jpg",1280,853,false],"homepage-slider":["https:\/\/portal.pi.gov.br\/sesapi\/wp-content\/uploads\/sites\/101\/2026\/04\/1-3-1270x500.jpg",1270,500,true],"homepage-slider-small":["https:\/\/portal.pi.gov.br\/sesapi\/wp-content\/uploads\/sites\/101\/2026\/04\/1-3-947x500.jpg",947,500,true],"page-top":["https:\/\/portal.pi.gov.br\/sesapi\/wp-content\/uploads\/sites\/101\/2026\/04\/1-3-947x631.jpg",947,631,true],"page-small":["https:\/\/portal.pi.gov.br\/sesapi\/wp-content\/uploads\/sites\/101\/2026\/04\/1-3-624x416.jpg",624,416,true],"loop-main":["https:\/\/portal.pi.gov.br\/sesapi\/wp-content\/uploads\/sites\/101\/2026\/04\/1-3-365x240.jpg",365,240,true],"thumb-gallery-widget":["https:\/\/portal.pi.gov.br\/sesapi\/wp-content\/uploads\/sites\/101\/2026\/04\/1-3-84x56.jpg",84,56,true]},"post_excerpt_stackable_v2":"<p>Gestores e profissionais de sa\u00fade compartilharam, durante o primeiro dia do XV Congresso das Secretarias Municipais de Sa\u00fade do Piau\u00ed, nesta quarta-feira (22), as experi\u00eancias e os resultados alcan\u00e7ados pelos seus munic\u00edpios ap\u00f3s a ades\u00e3o ao programa Piau\u00ed Sa\u00fade Digital. Os relatos comprovam a consolida\u00e7\u00e3o da iniciativa como um marco na interioriza\u00e7\u00e3o da assist\u00eancia m\u00e9dica especializada. Foto: M\u00e1rcio Sales\/Sesapi O evento, realizado em Teresina pelo Conselho das Secretarias Municipais de Sa\u00fade do Piau\u00ed (Cosems), destacou como a tecnologia tem sido empregada para superar barreiras geogr\u00e1ficas, ampliando o acesso \u00e0 sa\u00fade para a popula\u00e7\u00e3o e transformando a realidade de diversos munic\u00edpios&hellip;<\/p>\n","category_list_v2":"<a href=\"https:\/\/portal.pi.gov.br\/sesapi\/category\/noticias\/\" rel=\"category tag\">Not\u00edcias<\/a>","author_info_v2":{"name":"brenocavalcante","url":"https:\/\/portal.pi.gov.br\/sesapi\/author\/brenocavalcante\/"},"comments_num_v2":"0 coment\u00e1rio","jetpack_featured_media_url":"https:\/\/portal.pi.gov.br\/sesapi\/wp-content\/uploads\/sites\/101\/2026\/04\/1-3.jpg","_links":{"self":[{"href":"https:\/\/portal.pi.gov.br\/sesapi\/wp-json\/wp\/v2\/posts\/10006"}],"collection":[{"href":"https:\/\/portal.pi.gov.br\/sesapi\/wp-json\/wp\/v2\/posts"}],"about":[{"href":"https:\/\/portal.pi.gov.br\/sesapi\/wp-json\/wp\/v2\/types\/post"}],"author":[{"embeddable":true,"href":"https:\/\/portal.pi.gov.br\/sesapi\/wp-json\/wp\/v2\/users\/1813"}],"replies":[{"embeddable":true,"href":"https:\/\/portal.pi.gov.br\/sesapi\/wp-json\/wp\/v2\/comments?post=10006"}],"version-history":[{"count":1,"href":"https:\/\/portal.pi.gov.br\/sesapi\/wp-json\/wp\/v2\/posts\/10006\/revisions"}],"predecessor-version":[{"id":10011,"href":"https:\/\/portal.pi.gov.br\/sesapi\/wp-json\/wp\/v2\/posts\/10006\/revisions\/10011"}],"wp:featuredmedia":[{"embeddable":true,"href":"https:\/\/portal.pi.gov.br\/sesapi\/wp-json\/wp\/v2\/media\/10007"}],"wp:attachment":[{"href":"https:\/\/portal.pi.gov.br\/sesapi\/wp-json\/wp\/v2\/media?parent=10006"}],"wp:term":[{"taxonomy":"category","embeddable":true,"href":"https:\/\/portal.pi.gov.br\/sesapi\/wp-json\/wp\/v2\/categories?post=10006"},{"taxonomy":"post_tag","embeddable":true,"href":"https:\/\/portal.pi.gov.br\/sesapi\/wp-json\/wp\/v2\/tags?post=10006"}],"curies":[{"name":"wp","href":"https:\/\/api.w.org\/{rel}","templated":true}]}}