{"id":10078,"date":"2026-04-26T15:23:50","date_gmt":"2026-04-26T18:23:50","guid":{"rendered":"https:\/\/portal.pi.gov.br\/sesapi\/?p=10078"},"modified":"2026-04-27T15:25:07","modified_gmt":"2026-04-27T18:25:07","slug":"carretinha-da-saude-leva-atendimentos-gratuitos-a-criancas-na-zona-rural-de-teresina","status":"publish","type":"post","link":"https:\/\/portal.pi.gov.br\/sesapi\/2026\/04\/26\/carretinha-da-saude-leva-atendimentos-gratuitos-a-criancas-na-zona-rural-de-teresina\/","title":{"rendered":"Carretinha da Sa\u00fade leva atendimentos gratuitos a crian\u00e7as na zona rural de Teresina"},"content":{"rendered":"\n<p><\/p>\n\n\n\n<p>A Carretinha da Sa\u00fade estar\u00e1 estacionada nesta segunda e ter\u00e7a-feira (27 e 28 de abril), em frente \u00e0 Unidade B\u00e1sica de Sa\u00fade (UBS) da Estrada da Usina Santana, levando uma s\u00e9rie de servi\u00e7os gratuitos voltados ao p\u00fablico infantil. A a\u00e7\u00e3o tem como foco a promo\u00e7\u00e3o da sa\u00fade e o atendimento integral de crian\u00e7as de 0 a 6 anos.<\/p>\n\n\n\n<p>Ao todo, ser\u00e3o atendidas 120 crian\u00e7as, sendo 60 por dia. A expectativa \u00e9 alcan\u00e7ar cerca de 360 atendimentos, considerando os servi\u00e7os ofertados nas tr\u00eas especialidades dispon\u00edveis durante a a\u00e7\u00e3o. A iniciativa busca facilitar o acesso a cuidados essenciais, especialmente para fam\u00edlias que vivem em regi\u00f5es mais afastadas.<\/p>\n\n\n\n<p>Durante os dois dias, tamb\u00e9m ser\u00e1 realizada a avalia\u00e7\u00e3o das cadernetas de vacina\u00e7\u00e3o, al\u00e9m da aplica\u00e7\u00e3o de vacinas para crian\u00e7as que estiverem com o esquema vacinal incompleto. As equipes de sa\u00fade ainda far\u00e3o a entrega de kits de higiene bucal, contendo escova e creme dental, refor\u00e7ando a import\u00e2ncia dos cuidados preventivos desde a inf\u00e2ncia.<\/p>\n\n\n\n<p>A programa\u00e7\u00e3o inclui ainda orienta\u00e7\u00f5es sobre sa\u00fade bucal, limpeza e aplica\u00e7\u00e3o de fl\u00faor, triagem auditiva por meio do teste da orelhinha, consultas com m\u00e9dico oftalmologista, exames de vis\u00e3o \u2014 como o teste do olhinho \u2014 e encaminhamento para aquisi\u00e7\u00e3o de \u00f3culos de grau, quando necess\u00e1rio. As crian\u00e7as tamb\u00e9m contar\u00e3o com acolhimento especial da equipe do programa Crian\u00e7a Feliz, com atividades l\u00fadicas e distribui\u00e7\u00e3o de lanches ao longo do atendimento.<\/p>\n","protected":false},"excerpt":{"rendered":"<p>A Carretinha da Sa\u00fade estar\u00e1 estacionada nesta segunda e ter\u00e7a-feira (27 e 28 de abril), em frente \u00e0 Unidade B\u00e1sica de Sa\u00fade (UBS) da Estrada da Usina Santana, levando uma [&hellip;]<\/p>\n","protected":false},"author":1814,"featured_media":10079,"comment_status":"closed","ping_status":"closed","sticky":false,"template":"","format":"standard","meta":[],"categories":[30],"tags":[142,43,36],"featured_image_urls":{"full":["https:\/\/portal.pi.gov.br\/sesapi\/wp-content\/uploads\/sites\/101\/2026\/04\/6997d842-542e-4614-972e-0e66bedd878e.jpg",1280,853,false],"thumbnail":["https:\/\/portal.pi.gov.br\/sesapi\/wp-content\/uploads\/sites\/101\/2026\/04\/6997d842-542e-4614-972e-0e66bedd878e-150x150.jpg",150,150,true],"medium":["https:\/\/portal.pi.gov.br\/sesapi\/wp-content\/uploads\/sites\/101\/2026\/04\/6997d842-542e-4614-972e-0e66bedd878e-300x200.jpg",300,200,true],"medium_large":["https:\/\/portal.pi.gov.br\/sesapi\/wp-content\/uploads\/sites\/101\/2026\/04\/6997d842-542e-4614-972e-0e66bedd878e-768x512.jpg",768,512,true],"large":["https:\/\/portal.pi.gov.br\/sesapi\/wp-content\/uploads\/sites\/101\/2026\/04\/6997d842-542e-4614-972e-0e66bedd878e-1024x682.jpg",887,591,true],"sgg-420":["https:\/\/portal.pi.gov.br\/sesapi\/wp-content\/uploads\/sites\/101\/2026\/04\/6997d842-542e-4614-972e-0e66bedd878e-420x280.jpg",420,280,true],"sgg-540":["https:\/\/portal.pi.gov.br\/sesapi\/wp-content\/uploads\/sites\/101\/2026\/04\/6997d842-542e-4614-972e-0e66bedd878e-540x360.jpg",540,360,true],"sgg-780":["https:\/\/portal.pi.gov.br\/sesapi\/wp-content\/uploads\/sites\/101\/2026\/04\/6997d842-542e-4614-972e-0e66bedd878e-780x520.jpg",780,520,true],"1536x1536":["https:\/\/portal.pi.gov.br\/sesapi\/wp-content\/uploads\/sites\/101\/2026\/04\/6997d842-542e-4614-972e-0e66bedd878e.jpg",1280,853,false],"2048x2048":["https:\/\/portal.pi.gov.br\/sesapi\/wp-content\/uploads\/sites\/101\/2026\/04\/6997d842-542e-4614-972e-0e66bedd878e.jpg",1280,853,false],"homepage-slider":["https:\/\/portal.pi.gov.br\/sesapi\/wp-content\/uploads\/sites\/101\/2026\/04\/6997d842-542e-4614-972e-0e66bedd878e-1270x500.jpg",1270,500,true],"homepage-slider-small":["https:\/\/portal.pi.gov.br\/sesapi\/wp-content\/uploads\/sites\/101\/2026\/04\/6997d842-542e-4614-972e-0e66bedd878e-947x500.jpg",947,500,true],"page-top":["https:\/\/portal.pi.gov.br\/sesapi\/wp-content\/uploads\/sites\/101\/2026\/04\/6997d842-542e-4614-972e-0e66bedd878e-947x631.jpg",947,631,true],"page-small":["https:\/\/portal.pi.gov.br\/sesapi\/wp-content\/uploads\/sites\/101\/2026\/04\/6997d842-542e-4614-972e-0e66bedd878e-624x416.jpg",624,416,true],"loop-main":["https:\/\/portal.pi.gov.br\/sesapi\/wp-content\/uploads\/sites\/101\/2026\/04\/6997d842-542e-4614-972e-0e66bedd878e-365x240.jpg",365,240,true],"thumb-gallery-widget":["https:\/\/portal.pi.gov.br\/sesapi\/wp-content\/uploads\/sites\/101\/2026\/04\/6997d842-542e-4614-972e-0e66bedd878e-84x56.jpg",84,56,true]},"post_excerpt_stackable":"<p>A Carretinha da Sa\u00fade estar\u00e1 estacionada nesta segunda e ter\u00e7a-feira (27 e 28 de abril), em frente \u00e0 Unidade B\u00e1sica de Sa\u00fade (UBS) da Estrada da Usina Santana, levando uma s\u00e9rie de servi\u00e7os gratuitos voltados ao p\u00fablico infantil. A a\u00e7\u00e3o tem como foco a promo\u00e7\u00e3o da sa\u00fade e o atendimento integral de crian\u00e7as de 0 a 6 anos. Ao todo, ser\u00e3o atendidas 120 crian\u00e7as, sendo 60 por dia. A expectativa \u00e9 alcan\u00e7ar cerca de 360 atendimentos, considerando os servi\u00e7os ofertados nas tr\u00eas especialidades dispon\u00edveis durante a a\u00e7\u00e3o. A iniciativa busca facilitar o acesso a cuidados essenciais, especialmente para fam\u00edlias que&hellip;<\/p>\n","category_list":"<a href=\"https:\/\/portal.pi.gov.br\/sesapi\/category\/noticias\/\" rel=\"category tag\">Not\u00edcias<\/a>","author_info":{"name":"elisangelapegado","url":"https:\/\/portal.pi.gov.br\/sesapi\/author\/elisangelapegado\/"},"comments_num":"0 coment\u00e1rio","featured_image_urls_v2":{"full":["https:\/\/portal.pi.gov.br\/sesapi\/wp-content\/uploads\/sites\/101\/2026\/04\/6997d842-542e-4614-972e-0e66bedd878e.jpg",1280,853,false],"thumbnail":["https:\/\/portal.pi.gov.br\/sesapi\/wp-content\/uploads\/sites\/101\/2026\/04\/6997d842-542e-4614-972e-0e66bedd878e-150x150.jpg",150,150,true],"medium":["https:\/\/portal.pi.gov.br\/sesapi\/wp-content\/uploads\/sites\/101\/2026\/04\/6997d842-542e-4614-972e-0e66bedd878e-300x200.jpg",300,200,true],"medium_large":["https:\/\/portal.pi.gov.br\/sesapi\/wp-content\/uploads\/sites\/101\/2026\/04\/6997d842-542e-4614-972e-0e66bedd878e-768x512.jpg",768,512,true],"large":["https:\/\/portal.pi.gov.br\/sesapi\/wp-content\/uploads\/sites\/101\/2026\/04\/6997d842-542e-4614-972e-0e66bedd878e-1024x682.jpg",887,591,true],"sgg-420":["https:\/\/portal.pi.gov.br\/sesapi\/wp-content\/uploads\/sites\/101\/2026\/04\/6997d842-542e-4614-972e-0e66bedd878e-420x280.jpg",420,280,true],"sgg-540":["https:\/\/portal.pi.gov.br\/sesapi\/wp-content\/uploads\/sites\/101\/2026\/04\/6997d842-542e-4614-972e-0e66bedd878e-540x360.jpg",540,360,true],"sgg-780":["https:\/\/portal.pi.gov.br\/sesapi\/wp-content\/uploads\/sites\/101\/2026\/04\/6997d842-542e-4614-972e-0e66bedd878e-780x520.jpg",780,520,true],"1536x1536":["https:\/\/portal.pi.gov.br\/sesapi\/wp-content\/uploads\/sites\/101\/2026\/04\/6997d842-542e-4614-972e-0e66bedd878e.jpg",1280,853,false],"2048x2048":["https:\/\/portal.pi.gov.br\/sesapi\/wp-content\/uploads\/sites\/101\/2026\/04\/6997d842-542e-4614-972e-0e66bedd878e.jpg",1280,853,false],"homepage-slider":["https:\/\/portal.pi.gov.br\/sesapi\/wp-content\/uploads\/sites\/101\/2026\/04\/6997d842-542e-4614-972e-0e66bedd878e-1270x500.jpg",1270,500,true],"homepage-slider-small":["https:\/\/portal.pi.gov.br\/sesapi\/wp-content\/uploads\/sites\/101\/2026\/04\/6997d842-542e-4614-972e-0e66bedd878e-947x500.jpg",947,500,true],"page-top":["https:\/\/portal.pi.gov.br\/sesapi\/wp-content\/uploads\/sites\/101\/2026\/04\/6997d842-542e-4614-972e-0e66bedd878e-947x631.jpg",947,631,true],"page-small":["https:\/\/portal.pi.gov.br\/sesapi\/wp-content\/uploads\/sites\/101\/2026\/04\/6997d842-542e-4614-972e-0e66bedd878e-624x416.jpg",624,416,true],"loop-main":["https:\/\/portal.pi.gov.br\/sesapi\/wp-content\/uploads\/sites\/101\/2026\/04\/6997d842-542e-4614-972e-0e66bedd878e-365x240.jpg",365,240,true],"thumb-gallery-widget":["https:\/\/portal.pi.gov.br\/sesapi\/wp-content\/uploads\/sites\/101\/2026\/04\/6997d842-542e-4614-972e-0e66bedd878e-84x56.jpg",84,56,true]},"post_excerpt_stackable_v2":"<p>A Carretinha da Sa\u00fade estar\u00e1 estacionada nesta segunda e ter\u00e7a-feira (27 e 28 de abril), em frente \u00e0 Unidade B\u00e1sica de Sa\u00fade (UBS) da Estrada da Usina Santana, levando uma s\u00e9rie de servi\u00e7os gratuitos voltados ao p\u00fablico infantil. A a\u00e7\u00e3o tem como foco a promo\u00e7\u00e3o da sa\u00fade e o atendimento integral de crian\u00e7as de 0 a 6 anos. Ao todo, ser\u00e3o atendidas 120 crian\u00e7as, sendo 60 por dia. A expectativa \u00e9 alcan\u00e7ar cerca de 360 atendimentos, considerando os servi\u00e7os ofertados nas tr\u00eas especialidades dispon\u00edveis durante a a\u00e7\u00e3o. A iniciativa busca facilitar o acesso a cuidados essenciais, especialmente para fam\u00edlias que&hellip;<\/p>\n","category_list_v2":"<a href=\"https:\/\/portal.pi.gov.br\/sesapi\/category\/noticias\/\" rel=\"category tag\">Not\u00edcias<\/a>","author_info_v2":{"name":"elisangelapegado","url":"https:\/\/portal.pi.gov.br\/sesapi\/author\/elisangelapegado\/"},"comments_num_v2":"0 coment\u00e1rio","jetpack_featured_media_url":"https:\/\/portal.pi.gov.br\/sesapi\/wp-content\/uploads\/sites\/101\/2026\/04\/6997d842-542e-4614-972e-0e66bedd878e.jpg","_links":{"self":[{"href":"https:\/\/portal.pi.gov.br\/sesapi\/wp-json\/wp\/v2\/posts\/10078"}],"collection":[{"href":"https:\/\/portal.pi.gov.br\/sesapi\/wp-json\/wp\/v2\/posts"}],"about":[{"href":"https:\/\/portal.pi.gov.br\/sesapi\/wp-json\/wp\/v2\/types\/post"}],"author":[{"embeddable":true,"href":"https:\/\/portal.pi.gov.br\/sesapi\/wp-json\/wp\/v2\/users\/1814"}],"replies":[{"embeddable":true,"href":"https:\/\/portal.pi.gov.br\/sesapi\/wp-json\/wp\/v2\/comments?post=10078"}],"version-history":[{"count":1,"href":"https:\/\/portal.pi.gov.br\/sesapi\/wp-json\/wp\/v2\/posts\/10078\/revisions"}],"predecessor-version":[{"id":10080,"href":"https:\/\/portal.pi.gov.br\/sesapi\/wp-json\/wp\/v2\/posts\/10078\/revisions\/10080"}],"wp:featuredmedia":[{"embeddable":true,"href":"https:\/\/portal.pi.gov.br\/sesapi\/wp-json\/wp\/v2\/media\/10079"}],"wp:attachment":[{"href":"https:\/\/portal.pi.gov.br\/sesapi\/wp-json\/wp\/v2\/media?parent=10078"}],"wp:term":[{"taxonomy":"category","embeddable":true,"href":"https:\/\/portal.pi.gov.br\/sesapi\/wp-json\/wp\/v2\/categories?post=10078"},{"taxonomy":"post_tag","embeddable":true,"href":"https:\/\/portal.pi.gov.br\/sesapi\/wp-json\/wp\/v2\/tags?post=10078"}],"curies":[{"name":"wp","href":"https:\/\/api.w.org\/{rel}","templated":true}]}}