{"id":10087,"date":"2026-04-28T12:45:05","date_gmt":"2026-04-28T15:45:05","guid":{"rendered":"https:\/\/portal.pi.gov.br\/sesapi\/?p=10087"},"modified":"2026-04-28T12:45:07","modified_gmt":"2026-04-28T15:45:07","slug":"sesapi-qualifica-equipes-de-saude-do-sistema-prisional-e-reforca-atencao-primaria-a-saude-no-piaui","status":"publish","type":"post","link":"https:\/\/portal.pi.gov.br\/sesapi\/2026\/04\/28\/sesapi-qualifica-equipes-de-saude-do-sistema-prisional-e-reforca-atencao-primaria-a-saude-no-piaui\/","title":{"rendered":"Sesapi qualifica equipes de sa\u00fade do sistema prisional e refor\u00e7a aten\u00e7\u00e3o prim\u00e1ria \u00e0 sa\u00fade no Piau\u00ed"},"content":{"rendered":"\n<p>A Secretaria de Estado da Sa\u00fade do Piau\u00ed (Sesapi), por meio da Ger\u00eancia de Aten\u00e7\u00e3o Prim\u00e1ria \u00e0 Sa\u00fade, realiza, nos dias 29 e 30, a qualifica\u00e7\u00e3o das equipes de sa\u00fade que atuam no sistema prisional do estado, em uma a\u00e7\u00e3o estrat\u00e9gica voltada ao fortalecimento da assist\u00eancia e da vigil\u00e2ncia em sa\u00fade nesse contexto.<\/p>\n\n\n\n<p>A capacita\u00e7\u00e3o re\u00fane profissionais das 17 unidades prisionais do Piau\u00ed, fortalecendo a atua\u00e7\u00e3o das equipes de Aten\u00e7\u00e3o Prim\u00e1ria Prisional (eAPP), promovendo a integra\u00e7\u00e3o das a\u00e7\u00f5es e a troca de experi\u00eancias entre os territ\u00f3rios.<\/p>\n\n\n\n<figure class=\"wp-block-image size-large\"><img decoding=\"async\" loading=\"lazy\" width=\"1024\" height=\"683\" src=\"https:\/\/portal.pi.gov.br\/sesapi\/wp-content\/uploads\/sites\/101\/2026\/04\/2976-1984-max-2-1024x683.jpg\" alt=\"\" class=\"wp-image-10094\" srcset=\"https:\/\/portal.pi.gov.br\/sesapi\/wp-content\/uploads\/sites\/101\/2026\/04\/2976-1984-max-2-1024x683.jpg 1024w, https:\/\/portal.pi.gov.br\/sesapi\/wp-content\/uploads\/sites\/101\/2026\/04\/2976-1984-max-2-300x200.jpg 300w, https:\/\/portal.pi.gov.br\/sesapi\/wp-content\/uploads\/sites\/101\/2026\/04\/2976-1984-max-2-768x512.jpg 768w, https:\/\/portal.pi.gov.br\/sesapi\/wp-content\/uploads\/sites\/101\/2026\/04\/2976-1984-max-2-420x280.jpg 420w, https:\/\/portal.pi.gov.br\/sesapi\/wp-content\/uploads\/sites\/101\/2026\/04\/2976-1984-max-2-540x360.jpg 540w, https:\/\/portal.pi.gov.br\/sesapi\/wp-content\/uploads\/sites\/101\/2026\/04\/2976-1984-max-2-780x520.jpg 780w, https:\/\/portal.pi.gov.br\/sesapi\/wp-content\/uploads\/sites\/101\/2026\/04\/2976-1984-max-2-1536x1024.jpg 1536w, https:\/\/portal.pi.gov.br\/sesapi\/wp-content\/uploads\/sites\/101\/2026\/04\/2976-1984-max-2-2048x1365.jpg 2048w, https:\/\/portal.pi.gov.br\/sesapi\/wp-content\/uploads\/sites\/101\/2026\/04\/2976-1984-max-2-947x631.jpg 947w, https:\/\/portal.pi.gov.br\/sesapi\/wp-content\/uploads\/sites\/101\/2026\/04\/2976-1984-max-2-624x416.jpg 624w, https:\/\/portal.pi.gov.br\/sesapi\/wp-content\/uploads\/sites\/101\/2026\/04\/2976-1984-max-2-84x56.jpg 84w\" sizes=\"(max-width: 1024px) 100vw, 1024px\" \/><figcaption class=\"wp-element-caption\">Visita realizada \u00e0 penitenciara Major C\u00e9sar Foto: M\u00e1rcio Sales\/Ascom Sesapi<\/figcaption><\/figure>\n\n\n\n<p>Durante os dois dias de atividades, s\u00e3o abordados temas priorit\u00e1rios como tuberculose, hansen\u00edase, infec\u00e7\u00f5es sexualmente transmiss\u00edveis (ISTs), HIV e AIDS, com foco na atualiza\u00e7\u00e3o dos protocolos cl\u00ednicos, no manejo adequado dos casos e no fortalecimento das estrat\u00e9gias de vigil\u00e2ncia em sa\u00fade, diagn\u00f3stico precoce e ades\u00e3o ao tratamento.<\/p>\n\n\n\n<p>A superintendente de Aten\u00e7\u00e3o Prim\u00e1ria \u00e0 Sa\u00fade e Munic\u00edpios da Sesapi, Leila Santos, destaca a import\u00e2ncia da iniciativa para o fortalecimento da rede de cuidado no sistema prisional. \u201cEstamos qualificando nossas equipes para garantir um atendimento cada vez mais resolutivo, humanizado e baseado em evid\u00eancias. A Aten\u00e7\u00e3o Prim\u00e1ria tem um papel fundamental nesse processo, assegurando o acesso \u00e0 sa\u00fade tamb\u00e9m \u00e0s pessoas privadas de liberdade e contribuindo para o controle de doen\u00e7as dentro e fora das unidades prisionais\u201d, afirma.<\/p>\n\n\n\n<p>A iniciativa contribui diretamente para a qualifica\u00e7\u00e3o do cuidado ofertado \u00e0 popula\u00e7\u00e3o privada de liberdade, ampliando a resolutividade das a\u00e7\u00f5es de sa\u00fade e reduzindo os riscos de transmiss\u00e3o de doen\u00e7as no ambiente prisional, que demanda aten\u00e7\u00e3o cont\u00ednua e especializada.<\/p>\n","protected":false},"excerpt":{"rendered":"<p>A Secretaria de Estado da Sa\u00fade do Piau\u00ed (Sesapi), por meio da Ger\u00eancia de Aten\u00e7\u00e3o Prim\u00e1ria \u00e0 Sa\u00fade, realiza, nos dias 29 e 30, a qualifica\u00e7\u00e3o das equipes de sa\u00fade [&hellip;]<\/p>\n","protected":false},"author":1823,"featured_media":10094,"comment_status":"closed","ping_status":"closed","sticky":false,"template":"","format":"standard","meta":[],"categories":[30],"tags":[142,43,36],"featured_image_urls":{"full":["https:\/\/portal.pi.gov.br\/sesapi\/wp-content\/uploads\/sites\/101\/2026\/04\/2976-1984-max-2-scaled.jpg",2560,1707,false],"thumbnail":["https:\/\/portal.pi.gov.br\/sesapi\/wp-content\/uploads\/sites\/101\/2026\/04\/2976-1984-max-2-150x150.jpg",150,150,true],"medium":["https:\/\/portal.pi.gov.br\/sesapi\/wp-content\/uploads\/sites\/101\/2026\/04\/2976-1984-max-2-300x200.jpg",300,200,true],"medium_large":["https:\/\/portal.pi.gov.br\/sesapi\/wp-content\/uploads\/sites\/101\/2026\/04\/2976-1984-max-2-768x512.jpg",768,512,true],"large":["https:\/\/portal.pi.gov.br\/sesapi\/wp-content\/uploads\/sites\/101\/2026\/04\/2976-1984-max-2-1024x683.jpg",887,592,true],"sgg-420":["https:\/\/portal.pi.gov.br\/sesapi\/wp-content\/uploads\/sites\/101\/2026\/04\/2976-1984-max-2-420x280.jpg",420,280,true],"sgg-540":["https:\/\/portal.pi.gov.br\/sesapi\/wp-content\/uploads\/sites\/101\/2026\/04\/2976-1984-max-2-540x360.jpg",540,360,true],"sgg-780":["https:\/\/portal.pi.gov.br\/sesapi\/wp-content\/uploads\/sites\/101\/2026\/04\/2976-1984-max-2-780x520.jpg",780,520,true],"1536x1536":["https:\/\/portal.pi.gov.br\/sesapi\/wp-content\/uploads\/sites\/101\/2026\/04\/2976-1984-max-2-1536x1024.jpg",1536,1024,true],"2048x2048":["https:\/\/portal.pi.gov.br\/sesapi\/wp-content\/uploads\/sites\/101\/2026\/04\/2976-1984-max-2-2048x1365.jpg",2048,1365,true],"homepage-slider":["https:\/\/portal.pi.gov.br\/sesapi\/wp-content\/uploads\/sites\/101\/2026\/04\/2976-1984-max-2-1270x500.jpg",1270,500,true],"homepage-slider-small":["https:\/\/portal.pi.gov.br\/sesapi\/wp-content\/uploads\/sites\/101\/2026\/04\/2976-1984-max-2-947x500.jpg",947,500,true],"page-top":["https:\/\/portal.pi.gov.br\/sesapi\/wp-content\/uploads\/sites\/101\/2026\/04\/2976-1984-max-2-947x631.jpg",947,631,true],"page-small":["https:\/\/portal.pi.gov.br\/sesapi\/wp-content\/uploads\/sites\/101\/2026\/04\/2976-1984-max-2-624x416.jpg",624,416,true],"loop-main":["https:\/\/portal.pi.gov.br\/sesapi\/wp-content\/uploads\/sites\/101\/2026\/04\/2976-1984-max-2-365x240.jpg",365,240,true],"thumb-gallery-widget":["https:\/\/portal.pi.gov.br\/sesapi\/wp-content\/uploads\/sites\/101\/2026\/04\/2976-1984-max-2-84x56.jpg",84,56,true]},"post_excerpt_stackable":"<p>A Secretaria de Estado da Sa\u00fade do Piau\u00ed (Sesapi), por meio da Ger\u00eancia de Aten\u00e7\u00e3o Prim\u00e1ria \u00e0 Sa\u00fade, realiza, nos dias 29 e 30, a qualifica\u00e7\u00e3o das equipes de sa\u00fade que atuam no sistema prisional do estado, em uma a\u00e7\u00e3o estrat\u00e9gica voltada ao fortalecimento da assist\u00eancia e da vigil\u00e2ncia em sa\u00fade nesse contexto. A capacita\u00e7\u00e3o re\u00fane profissionais das 17 unidades prisionais do Piau\u00ed, fortalecendo a atua\u00e7\u00e3o das equipes de Aten\u00e7\u00e3o Prim\u00e1ria Prisional (eAPP), promovendo a integra\u00e7\u00e3o das a\u00e7\u00f5es e a troca de experi\u00eancias entre os territ\u00f3rios. Visita realizada \u00e0 penitenciara Major C\u00e9sar Foto: M\u00e1rcio Sales\/Ascom Sesapi Durante os dois dias&hellip;<\/p>\n","category_list":"<a href=\"https:\/\/portal.pi.gov.br\/sesapi\/category\/noticias\/\" rel=\"category tag\">Not\u00edcias<\/a>","author_info":{"name":"renatodias","url":"https:\/\/portal.pi.gov.br\/sesapi\/author\/renatodias\/"},"comments_num":"0 coment\u00e1rio","featured_image_urls_v2":{"full":["https:\/\/portal.pi.gov.br\/sesapi\/wp-content\/uploads\/sites\/101\/2026\/04\/2976-1984-max-2-scaled.jpg",2560,1707,false],"thumbnail":["https:\/\/portal.pi.gov.br\/sesapi\/wp-content\/uploads\/sites\/101\/2026\/04\/2976-1984-max-2-150x150.jpg",150,150,true],"medium":["https:\/\/portal.pi.gov.br\/sesapi\/wp-content\/uploads\/sites\/101\/2026\/04\/2976-1984-max-2-300x200.jpg",300,200,true],"medium_large":["https:\/\/portal.pi.gov.br\/sesapi\/wp-content\/uploads\/sites\/101\/2026\/04\/2976-1984-max-2-768x512.jpg",768,512,true],"large":["https:\/\/portal.pi.gov.br\/sesapi\/wp-content\/uploads\/sites\/101\/2026\/04\/2976-1984-max-2-1024x683.jpg",887,592,true],"sgg-420":["https:\/\/portal.pi.gov.br\/sesapi\/wp-content\/uploads\/sites\/101\/2026\/04\/2976-1984-max-2-420x280.jpg",420,280,true],"sgg-540":["https:\/\/portal.pi.gov.br\/sesapi\/wp-content\/uploads\/sites\/101\/2026\/04\/2976-1984-max-2-540x360.jpg",540,360,true],"sgg-780":["https:\/\/portal.pi.gov.br\/sesapi\/wp-content\/uploads\/sites\/101\/2026\/04\/2976-1984-max-2-780x520.jpg",780,520,true],"1536x1536":["https:\/\/portal.pi.gov.br\/sesapi\/wp-content\/uploads\/sites\/101\/2026\/04\/2976-1984-max-2-1536x1024.jpg",1536,1024,true],"2048x2048":["https:\/\/portal.pi.gov.br\/sesapi\/wp-content\/uploads\/sites\/101\/2026\/04\/2976-1984-max-2-2048x1365.jpg",2048,1365,true],"homepage-slider":["https:\/\/portal.pi.gov.br\/sesapi\/wp-content\/uploads\/sites\/101\/2026\/04\/2976-1984-max-2-1270x500.jpg",1270,500,true],"homepage-slider-small":["https:\/\/portal.pi.gov.br\/sesapi\/wp-content\/uploads\/sites\/101\/2026\/04\/2976-1984-max-2-947x500.jpg",947,500,true],"page-top":["https:\/\/portal.pi.gov.br\/sesapi\/wp-content\/uploads\/sites\/101\/2026\/04\/2976-1984-max-2-947x631.jpg",947,631,true],"page-small":["https:\/\/portal.pi.gov.br\/sesapi\/wp-content\/uploads\/sites\/101\/2026\/04\/2976-1984-max-2-624x416.jpg",624,416,true],"loop-main":["https:\/\/portal.pi.gov.br\/sesapi\/wp-content\/uploads\/sites\/101\/2026\/04\/2976-1984-max-2-365x240.jpg",365,240,true],"thumb-gallery-widget":["https:\/\/portal.pi.gov.br\/sesapi\/wp-content\/uploads\/sites\/101\/2026\/04\/2976-1984-max-2-84x56.jpg",84,56,true]},"post_excerpt_stackable_v2":"<p>A Secretaria de Estado da Sa\u00fade do Piau\u00ed (Sesapi), por meio da Ger\u00eancia de Aten\u00e7\u00e3o Prim\u00e1ria \u00e0 Sa\u00fade, realiza, nos dias 29 e 30, a qualifica\u00e7\u00e3o das equipes de sa\u00fade que atuam no sistema prisional do estado, em uma a\u00e7\u00e3o estrat\u00e9gica voltada ao fortalecimento da assist\u00eancia e da vigil\u00e2ncia em sa\u00fade nesse contexto. A capacita\u00e7\u00e3o re\u00fane profissionais das 17 unidades prisionais do Piau\u00ed, fortalecendo a atua\u00e7\u00e3o das equipes de Aten\u00e7\u00e3o Prim\u00e1ria Prisional (eAPP), promovendo a integra\u00e7\u00e3o das a\u00e7\u00f5es e a troca de experi\u00eancias entre os territ\u00f3rios. Visita realizada \u00e0 penitenciara Major C\u00e9sar Foto: M\u00e1rcio Sales\/Ascom Sesapi Durante os dois dias&hellip;<\/p>\n","category_list_v2":"<a href=\"https:\/\/portal.pi.gov.br\/sesapi\/category\/noticias\/\" rel=\"category tag\">Not\u00edcias<\/a>","author_info_v2":{"name":"renatodias","url":"https:\/\/portal.pi.gov.br\/sesapi\/author\/renatodias\/"},"comments_num_v2":"0 coment\u00e1rio","jetpack_featured_media_url":"https:\/\/portal.pi.gov.br\/sesapi\/wp-content\/uploads\/sites\/101\/2026\/04\/2976-1984-max-2-scaled.jpg","_links":{"self":[{"href":"https:\/\/portal.pi.gov.br\/sesapi\/wp-json\/wp\/v2\/posts\/10087"}],"collection":[{"href":"https:\/\/portal.pi.gov.br\/sesapi\/wp-json\/wp\/v2\/posts"}],"about":[{"href":"https:\/\/portal.pi.gov.br\/sesapi\/wp-json\/wp\/v2\/types\/post"}],"author":[{"embeddable":true,"href":"https:\/\/portal.pi.gov.br\/sesapi\/wp-json\/wp\/v2\/users\/1823"}],"replies":[{"embeddable":true,"href":"https:\/\/portal.pi.gov.br\/sesapi\/wp-json\/wp\/v2\/comments?post=10087"}],"version-history":[{"count":1,"href":"https:\/\/portal.pi.gov.br\/sesapi\/wp-json\/wp\/v2\/posts\/10087\/revisions"}],"predecessor-version":[{"id":10095,"href":"https:\/\/portal.pi.gov.br\/sesapi\/wp-json\/wp\/v2\/posts\/10087\/revisions\/10095"}],"wp:featuredmedia":[{"embeddable":true,"href":"https:\/\/portal.pi.gov.br\/sesapi\/wp-json\/wp\/v2\/media\/10094"}],"wp:attachment":[{"href":"https:\/\/portal.pi.gov.br\/sesapi\/wp-json\/wp\/v2\/media?parent=10087"}],"wp:term":[{"taxonomy":"category","embeddable":true,"href":"https:\/\/portal.pi.gov.br\/sesapi\/wp-json\/wp\/v2\/categories?post=10087"},{"taxonomy":"post_tag","embeddable":true,"href":"https:\/\/portal.pi.gov.br\/sesapi\/wp-json\/wp\/v2\/tags?post=10087"}],"curies":[{"name":"wp","href":"https:\/\/api.w.org\/{rel}","templated":true}]}}