{"id":10096,"date":"2026-04-28T13:03:27","date_gmt":"2026-04-28T16:03:27","guid":{"rendered":"https:\/\/portal.pi.gov.br\/sesapi\/?p=10096"},"modified":"2026-04-28T13:03:28","modified_gmt":"2026-04-28T16:03:28","slug":"fortalecimento-da-aps-sesapi-realiza-qualificacao-dos-indicadores-saude-brasil-360-no-piaui","status":"publish","type":"post","link":"https:\/\/portal.pi.gov.br\/sesapi\/2026\/04\/28\/fortalecimento-da-aps-sesapi-realiza-qualificacao-dos-indicadores-saude-brasil-360-no-piaui\/","title":{"rendered":"Fortalecimento da APS: Sesapi realiza qualifica\u00e7\u00e3o dos indicadores Sa\u00fade Brasil 360 no Piau\u00ed"},"content":{"rendered":"\n<p>A Secretaria de Estado da Sa\u00fade do Piau\u00ed (Sesapi), por meio da Ger\u00eancia de Aten\u00e7\u00e3o Prim\u00e1ria, realiza a oficina APS em Foco: Indicadores Sa\u00fade Brasil 360 no Piau\u00ed, voltada a profissionais dos territ\u00f3rios do Vale do Itaim e Vale do Guaribas. O encontro acontece nos dias 28 e 29 de abril, das 8h \u00e0s 17h, no campus Senador Helv\u00eddio Nunes de Barros da UFPI, em Picos.<\/p>\n\n\n\n<p>A atividade \u00e9 direcionada a coordenadores da Aten\u00e7\u00e3o Prim\u00e1ria \u00e0 Sa\u00fade (APS), coordenadores de sa\u00fade bucal e equipes eMulti, com foco no fortalecimento do monitoramento e na qualifica\u00e7\u00e3o dos indicadores da APS. <\/p>\n\n\n\n<figure class=\"wp-block-image size-large\"><img decoding=\"async\" loading=\"lazy\" width=\"1024\" height=\"769\" src=\"https:\/\/portal.pi.gov.br\/sesapi\/wp-content\/uploads\/sites\/101\/2026\/04\/WhatsApp-Image-2026-04-28-at-12.59.12-1024x769.jpeg\" alt=\"\" class=\"wp-image-10099\" srcset=\"https:\/\/portal.pi.gov.br\/sesapi\/wp-content\/uploads\/sites\/101\/2026\/04\/WhatsApp-Image-2026-04-28-at-12.59.12-1024x769.jpeg 1024w, https:\/\/portal.pi.gov.br\/sesapi\/wp-content\/uploads\/sites\/101\/2026\/04\/WhatsApp-Image-2026-04-28-at-12.59.12-300x225.jpeg 300w, https:\/\/portal.pi.gov.br\/sesapi\/wp-content\/uploads\/sites\/101\/2026\/04\/WhatsApp-Image-2026-04-28-at-12.59.12-768x576.jpeg 768w, https:\/\/portal.pi.gov.br\/sesapi\/wp-content\/uploads\/sites\/101\/2026\/04\/WhatsApp-Image-2026-04-28-at-12.59.12-420x315.jpeg 420w, https:\/\/portal.pi.gov.br\/sesapi\/wp-content\/uploads\/sites\/101\/2026\/04\/WhatsApp-Image-2026-04-28-at-12.59.12-540x405.jpeg 540w, https:\/\/portal.pi.gov.br\/sesapi\/wp-content\/uploads\/sites\/101\/2026\/04\/WhatsApp-Image-2026-04-28-at-12.59.12-780x585.jpeg 780w, https:\/\/portal.pi.gov.br\/sesapi\/wp-content\/uploads\/sites\/101\/2026\/04\/WhatsApp-Image-2026-04-28-at-12.59.12-1536x1153.jpeg 1536w, https:\/\/portal.pi.gov.br\/sesapi\/wp-content\/uploads\/sites\/101\/2026\/04\/WhatsApp-Image-2026-04-28-at-12.59.12-947x711.jpeg 947w, https:\/\/portal.pi.gov.br\/sesapi\/wp-content\/uploads\/sites\/101\/2026\/04\/WhatsApp-Image-2026-04-28-at-12.59.12-624x468.jpeg 624w, https:\/\/portal.pi.gov.br\/sesapi\/wp-content\/uploads\/sites\/101\/2026\/04\/WhatsApp-Image-2026-04-28-at-12.59.12.jpeg 1600w\" sizes=\"(max-width: 1024px) 100vw, 1024px\" \/><figcaption class=\"wp-element-caption\">Oficina APS em Foco na regi\u00e3o do Vale do Guaribas, em Picos<\/figcaption><\/figure>\n\n\n\n<p>\u201cInvestir na qualifica\u00e7\u00e3o cont\u00ednua das equipes da Aten\u00e7\u00e3o Prim\u00e1ria \u00e9 essencial para garantir um cuidado mais resolutivo e oportuno consoantes com as necessidades da popula\u00e7\u00e3o. Ao aprimorar o uso dos indicadores, fortalecemos a tomada de decis\u00e3o baseada em evid\u00eancias e ampliamos a capacidade dos munic\u00edpios de responder de forma mais eficiente aos desafios de sa\u00fade nos territ\u00f3rios\u201d, destaca Virg\u00ednia Pinheiro, coordenadora estadual da APS.<\/p>\n\n\n\n<p>Durante as oficinas, os participantes ter\u00e3o acesso a ferramentas pr\u00e1ticas para an\u00e1lise de dados, planejamento e acompanhamento de metas, al\u00e9m de momentos de troca de experi\u00eancias entre os munic\u00edpios. A proposta \u00e9 alinhar estrat\u00e9gias e fortalecer a gest\u00e3o baseada em evid\u00eancias, contribuindo para a melhoria cont\u00ednua dos servi\u00e7os ofertados na rede b\u00e1sica de sa\u00fade.<\/p>\n\n\n\n<p>A superintendente de Aten\u00e7\u00e3o Prim\u00e1ria da Sesapi, Leila Santos, refor\u00e7a a relev\u00e2ncia da iniciativa para o avan\u00e7o da sa\u00fade p\u00fablica no estado. \u201cEsses encontros regionais s\u00e3o fundamentais para aproximar as equipes, identificar desafios locais e construir solu\u00e7\u00f5es conjuntas. Qualificar os indicadores da Aten\u00e7\u00e3o Prim\u00e1ria \u00e9 garantir mais efici\u00eancia, transpar\u00eancia e, principalmente, melhor cuidado para a popula\u00e7\u00e3o piauiense\u201d, afirmou.<\/p>\n","protected":false},"excerpt":{"rendered":"<p>A Secretaria de Estado da Sa\u00fade do Piau\u00ed (Sesapi), por meio da Ger\u00eancia de Aten\u00e7\u00e3o Prim\u00e1ria, realiza a oficina APS em Foco: Indicadores Sa\u00fade Brasil 360 no Piau\u00ed, voltada a [&hellip;]<\/p>\n","protected":false},"author":1823,"featured_media":10098,"comment_status":"closed","ping_status":"closed","sticky":false,"template":"","format":"standard","meta":[],"categories":[30],"tags":[142,43,36],"featured_image_urls":{"full":["https:\/\/portal.pi.gov.br\/sesapi\/wp-content\/uploads\/sites\/101\/2026\/04\/WhatsApp-Image-2026-04-28-at-12.58.40.jpeg",1600,1201,false],"thumbnail":["https:\/\/portal.pi.gov.br\/sesapi\/wp-content\/uploads\/sites\/101\/2026\/04\/WhatsApp-Image-2026-04-28-at-12.58.40-150x150.jpeg",150,150,true],"medium":["https:\/\/portal.pi.gov.br\/sesapi\/wp-content\/uploads\/sites\/101\/2026\/04\/WhatsApp-Image-2026-04-28-at-12.58.40-300x225.jpeg",300,225,true],"medium_large":["https:\/\/portal.pi.gov.br\/sesapi\/wp-content\/uploads\/sites\/101\/2026\/04\/WhatsApp-Image-2026-04-28-at-12.58.40-768x576.jpeg",768,576,true],"large":["https:\/\/portal.pi.gov.br\/sesapi\/wp-content\/uploads\/sites\/101\/2026\/04\/WhatsApp-Image-2026-04-28-at-12.58.40-1024x769.jpeg",887,666,true],"sgg-420":["https:\/\/portal.pi.gov.br\/sesapi\/wp-content\/uploads\/sites\/101\/2026\/04\/WhatsApp-Image-2026-04-28-at-12.58.40-420x315.jpeg",420,315,true],"sgg-540":["https:\/\/portal.pi.gov.br\/sesapi\/wp-content\/uploads\/sites\/101\/2026\/04\/WhatsApp-Image-2026-04-28-at-12.58.40-540x405.jpeg",540,405,true],"sgg-780":["https:\/\/portal.pi.gov.br\/sesapi\/wp-content\/uploads\/sites\/101\/2026\/04\/WhatsApp-Image-2026-04-28-at-12.58.40-780x585.jpeg",780,585,true],"1536x1536":["https:\/\/portal.pi.gov.br\/sesapi\/wp-content\/uploads\/sites\/101\/2026\/04\/WhatsApp-Image-2026-04-28-at-12.58.40-1536x1153.jpeg",1536,1153,true],"2048x2048":["https:\/\/portal.pi.gov.br\/sesapi\/wp-content\/uploads\/sites\/101\/2026\/04\/WhatsApp-Image-2026-04-28-at-12.58.40.jpeg",1600,1201,false],"homepage-slider":["https:\/\/portal.pi.gov.br\/sesapi\/wp-content\/uploads\/sites\/101\/2026\/04\/WhatsApp-Image-2026-04-28-at-12.58.40-1270x500.jpeg",1270,500,true],"homepage-slider-small":["https:\/\/portal.pi.gov.br\/sesapi\/wp-content\/uploads\/sites\/101\/2026\/04\/WhatsApp-Image-2026-04-28-at-12.58.40-947x500.jpeg",947,500,true],"page-top":["https:\/\/portal.pi.gov.br\/sesapi\/wp-content\/uploads\/sites\/101\/2026\/04\/WhatsApp-Image-2026-04-28-at-12.58.40-947x711.jpeg",947,711,true],"page-small":["https:\/\/portal.pi.gov.br\/sesapi\/wp-content\/uploads\/sites\/101\/2026\/04\/WhatsApp-Image-2026-04-28-at-12.58.40-624x468.jpeg",624,468,true],"loop-main":["https:\/\/portal.pi.gov.br\/sesapi\/wp-content\/uploads\/sites\/101\/2026\/04\/WhatsApp-Image-2026-04-28-at-12.58.40-365x240.jpeg",365,240,true],"thumb-gallery-widget":["https:\/\/portal.pi.gov.br\/sesapi\/wp-content\/uploads\/sites\/101\/2026\/04\/WhatsApp-Image-2026-04-28-at-12.58.40-84x56.jpeg",84,56,true]},"post_excerpt_stackable":"<p>A Secretaria de Estado da Sa\u00fade do Piau\u00ed (Sesapi), por meio da Ger\u00eancia de Aten\u00e7\u00e3o Prim\u00e1ria, realiza a oficina APS em Foco: Indicadores Sa\u00fade Brasil 360 no Piau\u00ed, voltada a profissionais dos territ\u00f3rios do Vale do Itaim e Vale do Guaribas. O encontro acontece nos dias 28 e 29 de abril, das 8h \u00e0s 17h, no campus Senador Helv\u00eddio Nunes de Barros da UFPI, em Picos. A atividade \u00e9 direcionada a coordenadores da Aten\u00e7\u00e3o Prim\u00e1ria \u00e0 Sa\u00fade (APS), coordenadores de sa\u00fade bucal e equipes eMulti, com foco no fortalecimento do monitoramento e na qualifica\u00e7\u00e3o dos indicadores da APS. Oficina APS&hellip;<\/p>\n","category_list":"<a href=\"https:\/\/portal.pi.gov.br\/sesapi\/category\/noticias\/\" rel=\"category tag\">Not\u00edcias<\/a>","author_info":{"name":"renatodias","url":"https:\/\/portal.pi.gov.br\/sesapi\/author\/renatodias\/"},"comments_num":"0 coment\u00e1rio","featured_image_urls_v2":{"full":["https:\/\/portal.pi.gov.br\/sesapi\/wp-content\/uploads\/sites\/101\/2026\/04\/WhatsApp-Image-2026-04-28-at-12.58.40.jpeg",1600,1201,false],"thumbnail":["https:\/\/portal.pi.gov.br\/sesapi\/wp-content\/uploads\/sites\/101\/2026\/04\/WhatsApp-Image-2026-04-28-at-12.58.40-150x150.jpeg",150,150,true],"medium":["https:\/\/portal.pi.gov.br\/sesapi\/wp-content\/uploads\/sites\/101\/2026\/04\/WhatsApp-Image-2026-04-28-at-12.58.40-300x225.jpeg",300,225,true],"medium_large":["https:\/\/portal.pi.gov.br\/sesapi\/wp-content\/uploads\/sites\/101\/2026\/04\/WhatsApp-Image-2026-04-28-at-12.58.40-768x576.jpeg",768,576,true],"large":["https:\/\/portal.pi.gov.br\/sesapi\/wp-content\/uploads\/sites\/101\/2026\/04\/WhatsApp-Image-2026-04-28-at-12.58.40-1024x769.jpeg",887,666,true],"sgg-420":["https:\/\/portal.pi.gov.br\/sesapi\/wp-content\/uploads\/sites\/101\/2026\/04\/WhatsApp-Image-2026-04-28-at-12.58.40-420x315.jpeg",420,315,true],"sgg-540":["https:\/\/portal.pi.gov.br\/sesapi\/wp-content\/uploads\/sites\/101\/2026\/04\/WhatsApp-Image-2026-04-28-at-12.58.40-540x405.jpeg",540,405,true],"sgg-780":["https:\/\/portal.pi.gov.br\/sesapi\/wp-content\/uploads\/sites\/101\/2026\/04\/WhatsApp-Image-2026-04-28-at-12.58.40-780x585.jpeg",780,585,true],"1536x1536":["https:\/\/portal.pi.gov.br\/sesapi\/wp-content\/uploads\/sites\/101\/2026\/04\/WhatsApp-Image-2026-04-28-at-12.58.40-1536x1153.jpeg",1536,1153,true],"2048x2048":["https:\/\/portal.pi.gov.br\/sesapi\/wp-content\/uploads\/sites\/101\/2026\/04\/WhatsApp-Image-2026-04-28-at-12.58.40.jpeg",1600,1201,false],"homepage-slider":["https:\/\/portal.pi.gov.br\/sesapi\/wp-content\/uploads\/sites\/101\/2026\/04\/WhatsApp-Image-2026-04-28-at-12.58.40-1270x500.jpeg",1270,500,true],"homepage-slider-small":["https:\/\/portal.pi.gov.br\/sesapi\/wp-content\/uploads\/sites\/101\/2026\/04\/WhatsApp-Image-2026-04-28-at-12.58.40-947x500.jpeg",947,500,true],"page-top":["https:\/\/portal.pi.gov.br\/sesapi\/wp-content\/uploads\/sites\/101\/2026\/04\/WhatsApp-Image-2026-04-28-at-12.58.40-947x711.jpeg",947,711,true],"page-small":["https:\/\/portal.pi.gov.br\/sesapi\/wp-content\/uploads\/sites\/101\/2026\/04\/WhatsApp-Image-2026-04-28-at-12.58.40-624x468.jpeg",624,468,true],"loop-main":["https:\/\/portal.pi.gov.br\/sesapi\/wp-content\/uploads\/sites\/101\/2026\/04\/WhatsApp-Image-2026-04-28-at-12.58.40-365x240.jpeg",365,240,true],"thumb-gallery-widget":["https:\/\/portal.pi.gov.br\/sesapi\/wp-content\/uploads\/sites\/101\/2026\/04\/WhatsApp-Image-2026-04-28-at-12.58.40-84x56.jpeg",84,56,true]},"post_excerpt_stackable_v2":"<p>A Secretaria de Estado da Sa\u00fade do Piau\u00ed (Sesapi), por meio da Ger\u00eancia de Aten\u00e7\u00e3o Prim\u00e1ria, realiza a oficina APS em Foco: Indicadores Sa\u00fade Brasil 360 no Piau\u00ed, voltada a profissionais dos territ\u00f3rios do Vale do Itaim e Vale do Guaribas. O encontro acontece nos dias 28 e 29 de abril, das 8h \u00e0s 17h, no campus Senador Helv\u00eddio Nunes de Barros da UFPI, em Picos. A atividade \u00e9 direcionada a coordenadores da Aten\u00e7\u00e3o Prim\u00e1ria \u00e0 Sa\u00fade (APS), coordenadores de sa\u00fade bucal e equipes eMulti, com foco no fortalecimento do monitoramento e na qualifica\u00e7\u00e3o dos indicadores da APS. Oficina APS&hellip;<\/p>\n","category_list_v2":"<a href=\"https:\/\/portal.pi.gov.br\/sesapi\/category\/noticias\/\" rel=\"category tag\">Not\u00edcias<\/a>","author_info_v2":{"name":"renatodias","url":"https:\/\/portal.pi.gov.br\/sesapi\/author\/renatodias\/"},"comments_num_v2":"0 coment\u00e1rio","jetpack_featured_media_url":"https:\/\/portal.pi.gov.br\/sesapi\/wp-content\/uploads\/sites\/101\/2026\/04\/WhatsApp-Image-2026-04-28-at-12.58.40.jpeg","_links":{"self":[{"href":"https:\/\/portal.pi.gov.br\/sesapi\/wp-json\/wp\/v2\/posts\/10096"}],"collection":[{"href":"https:\/\/portal.pi.gov.br\/sesapi\/wp-json\/wp\/v2\/posts"}],"about":[{"href":"https:\/\/portal.pi.gov.br\/sesapi\/wp-json\/wp\/v2\/types\/post"}],"author":[{"embeddable":true,"href":"https:\/\/portal.pi.gov.br\/sesapi\/wp-json\/wp\/v2\/users\/1823"}],"replies":[{"embeddable":true,"href":"https:\/\/portal.pi.gov.br\/sesapi\/wp-json\/wp\/v2\/comments?post=10096"}],"version-history":[{"count":1,"href":"https:\/\/portal.pi.gov.br\/sesapi\/wp-json\/wp\/v2\/posts\/10096\/revisions"}],"predecessor-version":[{"id":10100,"href":"https:\/\/portal.pi.gov.br\/sesapi\/wp-json\/wp\/v2\/posts\/10096\/revisions\/10100"}],"wp:featuredmedia":[{"embeddable":true,"href":"https:\/\/portal.pi.gov.br\/sesapi\/wp-json\/wp\/v2\/media\/10098"}],"wp:attachment":[{"href":"https:\/\/portal.pi.gov.br\/sesapi\/wp-json\/wp\/v2\/media?parent=10096"}],"wp:term":[{"taxonomy":"category","embeddable":true,"href":"https:\/\/portal.pi.gov.br\/sesapi\/wp-json\/wp\/v2\/categories?post=10096"},{"taxonomy":"post_tag","embeddable":true,"href":"https:\/\/portal.pi.gov.br\/sesapi\/wp-json\/wp\/v2\/tags?post=10096"}],"curies":[{"name":"wp","href":"https:\/\/api.w.org\/{rel}","templated":true}]}}