{"id":10114,"date":"2026-04-29T08:30:00","date_gmt":"2026-04-29T11:30:00","guid":{"rendered":"https:\/\/portal.pi.gov.br\/sesapi\/?p=10114"},"modified":"2026-04-28T18:57:05","modified_gmt":"2026-04-28T21:57:05","slug":"sesapi-lanca-maio-amarelo-com-o-tema-enxergar-o-outro-no-transito-salva-vidas","status":"publish","type":"post","link":"https:\/\/portal.pi.gov.br\/sesapi\/2026\/04\/29\/sesapi-lanca-maio-amarelo-com-o-tema-enxergar-o-outro-no-transito-salva-vidas\/","title":{"rendered":"Sesapi lan\u00e7a Maio Amarelo com o tema enxergar o outro no tr\u00e2nsito salva vidas"},"content":{"rendered":"\n<p><\/p>\n\n\n\n<p>A Secretaria de Estado da Sa\u00fade do Piau\u00ed (Sesapi) divulgou a programa\u00e7\u00e3o do Movimento Maio Amarelo 2026, que neste ano traz como tema \u201cNo tr\u00e2nsito, enxergar o outro \u00e9 salvar vidas\u201d. A iniciativa, coordenada pela \u00e1rea de Vigil\u00e2ncia em Sa\u00fade e pelo Programa Vida no Tr\u00e2nsito (PVT), prev\u00ea uma s\u00e9rie de a\u00e7\u00f5es educativas e de conscientiza\u00e7\u00e3o em diversos munic\u00edpios piauienses ao longo do m\u00eas de maio.<\/p>\n\n\n\n<p>A abertura estadual acontece no dia 6 de maio, no munic\u00edpio de Parna\u00edba. A programa\u00e7\u00e3o segue nos dias 7 e 8 de maio em Campo Maior e Piripiri. Entre os dias 11 e 15, as atividades chegam a S\u00e3o Raimundo Nonato e Corrente, com destaque para a abertura prevista no dia 12.<\/p>\n\n\n\n<p>Ainda dentro do cronograma, o dia 20 de maio marca a implanta\u00e7\u00e3o do Programa Vida no Tr\u00e2nsito em Picos, junto \u00e0 abertura oficial da campanha no munic\u00edpio. J\u00e1 entre os dias 25 e 27, ser\u00e1 realizado o monitoramento das a\u00e7\u00f5es do programa em Parna\u00edba. No dia 26, o movimento ser\u00e1 aberto em Uru\u00e7u\u00ed, refor\u00e7ando a mobiliza\u00e7\u00e3o em diferentes regi\u00f5es do estado.<\/p>\n\n\n\n<p>Na capital, Teresina, a programa\u00e7\u00e3o ter\u00e1 in\u00edcio no dia 30 de abril, com abertura na Pra\u00e7a Pedro II, e segue ao longo do m\u00eas com uma s\u00e9rie de atividades educativas, incluindo blitz em pontos estrat\u00e9gicos, a\u00e7\u00f5es em institui\u00e7\u00f5es de ensino, hospitais e \u00f3rg\u00e3os parceiros.<\/p>\n\n\n\n<p>Entre os destaques est\u00e3o eventos promovidos em parceria com o DNIT, a\u00e7\u00f5es no Hospital de Urg\u00eancia de Teresina (HUT), al\u00e9m de abordagens educativas em avenidas de grande circula\u00e7\u00e3o, como Jo\u00e3o XXII, Joaquim Nelson, Frei Serafim e Miguel Rosa.<\/p>\n\n\n\n<p>O encerramento das atividades em Teresina est\u00e1 previsto para o dia 29 de maio, na Pra\u00e7a do Poty Velho. A campanha refor\u00e7a a import\u00e2ncia da responsabilidade no tr\u00e2nsito e busca sensibilizar motoristas, ciclistas e pedestres para a ado\u00e7\u00e3o de comportamentos mais seguros, contribuindo para a redu\u00e7\u00e3o de acidentes e a preserva\u00e7\u00e3o de vidas.<\/p>\n\n\n\n<p><strong>Calend\u00e1rio de A\u00e7\u00f5es \u2013 Maio Amarelo 2026 (Teresina)<\/strong><\/p>\n\n\n\n<ul>\n<li>30\/04 \u2013 Abertura na Pra\u00e7a Pedro II<\/li>\n\n\n\n<li>05\/05 \u2013 Evento do DNIT no audit\u00f3rio do TRT<\/li>\n\n\n\n<li>07\/05 \u2013 Blitz educativa no Mocambinho (em frente ao Parque Ambiental)<\/li>\n\n\n\n<li>08\/05 \u2013 Evento no HUT<\/li>\n\n\n\n<li>12\/05 \u2013 Blitz educativa BPRE 130<\/li>\n\n\n\n<li>14\/05 \u2013 Comando Sa\u00fade PRE\/BRF \u2013 BR-316 (sa\u00edda para Demerval Lob\u00e3o)<\/li>\n\n\n\n<li>18\/05 \u2013 A\u00e7\u00e3o educativa na faixa de pedestres (Av. Jo\u00e3o XXII)<\/li>\n\n\n\n<li>18\/05 \u2013 A\u00e7\u00e3o educativa na Uninassau (noite)<\/li>\n\n\n\n<li>19\/05 \u2013 A\u00e7\u00e3o educativa na Uninassau (manh\u00e3)<\/li>\n\n\n\n<li>20\/05 \u2013 Blitz educativa na Av. Joaquim Nelson (em frente ao teatro)<\/li>\n\n\n\n<li>21\/05 \u2013 Blitz educativa na Av. dos Ip\u00eas (pr\u00f3ximo ao redutor)<\/li>\n\n\n\n<li>22\/05 \u2013 Blitz educativa na Av. Poty Velho (descida da ponte)<\/li>\n\n\n\n<li>25\/05 \u2013 A\u00e7\u00e3o educativa na Av. Gil Martins x Bar\u00e3o de Castelo Branco<\/li>\n\n\n\n<li>28\/05 \u2013 A\u00e7\u00e3o educativa na Av. Frei Serafim x Av. Miguel Rosa<\/li>\n\n\n\n<li>29\/05 \u2013 Encerramento na Pra\u00e7a do Poty Velho<\/li>\n<\/ul>\n\n\n\n<p><strong>Programa\u00e7\u00e3o do Movimento Maio Amarelo 2026 (Interior)<\/strong><\/p>\n\n\n\n<ul>\n<li>06\/05 \u2013 Abertura em Parna\u00edba (PI)<\/li>\n\n\n\n<li>07 e 08\/05 \u2013 Abertura em Campo Maior e Piripiri<\/li>\n\n\n\n<li>11 a 15\/05 \u2013 A\u00e7\u00f5es em S\u00e3o Raimundo Nonato e Corrente (abertura dia 12)<\/li>\n\n\n\n<li>20\/05 \u2013 Implanta\u00e7\u00e3o do PVT e abertura em Picos (PI)<\/li>\n\n\n\n<li>25 a 27\/05 \u2013 Monitoramento das atividades do PVT em Parna\u00edba<\/li>\n\n\n\n<li>26\/05 \u2013 Abertura em Uru\u00e7u\u00ed<\/li>\n<\/ul>\n","protected":false},"excerpt":{"rendered":"<p>A Secretaria de Estado da Sa\u00fade do Piau\u00ed (Sesapi) divulgou a programa\u00e7\u00e3o do Movimento Maio Amarelo 2026, que neste ano traz como tema \u201cNo tr\u00e2nsito, enxergar o outro \u00e9 salvar [&hellip;]<\/p>\n","protected":false},"author":1814,"featured_media":10115,"comment_status":"closed","ping_status":"closed","sticky":false,"template":"","format":"standard","meta":[],"categories":[30],"tags":[73,52,142,43,36,85],"featured_image_urls":{"full":["https:\/\/portal.pi.gov.br\/sesapi\/wp-content\/uploads\/sites\/101\/2026\/04\/WhatsApp-Image-2025-05-07-at-12.22.34-1536x1152-1.jpeg",1536,1152,false],"thumbnail":["https:\/\/portal.pi.gov.br\/sesapi\/wp-content\/uploads\/sites\/101\/2026\/04\/WhatsApp-Image-2025-05-07-at-12.22.34-1536x1152-1-150x150.jpeg",150,150,true],"medium":["https:\/\/portal.pi.gov.br\/sesapi\/wp-content\/uploads\/sites\/101\/2026\/04\/WhatsApp-Image-2025-05-07-at-12.22.34-1536x1152-1-300x225.jpeg",300,225,true],"medium_large":["https:\/\/portal.pi.gov.br\/sesapi\/wp-content\/uploads\/sites\/101\/2026\/04\/WhatsApp-Image-2025-05-07-at-12.22.34-1536x1152-1-768x576.jpeg",768,576,true],"large":["https:\/\/portal.pi.gov.br\/sesapi\/wp-content\/uploads\/sites\/101\/2026\/04\/WhatsApp-Image-2025-05-07-at-12.22.34-1536x1152-1-1024x768.jpeg",887,665,true],"sgg-420":["https:\/\/portal.pi.gov.br\/sesapi\/wp-content\/uploads\/sites\/101\/2026\/04\/WhatsApp-Image-2025-05-07-at-12.22.34-1536x1152-1-420x315.jpeg",420,315,true],"sgg-540":["https:\/\/portal.pi.gov.br\/sesapi\/wp-content\/uploads\/sites\/101\/2026\/04\/WhatsApp-Image-2025-05-07-at-12.22.34-1536x1152-1-540x405.jpeg",540,405,true],"sgg-780":["https:\/\/portal.pi.gov.br\/sesapi\/wp-content\/uploads\/sites\/101\/2026\/04\/WhatsApp-Image-2025-05-07-at-12.22.34-1536x1152-1-780x585.jpeg",780,585,true],"1536x1536":["https:\/\/portal.pi.gov.br\/sesapi\/wp-content\/uploads\/sites\/101\/2026\/04\/WhatsApp-Image-2025-05-07-at-12.22.34-1536x1152-1.jpeg",1536,1152,false],"2048x2048":["https:\/\/portal.pi.gov.br\/sesapi\/wp-content\/uploads\/sites\/101\/2026\/04\/WhatsApp-Image-2025-05-07-at-12.22.34-1536x1152-1.jpeg",1536,1152,false],"homepage-slider":["https:\/\/portal.pi.gov.br\/sesapi\/wp-content\/uploads\/sites\/101\/2026\/04\/WhatsApp-Image-2025-05-07-at-12.22.34-1536x1152-1-1270x500.jpeg",1270,500,true],"homepage-slider-small":["https:\/\/portal.pi.gov.br\/sesapi\/wp-content\/uploads\/sites\/101\/2026\/04\/WhatsApp-Image-2025-05-07-at-12.22.34-1536x1152-1-947x500.jpeg",947,500,true],"page-top":["https:\/\/portal.pi.gov.br\/sesapi\/wp-content\/uploads\/sites\/101\/2026\/04\/WhatsApp-Image-2025-05-07-at-12.22.34-1536x1152-1-947x710.jpeg",947,710,true],"page-small":["https:\/\/portal.pi.gov.br\/sesapi\/wp-content\/uploads\/sites\/101\/2026\/04\/WhatsApp-Image-2025-05-07-at-12.22.34-1536x1152-1-624x468.jpeg",624,468,true],"loop-main":["https:\/\/portal.pi.gov.br\/sesapi\/wp-content\/uploads\/sites\/101\/2026\/04\/WhatsApp-Image-2025-05-07-at-12.22.34-1536x1152-1-365x240.jpeg",365,240,true],"thumb-gallery-widget":["https:\/\/portal.pi.gov.br\/sesapi\/wp-content\/uploads\/sites\/101\/2026\/04\/WhatsApp-Image-2025-05-07-at-12.22.34-1536x1152-1-84x56.jpeg",84,56,true]},"post_excerpt_stackable":"<p>A Secretaria de Estado da Sa\u00fade do Piau\u00ed (Sesapi) divulgou a programa\u00e7\u00e3o do Movimento Maio Amarelo 2026, que neste ano traz como tema \u201cNo tr\u00e2nsito, enxergar o outro \u00e9 salvar vidas\u201d. A iniciativa, coordenada pela \u00e1rea de Vigil\u00e2ncia em Sa\u00fade e pelo Programa Vida no Tr\u00e2nsito (PVT), prev\u00ea uma s\u00e9rie de a\u00e7\u00f5es educativas e de conscientiza\u00e7\u00e3o em diversos munic\u00edpios piauienses ao longo do m\u00eas de maio. A abertura estadual acontece no dia 6 de maio, no munic\u00edpio de Parna\u00edba. A programa\u00e7\u00e3o segue nos dias 7 e 8 de maio em Campo Maior e Piripiri. Entre os dias 11 e 15,&hellip;<\/p>\n","category_list":"<a href=\"https:\/\/portal.pi.gov.br\/sesapi\/category\/noticias\/\" rel=\"category tag\">Not\u00edcias<\/a>","author_info":{"name":"elisangelapegado","url":"https:\/\/portal.pi.gov.br\/sesapi\/author\/elisangelapegado\/"},"comments_num":"0 coment\u00e1rio","featured_image_urls_v2":{"full":["https:\/\/portal.pi.gov.br\/sesapi\/wp-content\/uploads\/sites\/101\/2026\/04\/WhatsApp-Image-2025-05-07-at-12.22.34-1536x1152-1.jpeg",1536,1152,false],"thumbnail":["https:\/\/portal.pi.gov.br\/sesapi\/wp-content\/uploads\/sites\/101\/2026\/04\/WhatsApp-Image-2025-05-07-at-12.22.34-1536x1152-1-150x150.jpeg",150,150,true],"medium":["https:\/\/portal.pi.gov.br\/sesapi\/wp-content\/uploads\/sites\/101\/2026\/04\/WhatsApp-Image-2025-05-07-at-12.22.34-1536x1152-1-300x225.jpeg",300,225,true],"medium_large":["https:\/\/portal.pi.gov.br\/sesapi\/wp-content\/uploads\/sites\/101\/2026\/04\/WhatsApp-Image-2025-05-07-at-12.22.34-1536x1152-1-768x576.jpeg",768,576,true],"large":["https:\/\/portal.pi.gov.br\/sesapi\/wp-content\/uploads\/sites\/101\/2026\/04\/WhatsApp-Image-2025-05-07-at-12.22.34-1536x1152-1-1024x768.jpeg",887,665,true],"sgg-420":["https:\/\/portal.pi.gov.br\/sesapi\/wp-content\/uploads\/sites\/101\/2026\/04\/WhatsApp-Image-2025-05-07-at-12.22.34-1536x1152-1-420x315.jpeg",420,315,true],"sgg-540":["https:\/\/portal.pi.gov.br\/sesapi\/wp-content\/uploads\/sites\/101\/2026\/04\/WhatsApp-Image-2025-05-07-at-12.22.34-1536x1152-1-540x405.jpeg",540,405,true],"sgg-780":["https:\/\/portal.pi.gov.br\/sesapi\/wp-content\/uploads\/sites\/101\/2026\/04\/WhatsApp-Image-2025-05-07-at-12.22.34-1536x1152-1-780x585.jpeg",780,585,true],"1536x1536":["https:\/\/portal.pi.gov.br\/sesapi\/wp-content\/uploads\/sites\/101\/2026\/04\/WhatsApp-Image-2025-05-07-at-12.22.34-1536x1152-1.jpeg",1536,1152,false],"2048x2048":["https:\/\/portal.pi.gov.br\/sesapi\/wp-content\/uploads\/sites\/101\/2026\/04\/WhatsApp-Image-2025-05-07-at-12.22.34-1536x1152-1.jpeg",1536,1152,false],"homepage-slider":["https:\/\/portal.pi.gov.br\/sesapi\/wp-content\/uploads\/sites\/101\/2026\/04\/WhatsApp-Image-2025-05-07-at-12.22.34-1536x1152-1-1270x500.jpeg",1270,500,true],"homepage-slider-small":["https:\/\/portal.pi.gov.br\/sesapi\/wp-content\/uploads\/sites\/101\/2026\/04\/WhatsApp-Image-2025-05-07-at-12.22.34-1536x1152-1-947x500.jpeg",947,500,true],"page-top":["https:\/\/portal.pi.gov.br\/sesapi\/wp-content\/uploads\/sites\/101\/2026\/04\/WhatsApp-Image-2025-05-07-at-12.22.34-1536x1152-1-947x710.jpeg",947,710,true],"page-small":["https:\/\/portal.pi.gov.br\/sesapi\/wp-content\/uploads\/sites\/101\/2026\/04\/WhatsApp-Image-2025-05-07-at-12.22.34-1536x1152-1-624x468.jpeg",624,468,true],"loop-main":["https:\/\/portal.pi.gov.br\/sesapi\/wp-content\/uploads\/sites\/101\/2026\/04\/WhatsApp-Image-2025-05-07-at-12.22.34-1536x1152-1-365x240.jpeg",365,240,true],"thumb-gallery-widget":["https:\/\/portal.pi.gov.br\/sesapi\/wp-content\/uploads\/sites\/101\/2026\/04\/WhatsApp-Image-2025-05-07-at-12.22.34-1536x1152-1-84x56.jpeg",84,56,true]},"post_excerpt_stackable_v2":"<p>A Secretaria de Estado da Sa\u00fade do Piau\u00ed (Sesapi) divulgou a programa\u00e7\u00e3o do Movimento Maio Amarelo 2026, que neste ano traz como tema \u201cNo tr\u00e2nsito, enxergar o outro \u00e9 salvar vidas\u201d. A iniciativa, coordenada pela \u00e1rea de Vigil\u00e2ncia em Sa\u00fade e pelo Programa Vida no Tr\u00e2nsito (PVT), prev\u00ea uma s\u00e9rie de a\u00e7\u00f5es educativas e de conscientiza\u00e7\u00e3o em diversos munic\u00edpios piauienses ao longo do m\u00eas de maio. A abertura estadual acontece no dia 6 de maio, no munic\u00edpio de Parna\u00edba. A programa\u00e7\u00e3o segue nos dias 7 e 8 de maio em Campo Maior e Piripiri. Entre os dias 11 e 15,&hellip;<\/p>\n","category_list_v2":"<a href=\"https:\/\/portal.pi.gov.br\/sesapi\/category\/noticias\/\" rel=\"category tag\">Not\u00edcias<\/a>","author_info_v2":{"name":"elisangelapegado","url":"https:\/\/portal.pi.gov.br\/sesapi\/author\/elisangelapegado\/"},"comments_num_v2":"0 coment\u00e1rio","jetpack_featured_media_url":"https:\/\/portal.pi.gov.br\/sesapi\/wp-content\/uploads\/sites\/101\/2026\/04\/WhatsApp-Image-2025-05-07-at-12.22.34-1536x1152-1.jpeg","_links":{"self":[{"href":"https:\/\/portal.pi.gov.br\/sesapi\/wp-json\/wp\/v2\/posts\/10114"}],"collection":[{"href":"https:\/\/portal.pi.gov.br\/sesapi\/wp-json\/wp\/v2\/posts"}],"about":[{"href":"https:\/\/portal.pi.gov.br\/sesapi\/wp-json\/wp\/v2\/types\/post"}],"author":[{"embeddable":true,"href":"https:\/\/portal.pi.gov.br\/sesapi\/wp-json\/wp\/v2\/users\/1814"}],"replies":[{"embeddable":true,"href":"https:\/\/portal.pi.gov.br\/sesapi\/wp-json\/wp\/v2\/comments?post=10114"}],"version-history":[{"count":1,"href":"https:\/\/portal.pi.gov.br\/sesapi\/wp-json\/wp\/v2\/posts\/10114\/revisions"}],"predecessor-version":[{"id":10116,"href":"https:\/\/portal.pi.gov.br\/sesapi\/wp-json\/wp\/v2\/posts\/10114\/revisions\/10116"}],"wp:featuredmedia":[{"embeddable":true,"href":"https:\/\/portal.pi.gov.br\/sesapi\/wp-json\/wp\/v2\/media\/10115"}],"wp:attachment":[{"href":"https:\/\/portal.pi.gov.br\/sesapi\/wp-json\/wp\/v2\/media?parent=10114"}],"wp:term":[{"taxonomy":"category","embeddable":true,"href":"https:\/\/portal.pi.gov.br\/sesapi\/wp-json\/wp\/v2\/categories?post=10114"},{"taxonomy":"post_tag","embeddable":true,"href":"https:\/\/portal.pi.gov.br\/sesapi\/wp-json\/wp\/v2\/tags?post=10114"}],"curies":[{"name":"wp","href":"https:\/\/api.w.org\/{rel}","templated":true}]}}