{"id":10121,"date":"2026-04-29T13:45:49","date_gmt":"2026-04-29T16:45:49","guid":{"rendered":"https:\/\/portal.pi.gov.br\/sesapi\/?p=10121"},"modified":"2026-04-29T13:45:50","modified_gmt":"2026-04-29T16:45:50","slug":"sesapi-fortalece-qualificacao-de-profissionais-do-sistema-prisional-com-foco-em-doencas-prioritarias-e-cuidado-integral","status":"publish","type":"post","link":"https:\/\/portal.pi.gov.br\/sesapi\/2026\/04\/29\/sesapi-fortalece-qualificacao-de-profissionais-do-sistema-prisional-com-foco-em-doencas-prioritarias-e-cuidado-integral\/","title":{"rendered":"Sesapi fortalece qualifica\u00e7\u00e3o de profissionais do sistema prisional com foco em doen\u00e7as priorit\u00e1rias e cuidado integral"},"content":{"rendered":"\n<p>A Secretaria de Estado da Sa\u00fade do Piau\u00ed (Sesapi), por meio da Ger\u00eancia de Aten\u00e7\u00e3o Prim\u00e1ria, realizou, nesta ter\u00e7a-feira (29), mais uma etapa de qualifica\u00e7\u00e3o voltada aos profissionais que atuam no sistema prisional do estado. O encontro reuniu equipes de sa\u00fade das 17 unidades prisionais, com o objetivo de aprimorar o atendimento e fortalecer a rede de cuidados no \u00e2mbito da Pol\u00edtica Nacional de Aten\u00e7\u00e3o Integral \u00e0 Sa\u00fade das Pessoas Privadas de Liberdade (PNAISP).<\/p>\n\n\n\n<p>Durante os dois dias de atividades, est\u00e3o sendo abordados temas priorit\u00e1rios como tuberculose, hansen\u00edase, infec\u00e7\u00f5es sexualmente transmiss\u00edveis (ISTs), HIV e AIDS, com foco na atualiza\u00e7\u00e3o de protocolos, no manejo adequado dos casos e no fortalecimento das a\u00e7\u00f5es de vigil\u00e2ncia em sa\u00fade.<\/p>\n\n\n\n<figure class=\"wp-block-image size-large\"><img decoding=\"async\" loading=\"lazy\" width=\"1024\" height=\"576\" src=\"https:\/\/portal.pi.gov.br\/sesapi\/wp-content\/uploads\/sites\/101\/2026\/04\/WhatsApp-Image-2026-04-29-at-10.52.44-1024x576.jpeg\" alt=\"\" class=\"wp-image-10122\" srcset=\"https:\/\/portal.pi.gov.br\/sesapi\/wp-content\/uploads\/sites\/101\/2026\/04\/WhatsApp-Image-2026-04-29-at-10.52.44-1024x576.jpeg 1024w, https:\/\/portal.pi.gov.br\/sesapi\/wp-content\/uploads\/sites\/101\/2026\/04\/WhatsApp-Image-2026-04-29-at-10.52.44-300x169.jpeg 300w, https:\/\/portal.pi.gov.br\/sesapi\/wp-content\/uploads\/sites\/101\/2026\/04\/WhatsApp-Image-2026-04-29-at-10.52.44-768x432.jpeg 768w, https:\/\/portal.pi.gov.br\/sesapi\/wp-content\/uploads\/sites\/101\/2026\/04\/WhatsApp-Image-2026-04-29-at-10.52.44-420x236.jpeg 420w, https:\/\/portal.pi.gov.br\/sesapi\/wp-content\/uploads\/sites\/101\/2026\/04\/WhatsApp-Image-2026-04-29-at-10.52.44-540x304.jpeg 540w, https:\/\/portal.pi.gov.br\/sesapi\/wp-content\/uploads\/sites\/101\/2026\/04\/WhatsApp-Image-2026-04-29-at-10.52.44-780x439.jpeg 780w, https:\/\/portal.pi.gov.br\/sesapi\/wp-content\/uploads\/sites\/101\/2026\/04\/WhatsApp-Image-2026-04-29-at-10.52.44-947x533.jpeg 947w, https:\/\/portal.pi.gov.br\/sesapi\/wp-content\/uploads\/sites\/101\/2026\/04\/WhatsApp-Image-2026-04-29-at-10.52.44-624x351.jpeg 624w, https:\/\/portal.pi.gov.br\/sesapi\/wp-content\/uploads\/sites\/101\/2026\/04\/WhatsApp-Image-2026-04-29-at-10.52.44.jpeg 1280w\" sizes=\"(max-width: 1024px) 100vw, 1024px\" \/><figcaption class=\"wp-element-caption\">Sesapi realizou qualifica\u00e7\u00e3o voltada para profissionais do sistema prisional<\/figcaption><\/figure>\n\n\n\n<p>De acordo com a t\u00e9cnica de refer\u00eancia estadual da PNAISP, Shayonara Barros, a iniciativa contribui diretamente para a melhoria da assist\u00eancia dentro do sistema prisional. \u201cEstamos trabalhando conte\u00fados essenciais para o enfrentamento de doen\u00e7as que t\u00eam maior incid\u00eancia nesse contexto, qualificando os profissionais para uma atua\u00e7\u00e3o mais resolutiva e segura. Isso impacta diretamente na redu\u00e7\u00e3o da transmiss\u00e3o e na melhoria da qualidade do cuidado ofertado\u201d, destacou.<\/p>\n\n\n\n<p>Shayonara tamb\u00e9m refor\u00e7ou a import\u00e2ncia da integra\u00e7\u00e3o entre os \u00f3rg\u00e3os envolvidos. \u201cEssa parceria entre a Sesapi e a Secretaria de Justi\u00e7a (Sejus) \u00e9 fundamental para garantir a continuidade e a integralidade da aten\u00e7\u00e3o \u00e0 sa\u00fade das pessoas privadas de liberdade. Nosso objetivo \u00e9 assegurar que esse p\u00fablico tenha acesso a um cuidado digno e efetivo, conforme os princ\u00edpios do SUS\u201d, completou.<\/p>\n\n\n\n<p>A superintendente de Aten\u00e7\u00e3o Prim\u00e1ria \u00e0 Sa\u00fade e Munic\u00edpios da Sesapi, Leila Santos, ressaltou o papel estrat\u00e9gico da qualifica\u00e7\u00e3o cont\u00ednua das equipes. \u201cInvestir na forma\u00e7\u00e3o dos profissionais que atuam no sistema prisional \u00e9 fortalecer a Aten\u00e7\u00e3o Prim\u00e1ria como ordenadora do cuidado. Estamos falando de uma popula\u00e7\u00e3o que precisa de um olhar atento e de a\u00e7\u00f5es integradas, e \u00e9 isso que estamos promovendo com essa capacita\u00e7\u00e3o\u201d, afirmou.<\/p>\n","protected":false},"excerpt":{"rendered":"<p>A Secretaria de Estado da Sa\u00fade do Piau\u00ed (Sesapi), por meio da Ger\u00eancia de Aten\u00e7\u00e3o Prim\u00e1ria, realizou, nesta ter\u00e7a-feira (29), mais uma etapa de qualifica\u00e7\u00e3o voltada aos profissionais que atuam [&hellip;]<\/p>\n","protected":false},"author":1823,"featured_media":10123,"comment_status":"closed","ping_status":"closed","sticky":false,"template":"","format":"standard","meta":[],"categories":[30],"tags":[73,142,43,36,85],"featured_image_urls":{"full":["https:\/\/portal.pi.gov.br\/sesapi\/wp-content\/uploads\/sites\/101\/2026\/04\/WhatsApp-Image-2026-04-29-at-10.52.45.jpeg",1600,1200,false],"thumbnail":["https:\/\/portal.pi.gov.br\/sesapi\/wp-content\/uploads\/sites\/101\/2026\/04\/WhatsApp-Image-2026-04-29-at-10.52.45-150x150.jpeg",150,150,true],"medium":["https:\/\/portal.pi.gov.br\/sesapi\/wp-content\/uploads\/sites\/101\/2026\/04\/WhatsApp-Image-2026-04-29-at-10.52.45-300x225.jpeg",300,225,true],"medium_large":["https:\/\/portal.pi.gov.br\/sesapi\/wp-content\/uploads\/sites\/101\/2026\/04\/WhatsApp-Image-2026-04-29-at-10.52.45-768x576.jpeg",768,576,true],"large":["https:\/\/portal.pi.gov.br\/sesapi\/wp-content\/uploads\/sites\/101\/2026\/04\/WhatsApp-Image-2026-04-29-at-10.52.45-1024x768.jpeg",887,665,true],"sgg-420":["https:\/\/portal.pi.gov.br\/sesapi\/wp-content\/uploads\/sites\/101\/2026\/04\/WhatsApp-Image-2026-04-29-at-10.52.45-420x315.jpeg",420,315,true],"sgg-540":["https:\/\/portal.pi.gov.br\/sesapi\/wp-content\/uploads\/sites\/101\/2026\/04\/WhatsApp-Image-2026-04-29-at-10.52.45-540x405.jpeg",540,405,true],"sgg-780":["https:\/\/portal.pi.gov.br\/sesapi\/wp-content\/uploads\/sites\/101\/2026\/04\/WhatsApp-Image-2026-04-29-at-10.52.45-780x585.jpeg",780,585,true],"1536x1536":["https:\/\/portal.pi.gov.br\/sesapi\/wp-content\/uploads\/sites\/101\/2026\/04\/WhatsApp-Image-2026-04-29-at-10.52.45-1536x1152.jpeg",1536,1152,true],"2048x2048":["https:\/\/portal.pi.gov.br\/sesapi\/wp-content\/uploads\/sites\/101\/2026\/04\/WhatsApp-Image-2026-04-29-at-10.52.45.jpeg",1600,1200,false],"homepage-slider":["https:\/\/portal.pi.gov.br\/sesapi\/wp-content\/uploads\/sites\/101\/2026\/04\/WhatsApp-Image-2026-04-29-at-10.52.45-1270x500.jpeg",1270,500,true],"homepage-slider-small":["https:\/\/portal.pi.gov.br\/sesapi\/wp-content\/uploads\/sites\/101\/2026\/04\/WhatsApp-Image-2026-04-29-at-10.52.45-947x500.jpeg",947,500,true],"page-top":["https:\/\/portal.pi.gov.br\/sesapi\/wp-content\/uploads\/sites\/101\/2026\/04\/WhatsApp-Image-2026-04-29-at-10.52.45-947x710.jpeg",947,710,true],"page-small":["https:\/\/portal.pi.gov.br\/sesapi\/wp-content\/uploads\/sites\/101\/2026\/04\/WhatsApp-Image-2026-04-29-at-10.52.45-624x468.jpeg",624,468,true],"loop-main":["https:\/\/portal.pi.gov.br\/sesapi\/wp-content\/uploads\/sites\/101\/2026\/04\/WhatsApp-Image-2026-04-29-at-10.52.45-365x240.jpeg",365,240,true],"thumb-gallery-widget":["https:\/\/portal.pi.gov.br\/sesapi\/wp-content\/uploads\/sites\/101\/2026\/04\/WhatsApp-Image-2026-04-29-at-10.52.45-84x56.jpeg",84,56,true]},"post_excerpt_stackable":"<p>A Secretaria de Estado da Sa\u00fade do Piau\u00ed (Sesapi), por meio da Ger\u00eancia de Aten\u00e7\u00e3o Prim\u00e1ria, realizou, nesta ter\u00e7a-feira (29), mais uma etapa de qualifica\u00e7\u00e3o voltada aos profissionais que atuam no sistema prisional do estado. O encontro reuniu equipes de sa\u00fade das 17 unidades prisionais, com o objetivo de aprimorar o atendimento e fortalecer a rede de cuidados no \u00e2mbito da Pol\u00edtica Nacional de Aten\u00e7\u00e3o Integral \u00e0 Sa\u00fade das Pessoas Privadas de Liberdade (PNAISP). Durante os dois dias de atividades, est\u00e3o sendo abordados temas priorit\u00e1rios como tuberculose, hansen\u00edase, infec\u00e7\u00f5es sexualmente transmiss\u00edveis (ISTs), HIV e AIDS, com foco na atualiza\u00e7\u00e3o de&hellip;<\/p>\n","category_list":"<a href=\"https:\/\/portal.pi.gov.br\/sesapi\/category\/noticias\/\" rel=\"category tag\">Not\u00edcias<\/a>","author_info":{"name":"renatodias","url":"https:\/\/portal.pi.gov.br\/sesapi\/author\/renatodias\/"},"comments_num":"0 coment\u00e1rio","featured_image_urls_v2":{"full":["https:\/\/portal.pi.gov.br\/sesapi\/wp-content\/uploads\/sites\/101\/2026\/04\/WhatsApp-Image-2026-04-29-at-10.52.45.jpeg",1600,1200,false],"thumbnail":["https:\/\/portal.pi.gov.br\/sesapi\/wp-content\/uploads\/sites\/101\/2026\/04\/WhatsApp-Image-2026-04-29-at-10.52.45-150x150.jpeg",150,150,true],"medium":["https:\/\/portal.pi.gov.br\/sesapi\/wp-content\/uploads\/sites\/101\/2026\/04\/WhatsApp-Image-2026-04-29-at-10.52.45-300x225.jpeg",300,225,true],"medium_large":["https:\/\/portal.pi.gov.br\/sesapi\/wp-content\/uploads\/sites\/101\/2026\/04\/WhatsApp-Image-2026-04-29-at-10.52.45-768x576.jpeg",768,576,true],"large":["https:\/\/portal.pi.gov.br\/sesapi\/wp-content\/uploads\/sites\/101\/2026\/04\/WhatsApp-Image-2026-04-29-at-10.52.45-1024x768.jpeg",887,665,true],"sgg-420":["https:\/\/portal.pi.gov.br\/sesapi\/wp-content\/uploads\/sites\/101\/2026\/04\/WhatsApp-Image-2026-04-29-at-10.52.45-420x315.jpeg",420,315,true],"sgg-540":["https:\/\/portal.pi.gov.br\/sesapi\/wp-content\/uploads\/sites\/101\/2026\/04\/WhatsApp-Image-2026-04-29-at-10.52.45-540x405.jpeg",540,405,true],"sgg-780":["https:\/\/portal.pi.gov.br\/sesapi\/wp-content\/uploads\/sites\/101\/2026\/04\/WhatsApp-Image-2026-04-29-at-10.52.45-780x585.jpeg",780,585,true],"1536x1536":["https:\/\/portal.pi.gov.br\/sesapi\/wp-content\/uploads\/sites\/101\/2026\/04\/WhatsApp-Image-2026-04-29-at-10.52.45-1536x1152.jpeg",1536,1152,true],"2048x2048":["https:\/\/portal.pi.gov.br\/sesapi\/wp-content\/uploads\/sites\/101\/2026\/04\/WhatsApp-Image-2026-04-29-at-10.52.45.jpeg",1600,1200,false],"homepage-slider":["https:\/\/portal.pi.gov.br\/sesapi\/wp-content\/uploads\/sites\/101\/2026\/04\/WhatsApp-Image-2026-04-29-at-10.52.45-1270x500.jpeg",1270,500,true],"homepage-slider-small":["https:\/\/portal.pi.gov.br\/sesapi\/wp-content\/uploads\/sites\/101\/2026\/04\/WhatsApp-Image-2026-04-29-at-10.52.45-947x500.jpeg",947,500,true],"page-top":["https:\/\/portal.pi.gov.br\/sesapi\/wp-content\/uploads\/sites\/101\/2026\/04\/WhatsApp-Image-2026-04-29-at-10.52.45-947x710.jpeg",947,710,true],"page-small":["https:\/\/portal.pi.gov.br\/sesapi\/wp-content\/uploads\/sites\/101\/2026\/04\/WhatsApp-Image-2026-04-29-at-10.52.45-624x468.jpeg",624,468,true],"loop-main":["https:\/\/portal.pi.gov.br\/sesapi\/wp-content\/uploads\/sites\/101\/2026\/04\/WhatsApp-Image-2026-04-29-at-10.52.45-365x240.jpeg",365,240,true],"thumb-gallery-widget":["https:\/\/portal.pi.gov.br\/sesapi\/wp-content\/uploads\/sites\/101\/2026\/04\/WhatsApp-Image-2026-04-29-at-10.52.45-84x56.jpeg",84,56,true]},"post_excerpt_stackable_v2":"<p>A Secretaria de Estado da Sa\u00fade do Piau\u00ed (Sesapi), por meio da Ger\u00eancia de Aten\u00e7\u00e3o Prim\u00e1ria, realizou, nesta ter\u00e7a-feira (29), mais uma etapa de qualifica\u00e7\u00e3o voltada aos profissionais que atuam no sistema prisional do estado. O encontro reuniu equipes de sa\u00fade das 17 unidades prisionais, com o objetivo de aprimorar o atendimento e fortalecer a rede de cuidados no \u00e2mbito da Pol\u00edtica Nacional de Aten\u00e7\u00e3o Integral \u00e0 Sa\u00fade das Pessoas Privadas de Liberdade (PNAISP). Durante os dois dias de atividades, est\u00e3o sendo abordados temas priorit\u00e1rios como tuberculose, hansen\u00edase, infec\u00e7\u00f5es sexualmente transmiss\u00edveis (ISTs), HIV e AIDS, com foco na atualiza\u00e7\u00e3o de&hellip;<\/p>\n","category_list_v2":"<a href=\"https:\/\/portal.pi.gov.br\/sesapi\/category\/noticias\/\" rel=\"category tag\">Not\u00edcias<\/a>","author_info_v2":{"name":"renatodias","url":"https:\/\/portal.pi.gov.br\/sesapi\/author\/renatodias\/"},"comments_num_v2":"0 coment\u00e1rio","jetpack_featured_media_url":"https:\/\/portal.pi.gov.br\/sesapi\/wp-content\/uploads\/sites\/101\/2026\/04\/WhatsApp-Image-2026-04-29-at-10.52.45.jpeg","_links":{"self":[{"href":"https:\/\/portal.pi.gov.br\/sesapi\/wp-json\/wp\/v2\/posts\/10121"}],"collection":[{"href":"https:\/\/portal.pi.gov.br\/sesapi\/wp-json\/wp\/v2\/posts"}],"about":[{"href":"https:\/\/portal.pi.gov.br\/sesapi\/wp-json\/wp\/v2\/types\/post"}],"author":[{"embeddable":true,"href":"https:\/\/portal.pi.gov.br\/sesapi\/wp-json\/wp\/v2\/users\/1823"}],"replies":[{"embeddable":true,"href":"https:\/\/portal.pi.gov.br\/sesapi\/wp-json\/wp\/v2\/comments?post=10121"}],"version-history":[{"count":1,"href":"https:\/\/portal.pi.gov.br\/sesapi\/wp-json\/wp\/v2\/posts\/10121\/revisions"}],"predecessor-version":[{"id":10124,"href":"https:\/\/portal.pi.gov.br\/sesapi\/wp-json\/wp\/v2\/posts\/10121\/revisions\/10124"}],"wp:featuredmedia":[{"embeddable":true,"href":"https:\/\/portal.pi.gov.br\/sesapi\/wp-json\/wp\/v2\/media\/10123"}],"wp:attachment":[{"href":"https:\/\/portal.pi.gov.br\/sesapi\/wp-json\/wp\/v2\/media?parent=10121"}],"wp:term":[{"taxonomy":"category","embeddable":true,"href":"https:\/\/portal.pi.gov.br\/sesapi\/wp-json\/wp\/v2\/categories?post=10121"},{"taxonomy":"post_tag","embeddable":true,"href":"https:\/\/portal.pi.gov.br\/sesapi\/wp-json\/wp\/v2\/tags?post=10121"}],"curies":[{"name":"wp","href":"https:\/\/api.w.org\/{rel}","templated":true}]}}