{"id":10138,"date":"2026-04-29T14:35:42","date_gmt":"2026-04-29T17:35:42","guid":{"rendered":"https:\/\/portal.pi.gov.br\/sesapi\/?p=10138"},"modified":"2026-04-29T14:35:43","modified_gmt":"2026-04-29T17:35:43","slug":"instituto-natan-portella-promove-iv-semana-do-trabalhador-imunizado-com-foco-na-saude-e-seguranca-dos-colaboradores","status":"publish","type":"post","link":"https:\/\/portal.pi.gov.br\/sesapi\/2026\/04\/29\/instituto-natan-portella-promove-iv-semana-do-trabalhador-imunizado-com-foco-na-saude-e-seguranca-dos-colaboradores\/","title":{"rendered":"Instituto Natan Portella promove IV Semana do Trabalhador Imunizado com foco na sa\u00fade e seguran\u00e7a dos colaboradores"},"content":{"rendered":"\n<p><\/p>\n\n\n\n<p>Por: Luana Fran\u00e7a \/ Ascom Natan Portela<\/p>\n\n\n\n<p><\/p>\n\n\n\n<p>O Instituto Natan Portella, por meio do Servi\u00e7o Especializado em Seguran\u00e7a e Medicina do Trabalho (SESMT), deu in\u00edcio \u00e0 IV Semana do Trabalhador Imunizado, em alus\u00e3o ao Abril Verde, m\u00eas dedicado \u00e0 conscientiza\u00e7\u00e3o sobre sa\u00fade e seguran\u00e7a no trabalho.<\/p>\n\n\n\n<p>A programa\u00e7\u00e3o inclui atividades educativas e pr\u00e1ticas voltadas \u00e0 preven\u00e7\u00e3o de acidentes, ao descarte correto de res\u00edduos biol\u00f3gicos, \u00e0 promo\u00e7\u00e3o da sa\u00fade mental e ao fortalecimento da cultura de seguran\u00e7a no ambiente hospitalar.<\/p>\n\n\n\n<p>Como parte das a\u00e7\u00f5es, o hospital iniciou a campanha de imuniza\u00e7\u00e3o dos trabalhadores, com o objetivo de atualizar o cart\u00e3o vacinal ocupacional e ampliar as estrat\u00e9gias de cuidado e prote\u00e7\u00e3o das equipes.<\/p>\n\n\n\n<p>Em 2026, o Abril Verde traz como tema central a sa\u00fade mental no trabalho, com a proposta \u201cComo vai o trabalho?\u201d, definida pela Organiza\u00e7\u00e3o Internacional do Trabalho (OIT). A abordagem convida \u00e0 reflex\u00e3o sobre a import\u00e2ncia de ambientes mais acolhedores e atentos \u00e0s condi\u00e7\u00f5es emocionais dos profissionais.<\/p>\n\n\n\n<figure class=\"wp-block-image size-full\"><img decoding=\"async\" loading=\"lazy\" width=\"960\" height=\"612\" src=\"https:\/\/portal.pi.gov.br\/sesapi\/wp-content\/uploads\/sites\/101\/2026\/04\/d9a6791b-6e7e-46e9-a363-a0f590d67bcb.jpg\" alt=\"\" class=\"wp-image-10140\" srcset=\"https:\/\/portal.pi.gov.br\/sesapi\/wp-content\/uploads\/sites\/101\/2026\/04\/d9a6791b-6e7e-46e9-a363-a0f590d67bcb.jpg 960w, https:\/\/portal.pi.gov.br\/sesapi\/wp-content\/uploads\/sites\/101\/2026\/04\/d9a6791b-6e7e-46e9-a363-a0f590d67bcb-300x191.jpg 300w, https:\/\/portal.pi.gov.br\/sesapi\/wp-content\/uploads\/sites\/101\/2026\/04\/d9a6791b-6e7e-46e9-a363-a0f590d67bcb-768x490.jpg 768w, https:\/\/portal.pi.gov.br\/sesapi\/wp-content\/uploads\/sites\/101\/2026\/04\/d9a6791b-6e7e-46e9-a363-a0f590d67bcb-420x268.jpg 420w, https:\/\/portal.pi.gov.br\/sesapi\/wp-content\/uploads\/sites\/101\/2026\/04\/d9a6791b-6e7e-46e9-a363-a0f590d67bcb-540x344.jpg 540w, https:\/\/portal.pi.gov.br\/sesapi\/wp-content\/uploads\/sites\/101\/2026\/04\/d9a6791b-6e7e-46e9-a363-a0f590d67bcb-780x497.jpg 780w, https:\/\/portal.pi.gov.br\/sesapi\/wp-content\/uploads\/sites\/101\/2026\/04\/d9a6791b-6e7e-46e9-a363-a0f590d67bcb-947x604.jpg 947w, https:\/\/portal.pi.gov.br\/sesapi\/wp-content\/uploads\/sites\/101\/2026\/04\/d9a6791b-6e7e-46e9-a363-a0f590d67bcb-624x398.jpg 624w\" sizes=\"(max-width: 960px) 100vw, 960px\" \/><\/figure>\n\n\n\n<p>Para o diretor-geral do hospital, Jurandir Martins, o cuidado com os trabalhadores deve ser uma prioridade cont\u00ednua dentro das institui\u00e7\u00f5es de sa\u00fade.<\/p>\n\n\n\n<p>\u201cCuidar de quem cuida \u00e9 um compromisso di\u00e1rio. N\u00e3o existe assist\u00eancia de qualidade sem profissionais seguros, saud\u00e1veis e acolhidos. A sa\u00fade mental, hoje, \u00e9 uma pauta urgente e precisa ser tratada com responsabilidade e aten\u00e7\u00e3o coletiva no ambiente de trabalho\u201d, destacou.<\/p>\n\n\n\n<p>A proposta da campanha \u00e9 incentivar o cuidado integral com os trabalhadores, reconhecendo que a sa\u00fade mental \u00e9 essencial para a qualidade de vida e para a seguran\u00e7a no exerc\u00edcio das atividades, al\u00e9m de refor\u00e7ar que esse cuidado deve ser coletivo.<\/p>\n\n\n\n<p>A IV Semana do Trabalhador Imunizado segue com programa\u00e7\u00e3o ao longo dos pr\u00f3ximos dias, envolvendo colaboradores de diferentes setores, al\u00e9m de comiss\u00f5es internas, como a CIPA e a equipe de Gest\u00e3o de Res\u00edduos, em a\u00e7\u00f5es de conscientiza\u00e7\u00e3o e aprendizado.<\/p>\n\n\n\n<figure class=\"wp-block-gallery has-nested-images columns-default is-cropped wp-block-gallery-1 is-layout-flex\">\n<figure class=\"wp-block-image size-large\"><img decoding=\"async\" loading=\"lazy\" width=\"896\" height=\"552\" data-id=\"10139\"  src=\"https:\/\/portal.pi.gov.br\/sesapi\/wp-content\/uploads\/sites\/101\/2026\/04\/63b31ffd-5457-4b94-81d0-26a68c08252a.jpg\" alt=\"\" class=\"wp-image-10139\" srcset=\"https:\/\/portal.pi.gov.br\/sesapi\/wp-content\/uploads\/sites\/101\/2026\/04\/63b31ffd-5457-4b94-81d0-26a68c08252a.jpg 896w, https:\/\/portal.pi.gov.br\/sesapi\/wp-content\/uploads\/sites\/101\/2026\/04\/63b31ffd-5457-4b94-81d0-26a68c08252a-300x185.jpg 300w, https:\/\/portal.pi.gov.br\/sesapi\/wp-content\/uploads\/sites\/101\/2026\/04\/63b31ffd-5457-4b94-81d0-26a68c08252a-768x473.jpg 768w, https:\/\/portal.pi.gov.br\/sesapi\/wp-content\/uploads\/sites\/101\/2026\/04\/63b31ffd-5457-4b94-81d0-26a68c08252a-420x259.jpg 420w, https:\/\/portal.pi.gov.br\/sesapi\/wp-content\/uploads\/sites\/101\/2026\/04\/63b31ffd-5457-4b94-81d0-26a68c08252a-540x333.jpg 540w, https:\/\/portal.pi.gov.br\/sesapi\/wp-content\/uploads\/sites\/101\/2026\/04\/63b31ffd-5457-4b94-81d0-26a68c08252a-780x481.jpg 780w, https:\/\/portal.pi.gov.br\/sesapi\/wp-content\/uploads\/sites\/101\/2026\/04\/63b31ffd-5457-4b94-81d0-26a68c08252a-624x384.jpg 624w\" sizes=\"(max-width: 896px) 100vw, 896px\" \/><\/figure>\n\n\n\n<figure class=\"wp-block-image size-large\"><img decoding=\"async\" loading=\"lazy\" width=\"854\" height=\"499\" data-id=\"10141\"  src=\"https:\/\/portal.pi.gov.br\/sesapi\/wp-content\/uploads\/sites\/101\/2026\/04\/ece3c37a-ffbe-433e-8ed8-4de16c103e34.jpg\" alt=\"\" class=\"wp-image-10141\" srcset=\"https:\/\/portal.pi.gov.br\/sesapi\/wp-content\/uploads\/sites\/101\/2026\/04\/ece3c37a-ffbe-433e-8ed8-4de16c103e34.jpg 854w, https:\/\/portal.pi.gov.br\/sesapi\/wp-content\/uploads\/sites\/101\/2026\/04\/ece3c37a-ffbe-433e-8ed8-4de16c103e34-300x175.jpg 300w, https:\/\/portal.pi.gov.br\/sesapi\/wp-content\/uploads\/sites\/101\/2026\/04\/ece3c37a-ffbe-433e-8ed8-4de16c103e34-768x449.jpg 768w, https:\/\/portal.pi.gov.br\/sesapi\/wp-content\/uploads\/sites\/101\/2026\/04\/ece3c37a-ffbe-433e-8ed8-4de16c103e34-420x245.jpg 420w, https:\/\/portal.pi.gov.br\/sesapi\/wp-content\/uploads\/sites\/101\/2026\/04\/ece3c37a-ffbe-433e-8ed8-4de16c103e34-540x316.jpg 540w, https:\/\/portal.pi.gov.br\/sesapi\/wp-content\/uploads\/sites\/101\/2026\/04\/ece3c37a-ffbe-433e-8ed8-4de16c103e34-780x456.jpg 780w, https:\/\/portal.pi.gov.br\/sesapi\/wp-content\/uploads\/sites\/101\/2026\/04\/ece3c37a-ffbe-433e-8ed8-4de16c103e34-624x365.jpg 624w\" sizes=\"(max-width: 854px) 100vw, 854px\" \/><\/figure>\n<\/figure>\n","protected":false},"excerpt":{"rendered":"<p>Por: Luana Fran\u00e7a \/ Ascom Natan Portela O Instituto Natan Portella, por meio do Servi\u00e7o Especializado em Seguran\u00e7a e Medicina do Trabalho (SESMT), deu in\u00edcio \u00e0 IV Semana do Trabalhador [&hellip;]<\/p>\n","protected":false},"author":1814,"featured_media":10142,"comment_status":"closed","ping_status":"closed","sticky":false,"template":"","format":"standard","meta":[],"categories":[30],"tags":[73,142,43,36,85],"featured_image_urls":{"full":["https:\/\/portal.pi.gov.br\/sesapi\/wp-content\/uploads\/sites\/101\/2026\/04\/d9a6791b-6e7e-46e9-a363-a0f590d67bcb-1.jpg",960,612,false],"thumbnail":["https:\/\/portal.pi.gov.br\/sesapi\/wp-content\/uploads\/sites\/101\/2026\/04\/d9a6791b-6e7e-46e9-a363-a0f590d67bcb-1-150x150.jpg",150,150,true],"medium":["https:\/\/portal.pi.gov.br\/sesapi\/wp-content\/uploads\/sites\/101\/2026\/04\/d9a6791b-6e7e-46e9-a363-a0f590d67bcb-1-300x191.jpg",300,191,true],"medium_large":["https:\/\/portal.pi.gov.br\/sesapi\/wp-content\/uploads\/sites\/101\/2026\/04\/d9a6791b-6e7e-46e9-a363-a0f590d67bcb-1-768x490.jpg",768,490,true],"large":["https:\/\/portal.pi.gov.br\/sesapi\/wp-content\/uploads\/sites\/101\/2026\/04\/d9a6791b-6e7e-46e9-a363-a0f590d67bcb-1.jpg",887,565,false],"sgg-420":["https:\/\/portal.pi.gov.br\/sesapi\/wp-content\/uploads\/sites\/101\/2026\/04\/d9a6791b-6e7e-46e9-a363-a0f590d67bcb-1-420x268.jpg",420,268,true],"sgg-540":["https:\/\/portal.pi.gov.br\/sesapi\/wp-content\/uploads\/sites\/101\/2026\/04\/d9a6791b-6e7e-46e9-a363-a0f590d67bcb-1-540x344.jpg",540,344,true],"sgg-780":["https:\/\/portal.pi.gov.br\/sesapi\/wp-content\/uploads\/sites\/101\/2026\/04\/d9a6791b-6e7e-46e9-a363-a0f590d67bcb-1-780x497.jpg",780,497,true],"1536x1536":["https:\/\/portal.pi.gov.br\/sesapi\/wp-content\/uploads\/sites\/101\/2026\/04\/d9a6791b-6e7e-46e9-a363-a0f590d67bcb-1.jpg",960,612,false],"2048x2048":["https:\/\/portal.pi.gov.br\/sesapi\/wp-content\/uploads\/sites\/101\/2026\/04\/d9a6791b-6e7e-46e9-a363-a0f590d67bcb-1.jpg",960,612,false],"homepage-slider":["https:\/\/portal.pi.gov.br\/sesapi\/wp-content\/uploads\/sites\/101\/2026\/04\/d9a6791b-6e7e-46e9-a363-a0f590d67bcb-1-960x500.jpg",960,500,true],"homepage-slider-small":["https:\/\/portal.pi.gov.br\/sesapi\/wp-content\/uploads\/sites\/101\/2026\/04\/d9a6791b-6e7e-46e9-a363-a0f590d67bcb-1-947x500.jpg",947,500,true],"page-top":["https:\/\/portal.pi.gov.br\/sesapi\/wp-content\/uploads\/sites\/101\/2026\/04\/d9a6791b-6e7e-46e9-a363-a0f590d67bcb-1-947x604.jpg",947,604,true],"page-small":["https:\/\/portal.pi.gov.br\/sesapi\/wp-content\/uploads\/sites\/101\/2026\/04\/d9a6791b-6e7e-46e9-a363-a0f590d67bcb-1-624x398.jpg",624,398,true],"loop-main":["https:\/\/portal.pi.gov.br\/sesapi\/wp-content\/uploads\/sites\/101\/2026\/04\/d9a6791b-6e7e-46e9-a363-a0f590d67bcb-1-365x240.jpg",365,240,true],"thumb-gallery-widget":["https:\/\/portal.pi.gov.br\/sesapi\/wp-content\/uploads\/sites\/101\/2026\/04\/d9a6791b-6e7e-46e9-a363-a0f590d67bcb-1-84x56.jpg",84,56,true]},"post_excerpt_stackable":"<p>Por: Luana Fran\u00e7a \/ Ascom Natan Portela O Instituto Natan Portella, por meio do Servi\u00e7o Especializado em Seguran\u00e7a e Medicina do Trabalho (SESMT), deu in\u00edcio \u00e0 IV Semana do Trabalhador Imunizado, em alus\u00e3o ao Abril Verde, m\u00eas dedicado \u00e0 conscientiza\u00e7\u00e3o sobre sa\u00fade e seguran\u00e7a no trabalho. A programa\u00e7\u00e3o inclui atividades educativas e pr\u00e1ticas voltadas \u00e0 preven\u00e7\u00e3o de acidentes, ao descarte correto de res\u00edduos biol\u00f3gicos, \u00e0 promo\u00e7\u00e3o da sa\u00fade mental e ao fortalecimento da cultura de seguran\u00e7a no ambiente hospitalar. Como parte das a\u00e7\u00f5es, o hospital iniciou a campanha de imuniza\u00e7\u00e3o dos trabalhadores, com o objetivo de atualizar o cart\u00e3o vacinal&hellip;<\/p>\n","category_list":"<a href=\"https:\/\/portal.pi.gov.br\/sesapi\/category\/noticias\/\" rel=\"category tag\">Not\u00edcias<\/a>","author_info":{"name":"elisangelapegado","url":"https:\/\/portal.pi.gov.br\/sesapi\/author\/elisangelapegado\/"},"comments_num":"0 coment\u00e1rio","featured_image_urls_v2":{"full":["https:\/\/portal.pi.gov.br\/sesapi\/wp-content\/uploads\/sites\/101\/2026\/04\/d9a6791b-6e7e-46e9-a363-a0f590d67bcb-1.jpg",960,612,false],"thumbnail":["https:\/\/portal.pi.gov.br\/sesapi\/wp-content\/uploads\/sites\/101\/2026\/04\/d9a6791b-6e7e-46e9-a363-a0f590d67bcb-1-150x150.jpg",150,150,true],"medium":["https:\/\/portal.pi.gov.br\/sesapi\/wp-content\/uploads\/sites\/101\/2026\/04\/d9a6791b-6e7e-46e9-a363-a0f590d67bcb-1-300x191.jpg",300,191,true],"medium_large":["https:\/\/portal.pi.gov.br\/sesapi\/wp-content\/uploads\/sites\/101\/2026\/04\/d9a6791b-6e7e-46e9-a363-a0f590d67bcb-1-768x490.jpg",768,490,true],"large":["https:\/\/portal.pi.gov.br\/sesapi\/wp-content\/uploads\/sites\/101\/2026\/04\/d9a6791b-6e7e-46e9-a363-a0f590d67bcb-1.jpg",887,565,false],"sgg-420":["https:\/\/portal.pi.gov.br\/sesapi\/wp-content\/uploads\/sites\/101\/2026\/04\/d9a6791b-6e7e-46e9-a363-a0f590d67bcb-1-420x268.jpg",420,268,true],"sgg-540":["https:\/\/portal.pi.gov.br\/sesapi\/wp-content\/uploads\/sites\/101\/2026\/04\/d9a6791b-6e7e-46e9-a363-a0f590d67bcb-1-540x344.jpg",540,344,true],"sgg-780":["https:\/\/portal.pi.gov.br\/sesapi\/wp-content\/uploads\/sites\/101\/2026\/04\/d9a6791b-6e7e-46e9-a363-a0f590d67bcb-1-780x497.jpg",780,497,true],"1536x1536":["https:\/\/portal.pi.gov.br\/sesapi\/wp-content\/uploads\/sites\/101\/2026\/04\/d9a6791b-6e7e-46e9-a363-a0f590d67bcb-1.jpg",960,612,false],"2048x2048":["https:\/\/portal.pi.gov.br\/sesapi\/wp-content\/uploads\/sites\/101\/2026\/04\/d9a6791b-6e7e-46e9-a363-a0f590d67bcb-1.jpg",960,612,false],"homepage-slider":["https:\/\/portal.pi.gov.br\/sesapi\/wp-content\/uploads\/sites\/101\/2026\/04\/d9a6791b-6e7e-46e9-a363-a0f590d67bcb-1-960x500.jpg",960,500,true],"homepage-slider-small":["https:\/\/portal.pi.gov.br\/sesapi\/wp-content\/uploads\/sites\/101\/2026\/04\/d9a6791b-6e7e-46e9-a363-a0f590d67bcb-1-947x500.jpg",947,500,true],"page-top":["https:\/\/portal.pi.gov.br\/sesapi\/wp-content\/uploads\/sites\/101\/2026\/04\/d9a6791b-6e7e-46e9-a363-a0f590d67bcb-1-947x604.jpg",947,604,true],"page-small":["https:\/\/portal.pi.gov.br\/sesapi\/wp-content\/uploads\/sites\/101\/2026\/04\/d9a6791b-6e7e-46e9-a363-a0f590d67bcb-1-624x398.jpg",624,398,true],"loop-main":["https:\/\/portal.pi.gov.br\/sesapi\/wp-content\/uploads\/sites\/101\/2026\/04\/d9a6791b-6e7e-46e9-a363-a0f590d67bcb-1-365x240.jpg",365,240,true],"thumb-gallery-widget":["https:\/\/portal.pi.gov.br\/sesapi\/wp-content\/uploads\/sites\/101\/2026\/04\/d9a6791b-6e7e-46e9-a363-a0f590d67bcb-1-84x56.jpg",84,56,true]},"post_excerpt_stackable_v2":"<p>Por: Luana Fran\u00e7a \/ Ascom Natan Portela O Instituto Natan Portella, por meio do Servi\u00e7o Especializado em Seguran\u00e7a e Medicina do Trabalho (SESMT), deu in\u00edcio \u00e0 IV Semana do Trabalhador Imunizado, em alus\u00e3o ao Abril Verde, m\u00eas dedicado \u00e0 conscientiza\u00e7\u00e3o sobre sa\u00fade e seguran\u00e7a no trabalho. A programa\u00e7\u00e3o inclui atividades educativas e pr\u00e1ticas voltadas \u00e0 preven\u00e7\u00e3o de acidentes, ao descarte correto de res\u00edduos biol\u00f3gicos, \u00e0 promo\u00e7\u00e3o da sa\u00fade mental e ao fortalecimento da cultura de seguran\u00e7a no ambiente hospitalar. Como parte das a\u00e7\u00f5es, o hospital iniciou a campanha de imuniza\u00e7\u00e3o dos trabalhadores, com o objetivo de atualizar o cart\u00e3o vacinal&hellip;<\/p>\n","category_list_v2":"<a href=\"https:\/\/portal.pi.gov.br\/sesapi\/category\/noticias\/\" rel=\"category tag\">Not\u00edcias<\/a>","author_info_v2":{"name":"elisangelapegado","url":"https:\/\/portal.pi.gov.br\/sesapi\/author\/elisangelapegado\/"},"comments_num_v2":"0 coment\u00e1rio","jetpack_featured_media_url":"https:\/\/portal.pi.gov.br\/sesapi\/wp-content\/uploads\/sites\/101\/2026\/04\/d9a6791b-6e7e-46e9-a363-a0f590d67bcb-1.jpg","_links":{"self":[{"href":"https:\/\/portal.pi.gov.br\/sesapi\/wp-json\/wp\/v2\/posts\/10138"}],"collection":[{"href":"https:\/\/portal.pi.gov.br\/sesapi\/wp-json\/wp\/v2\/posts"}],"about":[{"href":"https:\/\/portal.pi.gov.br\/sesapi\/wp-json\/wp\/v2\/types\/post"}],"author":[{"embeddable":true,"href":"https:\/\/portal.pi.gov.br\/sesapi\/wp-json\/wp\/v2\/users\/1814"}],"replies":[{"embeddable":true,"href":"https:\/\/portal.pi.gov.br\/sesapi\/wp-json\/wp\/v2\/comments?post=10138"}],"version-history":[{"count":1,"href":"https:\/\/portal.pi.gov.br\/sesapi\/wp-json\/wp\/v2\/posts\/10138\/revisions"}],"predecessor-version":[{"id":10143,"href":"https:\/\/portal.pi.gov.br\/sesapi\/wp-json\/wp\/v2\/posts\/10138\/revisions\/10143"}],"wp:featuredmedia":[{"embeddable":true,"href":"https:\/\/portal.pi.gov.br\/sesapi\/wp-json\/wp\/v2\/media\/10142"}],"wp:attachment":[{"href":"https:\/\/portal.pi.gov.br\/sesapi\/wp-json\/wp\/v2\/media?parent=10138"}],"wp:term":[{"taxonomy":"category","embeddable":true,"href":"https:\/\/portal.pi.gov.br\/sesapi\/wp-json\/wp\/v2\/categories?post=10138"},{"taxonomy":"post_tag","embeddable":true,"href":"https:\/\/portal.pi.gov.br\/sesapi\/wp-json\/wp\/v2\/tags?post=10138"}],"curies":[{"name":"wp","href":"https:\/\/api.w.org\/{rel}","templated":true}]}}