{"id":10158,"date":"2026-04-30T10:58:33","date_gmt":"2026-04-30T13:58:33","guid":{"rendered":"https:\/\/portal.pi.gov.br\/sesapi\/?p=10158"},"modified":"2026-04-30T10:58:34","modified_gmt":"2026-04-30T13:58:34","slug":"sesapi-abre-campanha-do-maio-amarelo-2026-com-acoes-educativas-para-a-reducao-de-acidentes-no-piaui","status":"publish","type":"post","link":"https:\/\/portal.pi.gov.br\/sesapi\/2026\/04\/30\/sesapi-abre-campanha-do-maio-amarelo-2026-com-acoes-educativas-para-a-reducao-de-acidentes-no-piaui\/","title":{"rendered":"Sesapi abre campanha do Maio Amarelo 2026 com a\u00e7\u00f5es educativas para a redu\u00e7\u00e3o de acidentes no Piau\u00ed"},"content":{"rendered":"\n<p>A Secretaria da Sa\u00fade do Piau\u00ed (Sesapi) realizou, nesta quinta-feira (30), a abertura do Maio Amarelo 2026, m\u00eas de conscientiza\u00e7\u00e3o para a redu\u00e7\u00e3o de acidentes e mortes no tr\u00e2nsito. O evento aconteceu na Pra\u00e7a Pedro II, no Centro de Teresina, e contou com a participa\u00e7\u00e3o da Pol\u00edcia Rodovi\u00e1ria Federal (PRF), Pol\u00edcia Militar (PM), Departamento de Tr\u00e2nsito (Detran-PI) e representantes de diversos munic\u00edpios.<\/p>\n\n\n\n<figure class=\"wp-block-image size-large\"><img decoding=\"async\" loading=\"lazy\" width=\"1024\" height=\"768\" src=\"https:\/\/portal.pi.gov.br\/sesapi\/wp-content\/uploads\/sites\/101\/2026\/04\/1-7-1024x768.jpg\" alt=\"\" class=\"wp-image-10159\" srcset=\"https:\/\/portal.pi.gov.br\/sesapi\/wp-content\/uploads\/sites\/101\/2026\/04\/1-7-1024x768.jpg 1024w, https:\/\/portal.pi.gov.br\/sesapi\/wp-content\/uploads\/sites\/101\/2026\/04\/1-7-300x225.jpg 300w, https:\/\/portal.pi.gov.br\/sesapi\/wp-content\/uploads\/sites\/101\/2026\/04\/1-7-768x576.jpg 768w, https:\/\/portal.pi.gov.br\/sesapi\/wp-content\/uploads\/sites\/101\/2026\/04\/1-7-420x315.jpg 420w, https:\/\/portal.pi.gov.br\/sesapi\/wp-content\/uploads\/sites\/101\/2026\/04\/1-7-540x405.jpg 540w, https:\/\/portal.pi.gov.br\/sesapi\/wp-content\/uploads\/sites\/101\/2026\/04\/1-7-780x585.jpg 780w, https:\/\/portal.pi.gov.br\/sesapi\/wp-content\/uploads\/sites\/101\/2026\/04\/1-7-1536x1152.jpg 1536w, https:\/\/portal.pi.gov.br\/sesapi\/wp-content\/uploads\/sites\/101\/2026\/04\/1-7-947x710.jpg 947w, https:\/\/portal.pi.gov.br\/sesapi\/wp-content\/uploads\/sites\/101\/2026\/04\/1-7-624x468.jpg 624w, https:\/\/portal.pi.gov.br\/sesapi\/wp-content\/uploads\/sites\/101\/2026\/04\/1-7.jpg 1600w\" sizes=\"(max-width: 1024px) 100vw, 1024px\" \/><\/figure>\n\n\n\n<p>Com o tema \u201cNo tr\u00e2nsito, enxergar o outro \u00e9 salvar vidas\u201d, a iniciativa \u00e9 coordenada pela Vigil\u00e2ncia em Sa\u00fade e pelo Programa Vida no Tr\u00e2nsito (PVT). \u201cVamos intensificar as a\u00e7\u00f5es educativas e de conscientiza\u00e7\u00e3o de motoristas, ciclistas e da popula\u00e7\u00e3o em geral sobre a import\u00e2ncia do cuidado no tr\u00e2nsito\u201d, enfatizou Am\u00e9lia Costa, coordenadora de Epidemiologia da Sesapi.<\/p>\n\n\n\n<p>A programa\u00e7\u00e3o ainda prev\u00ea a realiza\u00e7\u00e3o de uma abertura estadual da campanha no dia 6 de maio, no munic\u00edpio de Parna\u00edba. Al\u00e9m disso, tamb\u00e9m ocorrer\u00e3o atividades nos dias 7 e 8 de maio nas cidades de Campo Maior e Piripiri. Entre os dias 11 e 15, as a\u00e7\u00f5es ser\u00e3o realizadas em S\u00e3o Raimundo Nonato e Corrente, com destaque para a abertura prevista para o dia 12.<\/p>\n\n\n\n<figure class=\"wp-block-image size-large\"><img decoding=\"async\" loading=\"lazy\" width=\"1024\" height=\"768\" src=\"https:\/\/portal.pi.gov.br\/sesapi\/wp-content\/uploads\/sites\/101\/2026\/04\/3-5-1024x768.jpg\" alt=\"\" class=\"wp-image-10160\" srcset=\"https:\/\/portal.pi.gov.br\/sesapi\/wp-content\/uploads\/sites\/101\/2026\/04\/3-5-1024x768.jpg 1024w, https:\/\/portal.pi.gov.br\/sesapi\/wp-content\/uploads\/sites\/101\/2026\/04\/3-5-300x225.jpg 300w, https:\/\/portal.pi.gov.br\/sesapi\/wp-content\/uploads\/sites\/101\/2026\/04\/3-5-768x576.jpg 768w, https:\/\/portal.pi.gov.br\/sesapi\/wp-content\/uploads\/sites\/101\/2026\/04\/3-5-420x315.jpg 420w, https:\/\/portal.pi.gov.br\/sesapi\/wp-content\/uploads\/sites\/101\/2026\/04\/3-5-540x405.jpg 540w, https:\/\/portal.pi.gov.br\/sesapi\/wp-content\/uploads\/sites\/101\/2026\/04\/3-5-780x585.jpg 780w, https:\/\/portal.pi.gov.br\/sesapi\/wp-content\/uploads\/sites\/101\/2026\/04\/3-5-1536x1152.jpg 1536w, https:\/\/portal.pi.gov.br\/sesapi\/wp-content\/uploads\/sites\/101\/2026\/04\/3-5-947x710.jpg 947w, https:\/\/portal.pi.gov.br\/sesapi\/wp-content\/uploads\/sites\/101\/2026\/04\/3-5-624x468.jpg 624w, https:\/\/portal.pi.gov.br\/sesapi\/wp-content\/uploads\/sites\/101\/2026\/04\/3-5.jpg 1600w\" sizes=\"(max-width: 1024px) 100vw, 1024px\" \/><\/figure>\n\n\n\n<p>Ainda dentro do cronograma, o dia 20 de maio marca a implanta\u00e7\u00e3o do Programa Vida no Tr\u00e2nsito em Picos, junto \u00e0 abertura oficial da campanha no munic\u00edpio. J\u00e1 entre os dias 25 e 27, ser\u00e1 realizado o monitoramento das a\u00e7\u00f5es do programa em Parna\u00edba. No dia 26, o movimento ser\u00e1 aberto em Uru\u00e7u\u00ed, refor\u00e7ando a mobiliza\u00e7\u00e3o em diferentes regi\u00f5es do estado.<\/p>\n\n\n\n<p>\u201cO tr\u00e2nsito \u00e9 responsabilidade de todos n\u00f3s e devemos assumir esse posicionamento de controle do tr\u00e2nsito n\u00e3o s\u00f3 no m\u00eas de maio, mas durante todo o ano. Essas a\u00e7\u00f5es s\u00e3o importantes para conseguirmos controlar o tr\u00e2nsito, torn\u00e1-lo mais seguro e reduzir os acidentes, que causam muitas mortes e tamb\u00e9m deixam diversas pessoas com sequelas para a vida toda\u201d, concluiu Am\u00e9lia Costa.<\/p>\n","protected":false},"excerpt":{"rendered":"<p>A Secretaria da Sa\u00fade do Piau\u00ed (Sesapi) realizou, nesta quinta-feira (30), a abertura do Maio Amarelo 2026, m\u00eas de conscientiza\u00e7\u00e3o para a redu\u00e7\u00e3o de acidentes e mortes no tr\u00e2nsito. O [&hellip;]<\/p>\n","protected":false},"author":1813,"featured_media":10159,"comment_status":"closed","ping_status":"closed","sticky":false,"template":"","format":"standard","meta":[],"categories":[30],"tags":[],"featured_image_urls":{"full":["https:\/\/portal.pi.gov.br\/sesapi\/wp-content\/uploads\/sites\/101\/2026\/04\/1-7.jpg",1600,1200,false],"thumbnail":["https:\/\/portal.pi.gov.br\/sesapi\/wp-content\/uploads\/sites\/101\/2026\/04\/1-7-150x150.jpg",150,150,true],"medium":["https:\/\/portal.pi.gov.br\/sesapi\/wp-content\/uploads\/sites\/101\/2026\/04\/1-7-300x225.jpg",300,225,true],"medium_large":["https:\/\/portal.pi.gov.br\/sesapi\/wp-content\/uploads\/sites\/101\/2026\/04\/1-7-768x576.jpg",768,576,true],"large":["https:\/\/portal.pi.gov.br\/sesapi\/wp-content\/uploads\/sites\/101\/2026\/04\/1-7-1024x768.jpg",887,665,true],"sgg-420":["https:\/\/portal.pi.gov.br\/sesapi\/wp-content\/uploads\/sites\/101\/2026\/04\/1-7-420x315.jpg",420,315,true],"sgg-540":["https:\/\/portal.pi.gov.br\/sesapi\/wp-content\/uploads\/sites\/101\/2026\/04\/1-7-540x405.jpg",540,405,true],"sgg-780":["https:\/\/portal.pi.gov.br\/sesapi\/wp-content\/uploads\/sites\/101\/2026\/04\/1-7-780x585.jpg",780,585,true],"1536x1536":["https:\/\/portal.pi.gov.br\/sesapi\/wp-content\/uploads\/sites\/101\/2026\/04\/1-7-1536x1152.jpg",1536,1152,true],"2048x2048":["https:\/\/portal.pi.gov.br\/sesapi\/wp-content\/uploads\/sites\/101\/2026\/04\/1-7.jpg",1600,1200,false],"homepage-slider":["https:\/\/portal.pi.gov.br\/sesapi\/wp-content\/uploads\/sites\/101\/2026\/04\/1-7-1270x500.jpg",1270,500,true],"homepage-slider-small":["https:\/\/portal.pi.gov.br\/sesapi\/wp-content\/uploads\/sites\/101\/2026\/04\/1-7-947x500.jpg",947,500,true],"page-top":["https:\/\/portal.pi.gov.br\/sesapi\/wp-content\/uploads\/sites\/101\/2026\/04\/1-7-947x710.jpg",947,710,true],"page-small":["https:\/\/portal.pi.gov.br\/sesapi\/wp-content\/uploads\/sites\/101\/2026\/04\/1-7-624x468.jpg",624,468,true],"loop-main":["https:\/\/portal.pi.gov.br\/sesapi\/wp-content\/uploads\/sites\/101\/2026\/04\/1-7-365x240.jpg",365,240,true],"thumb-gallery-widget":["https:\/\/portal.pi.gov.br\/sesapi\/wp-content\/uploads\/sites\/101\/2026\/04\/1-7-84x56.jpg",84,56,true]},"post_excerpt_stackable":"<p>A Secretaria da Sa\u00fade do Piau\u00ed (Sesapi) realizou, nesta quinta-feira (30), a abertura do Maio Amarelo 2026, m\u00eas de conscientiza\u00e7\u00e3o para a redu\u00e7\u00e3o de acidentes e mortes no tr\u00e2nsito. O evento aconteceu na Pra\u00e7a Pedro II, no Centro de Teresina, e contou com a participa\u00e7\u00e3o da Pol\u00edcia Rodovi\u00e1ria Federal (PRF), Pol\u00edcia Militar (PM), Departamento de Tr\u00e2nsito (Detran-PI) e representantes de diversos munic\u00edpios. Com o tema \u201cNo tr\u00e2nsito, enxergar o outro \u00e9 salvar vidas\u201d, a iniciativa \u00e9 coordenada pela Vigil\u00e2ncia em Sa\u00fade e pelo Programa Vida no Tr\u00e2nsito (PVT). \u201cVamos intensificar as a\u00e7\u00f5es educativas e de conscientiza\u00e7\u00e3o de motoristas, ciclistas e&hellip;<\/p>\n","category_list":"<a href=\"https:\/\/portal.pi.gov.br\/sesapi\/category\/noticias\/\" rel=\"category tag\">Not\u00edcias<\/a>","author_info":{"name":"brenocavalcante","url":"https:\/\/portal.pi.gov.br\/sesapi\/author\/brenocavalcante\/"},"comments_num":"0 coment\u00e1rio","featured_image_urls_v2":{"full":["https:\/\/portal.pi.gov.br\/sesapi\/wp-content\/uploads\/sites\/101\/2026\/04\/1-7.jpg",1600,1200,false],"thumbnail":["https:\/\/portal.pi.gov.br\/sesapi\/wp-content\/uploads\/sites\/101\/2026\/04\/1-7-150x150.jpg",150,150,true],"medium":["https:\/\/portal.pi.gov.br\/sesapi\/wp-content\/uploads\/sites\/101\/2026\/04\/1-7-300x225.jpg",300,225,true],"medium_large":["https:\/\/portal.pi.gov.br\/sesapi\/wp-content\/uploads\/sites\/101\/2026\/04\/1-7-768x576.jpg",768,576,true],"large":["https:\/\/portal.pi.gov.br\/sesapi\/wp-content\/uploads\/sites\/101\/2026\/04\/1-7-1024x768.jpg",887,665,true],"sgg-420":["https:\/\/portal.pi.gov.br\/sesapi\/wp-content\/uploads\/sites\/101\/2026\/04\/1-7-420x315.jpg",420,315,true],"sgg-540":["https:\/\/portal.pi.gov.br\/sesapi\/wp-content\/uploads\/sites\/101\/2026\/04\/1-7-540x405.jpg",540,405,true],"sgg-780":["https:\/\/portal.pi.gov.br\/sesapi\/wp-content\/uploads\/sites\/101\/2026\/04\/1-7-780x585.jpg",780,585,true],"1536x1536":["https:\/\/portal.pi.gov.br\/sesapi\/wp-content\/uploads\/sites\/101\/2026\/04\/1-7-1536x1152.jpg",1536,1152,true],"2048x2048":["https:\/\/portal.pi.gov.br\/sesapi\/wp-content\/uploads\/sites\/101\/2026\/04\/1-7.jpg",1600,1200,false],"homepage-slider":["https:\/\/portal.pi.gov.br\/sesapi\/wp-content\/uploads\/sites\/101\/2026\/04\/1-7-1270x500.jpg",1270,500,true],"homepage-slider-small":["https:\/\/portal.pi.gov.br\/sesapi\/wp-content\/uploads\/sites\/101\/2026\/04\/1-7-947x500.jpg",947,500,true],"page-top":["https:\/\/portal.pi.gov.br\/sesapi\/wp-content\/uploads\/sites\/101\/2026\/04\/1-7-947x710.jpg",947,710,true],"page-small":["https:\/\/portal.pi.gov.br\/sesapi\/wp-content\/uploads\/sites\/101\/2026\/04\/1-7-624x468.jpg",624,468,true],"loop-main":["https:\/\/portal.pi.gov.br\/sesapi\/wp-content\/uploads\/sites\/101\/2026\/04\/1-7-365x240.jpg",365,240,true],"thumb-gallery-widget":["https:\/\/portal.pi.gov.br\/sesapi\/wp-content\/uploads\/sites\/101\/2026\/04\/1-7-84x56.jpg",84,56,true]},"post_excerpt_stackable_v2":"<p>A Secretaria da Sa\u00fade do Piau\u00ed (Sesapi) realizou, nesta quinta-feira (30), a abertura do Maio Amarelo 2026, m\u00eas de conscientiza\u00e7\u00e3o para a redu\u00e7\u00e3o de acidentes e mortes no tr\u00e2nsito. O evento aconteceu na Pra\u00e7a Pedro II, no Centro de Teresina, e contou com a participa\u00e7\u00e3o da Pol\u00edcia Rodovi\u00e1ria Federal (PRF), Pol\u00edcia Militar (PM), Departamento de Tr\u00e2nsito (Detran-PI) e representantes de diversos munic\u00edpios. Com o tema \u201cNo tr\u00e2nsito, enxergar o outro \u00e9 salvar vidas\u201d, a iniciativa \u00e9 coordenada pela Vigil\u00e2ncia em Sa\u00fade e pelo Programa Vida no Tr\u00e2nsito (PVT). \u201cVamos intensificar as a\u00e7\u00f5es educativas e de conscientiza\u00e7\u00e3o de motoristas, ciclistas e&hellip;<\/p>\n","category_list_v2":"<a href=\"https:\/\/portal.pi.gov.br\/sesapi\/category\/noticias\/\" rel=\"category tag\">Not\u00edcias<\/a>","author_info_v2":{"name":"brenocavalcante","url":"https:\/\/portal.pi.gov.br\/sesapi\/author\/brenocavalcante\/"},"comments_num_v2":"0 coment\u00e1rio","jetpack_featured_media_url":"https:\/\/portal.pi.gov.br\/sesapi\/wp-content\/uploads\/sites\/101\/2026\/04\/1-7.jpg","_links":{"self":[{"href":"https:\/\/portal.pi.gov.br\/sesapi\/wp-json\/wp\/v2\/posts\/10158"}],"collection":[{"href":"https:\/\/portal.pi.gov.br\/sesapi\/wp-json\/wp\/v2\/posts"}],"about":[{"href":"https:\/\/portal.pi.gov.br\/sesapi\/wp-json\/wp\/v2\/types\/post"}],"author":[{"embeddable":true,"href":"https:\/\/portal.pi.gov.br\/sesapi\/wp-json\/wp\/v2\/users\/1813"}],"replies":[{"embeddable":true,"href":"https:\/\/portal.pi.gov.br\/sesapi\/wp-json\/wp\/v2\/comments?post=10158"}],"version-history":[{"count":1,"href":"https:\/\/portal.pi.gov.br\/sesapi\/wp-json\/wp\/v2\/posts\/10158\/revisions"}],"predecessor-version":[{"id":10161,"href":"https:\/\/portal.pi.gov.br\/sesapi\/wp-json\/wp\/v2\/posts\/10158\/revisions\/10161"}],"wp:featuredmedia":[{"embeddable":true,"href":"https:\/\/portal.pi.gov.br\/sesapi\/wp-json\/wp\/v2\/media\/10159"}],"wp:attachment":[{"href":"https:\/\/portal.pi.gov.br\/sesapi\/wp-json\/wp\/v2\/media?parent=10158"}],"wp:term":[{"taxonomy":"category","embeddable":true,"href":"https:\/\/portal.pi.gov.br\/sesapi\/wp-json\/wp\/v2\/categories?post=10158"},{"taxonomy":"post_tag","embeddable":true,"href":"https:\/\/portal.pi.gov.br\/sesapi\/wp-json\/wp\/v2\/tags?post=10158"}],"curies":[{"name":"wp","href":"https:\/\/api.w.org\/{rel}","templated":true}]}}