{"id":1219,"date":"2024-11-08T14:34:47","date_gmt":"2024-11-08T17:34:47","guid":{"rendered":"https:\/\/portal.pi.gov.br\/sesapi\/?p=1219"},"modified":"2024-11-08T14:34:48","modified_gmt":"2024-11-08T17:34:48","slug":"sesapi-realiza-dia-d-de-combate-ao-cancer-de-boca-e-lanca-aplicativo-para-facilitar-diagnostico-precoce-da-doenca","status":"publish","type":"post","link":"https:\/\/portal.pi.gov.br\/sesapi\/2024\/11\/08\/sesapi-realiza-dia-d-de-combate-ao-cancer-de-boca-e-lanca-aplicativo-para-facilitar-diagnostico-precoce-da-doenca\/","title":{"rendered":"Sesapi realiza Dia D de Combate ao C\u00e2ncer de Boca e lan\u00e7a aplicativo para facilitar diagn\u00f3stico precoce da doen\u00e7a"},"content":{"rendered":"\n<p>A Secretaria da Sa\u00fade do Piau\u00ed (Sesapi) realizou, nesta sexta-feira (8), o &#8220;Dia D de Combate ao C\u00e2ncer de Boca&#8221;. Al\u00e9m de palestras com especialistas da \u00e1rea, o evento tamb\u00e9m marcou o lan\u00e7amento do aplicativo TeleEstomato, desenvolvido pela Universidade Federal da Para\u00edba (UFPB) em parceria com o Minist\u00e9rio da Sa\u00fade, para auxiliar t\u00e9cnicos e cirurgi\u00f5es-dentistas no diagn\u00f3stico precoce da doen\u00e7a no estado.<\/p>\n\n\n\n<p>O evento, realizado no Diferencial Buffet, em Teresina, reuniu dentistas, t\u00e9cnicos, auxiliares e coordenadores das equipes municipais. De acordo com Roberta Salvador, o principal objetivo da a\u00e7\u00e3o foi reunir os profissionais para discutir a import\u00e2ncia da detec\u00e7\u00e3o precoce do c\u00e2ncer de boca na Rede de Aten\u00e7\u00e3o \u00e0 Sa\u00fade Bucal (RASB) e destacar o aux\u00edlio do aplicativo TeleEstomato neste processo.\u00a0<\/p>\n\n\n\n<figure class=\"wp-block-image size-full\"><img decoding=\"async\" loading=\"lazy\" width=\"800\" height=\"600\" src=\"https:\/\/portal.pi.gov.br\/sesapi\/wp-content\/uploads\/sites\/101\/2024\/11\/diad.jpeg\" alt=\"\" class=\"wp-image-1220\" srcset=\"https:\/\/portal.pi.gov.br\/sesapi\/wp-content\/uploads\/sites\/101\/2024\/11\/diad.jpeg 800w, https:\/\/portal.pi.gov.br\/sesapi\/wp-content\/uploads\/sites\/101\/2024\/11\/diad-300x225.jpeg 300w, https:\/\/portal.pi.gov.br\/sesapi\/wp-content\/uploads\/sites\/101\/2024\/11\/diad-768x576.jpeg 768w, https:\/\/portal.pi.gov.br\/sesapi\/wp-content\/uploads\/sites\/101\/2024\/11\/diad-420x315.jpeg 420w, https:\/\/portal.pi.gov.br\/sesapi\/wp-content\/uploads\/sites\/101\/2024\/11\/diad-540x405.jpeg 540w, https:\/\/portal.pi.gov.br\/sesapi\/wp-content\/uploads\/sites\/101\/2024\/11\/diad-780x585.jpeg 780w, https:\/\/portal.pi.gov.br\/sesapi\/wp-content\/uploads\/sites\/101\/2024\/11\/diad-624x468.jpeg 624w\" sizes=\"(max-width: 800px) 100vw, 800px\" \/><figcaption class=\"wp-element-caption\">Dia D contra o C\u00e2ncer de Boca realizado pela Sesapi<\/figcaption><\/figure>\n\n\n\n<p>\u201cServe como um suporte aos profissionais que tenham alguma d\u00favida em rela\u00e7\u00e3o \u00e0 les\u00e3o do paciente. Ele tira fotos, faz v\u00eddeos e encaminha o material para um especialista em estomatologia, que vai avaliar o caso e dar o diagn\u00f3stico se \u00e9 uma suspeita de c\u00e2ncer ou n\u00e3o. Caso se confirme a suspeita, \u00e9 iniciado o fluxo de atendimento, para darmos in\u00edcio ao tratamento o mais r\u00e1pido poss\u00edvel\u201d, disse a coordenadora.\u00a0<\/p>\n\n\n\n<p>Representando o secret\u00e1rio estadual de Sa\u00fade, o superintendente de gest\u00e3o da rede de m\u00e9dia e alta complexidade, Dirceu Camp\u00ealo, refor\u00e7ou o compromisso da Sesapi com a preven\u00e7\u00e3o e detec\u00e7\u00e3o precoce do c\u00e2ncer de boca. Na ocasi\u00e3o, o gestor destacou a import\u00e2ncia do aplicativo TeleEstomato, que vai funcionar de forma integrada com o programa Piau\u00ed Sa\u00fade Digital em todo o estado.&nbsp;<\/p>\n\n\n\n<p>\u201cSabemos da grande necessidade de darmos aten\u00e7\u00e3o \u00e0s patologias oncol\u00f3gicas, que s\u00e3o patologias extremamente debilitantes que precisam ser tratadas na fase mais precoce, para que o paciente tenha melhores resultados no tratamento. A telessa\u00fade tem esse objetivo, de dar mais acesso aos servi\u00e7os, fazer o diagn\u00f3stico precoce e oferecer melhor resultado no tratamento do paciente\u201d, concluiu o superintendente.<\/p>\n","protected":false},"excerpt":{"rendered":"<p>A Secretaria da Sa\u00fade do Piau\u00ed (Sesapi) realizou, nesta sexta-feira (8), o &#8220;Dia D de Combate ao C\u00e2ncer de Boca&#8221;. Al\u00e9m de palestras com especialistas da \u00e1rea, o evento tamb\u00e9m [&hellip;]<\/p>\n","protected":false},"author":1808,"featured_media":1220,"comment_status":"closed","ping_status":"closed","sticky":false,"template":"","format":"standard","meta":[],"categories":[30],"tags":[],"featured_image_urls":{"full":["https:\/\/portal.pi.gov.br\/sesapi\/wp-content\/uploads\/sites\/101\/2024\/11\/diad.jpeg",800,600,false],"thumbnail":["https:\/\/portal.pi.gov.br\/sesapi\/wp-content\/uploads\/sites\/101\/2024\/11\/diad-150x150.jpeg",150,150,true],"medium":["https:\/\/portal.pi.gov.br\/sesapi\/wp-content\/uploads\/sites\/101\/2024\/11\/diad-300x225.jpeg",300,225,true],"medium_large":["https:\/\/portal.pi.gov.br\/sesapi\/wp-content\/uploads\/sites\/101\/2024\/11\/diad-768x576.jpeg",768,576,true],"large":["https:\/\/portal.pi.gov.br\/sesapi\/wp-content\/uploads\/sites\/101\/2024\/11\/diad.jpeg",800,600,false],"sgg-420":["https:\/\/portal.pi.gov.br\/sesapi\/wp-content\/uploads\/sites\/101\/2024\/11\/diad-420x315.jpeg",420,315,true],"sgg-540":["https:\/\/portal.pi.gov.br\/sesapi\/wp-content\/uploads\/sites\/101\/2024\/11\/diad-540x405.jpeg",540,405,true],"sgg-780":["https:\/\/portal.pi.gov.br\/sesapi\/wp-content\/uploads\/sites\/101\/2024\/11\/diad-780x585.jpeg",780,585,true],"1536x1536":["https:\/\/portal.pi.gov.br\/sesapi\/wp-content\/uploads\/sites\/101\/2024\/11\/diad.jpeg",800,600,false],"2048x2048":["https:\/\/portal.pi.gov.br\/sesapi\/wp-content\/uploads\/sites\/101\/2024\/11\/diad.jpeg",800,600,false],"homepage-slider":["https:\/\/portal.pi.gov.br\/sesapi\/wp-content\/uploads\/sites\/101\/2024\/11\/diad-800x500.jpeg",800,500,true],"homepage-slider-small":["https:\/\/portal.pi.gov.br\/sesapi\/wp-content\/uploads\/sites\/101\/2024\/11\/diad-800x500.jpeg",800,500,true],"page-top":["https:\/\/portal.pi.gov.br\/sesapi\/wp-content\/uploads\/sites\/101\/2024\/11\/diad.jpeg",800,600,false],"page-small":["https:\/\/portal.pi.gov.br\/sesapi\/wp-content\/uploads\/sites\/101\/2024\/11\/diad-624x468.jpeg",624,468,true],"loop-main":["https:\/\/portal.pi.gov.br\/sesapi\/wp-content\/uploads\/sites\/101\/2024\/11\/diad-365x240.jpeg",365,240,true],"thumb-gallery-widget":["https:\/\/portal.pi.gov.br\/sesapi\/wp-content\/uploads\/sites\/101\/2024\/11\/diad-84x56.jpeg",84,56,true]},"post_excerpt_stackable":"<p>A Secretaria da Sa\u00fade do Piau\u00ed (Sesapi) realizou, nesta sexta-feira (8), o &#8220;Dia D de Combate ao C\u00e2ncer de Boca&#8221;. Al\u00e9m de palestras com especialistas da \u00e1rea, o evento tamb\u00e9m marcou o lan\u00e7amento do aplicativo TeleEstomato, desenvolvido pela Universidade Federal da Para\u00edba (UFPB) em parceria com o Minist\u00e9rio da Sa\u00fade, para auxiliar t\u00e9cnicos e cirurgi\u00f5es-dentistas no diagn\u00f3stico precoce da doen\u00e7a no estado. O evento, realizado no Diferencial Buffet, em Teresina, reuniu dentistas, t\u00e9cnicos, auxiliares e coordenadores das equipes municipais. De acordo com Roberta Salvador, o principal objetivo da a\u00e7\u00e3o foi reunir os profissionais para discutir a import\u00e2ncia da detec\u00e7\u00e3o precoce&hellip;<\/p>\n","category_list":"<a href=\"https:\/\/portal.pi.gov.br\/sesapi\/category\/noticias\/\" rel=\"category tag\">Not\u00edcias<\/a>","author_info":{"name":"herlonpereira","url":"https:\/\/portal.pi.gov.br\/sesapi\/author\/herlonpereira\/"},"comments_num":"0 coment\u00e1rio","featured_image_urls_v2":{"full":["https:\/\/portal.pi.gov.br\/sesapi\/wp-content\/uploads\/sites\/101\/2024\/11\/diad.jpeg",800,600,false],"thumbnail":["https:\/\/portal.pi.gov.br\/sesapi\/wp-content\/uploads\/sites\/101\/2024\/11\/diad-150x150.jpeg",150,150,true],"medium":["https:\/\/portal.pi.gov.br\/sesapi\/wp-content\/uploads\/sites\/101\/2024\/11\/diad-300x225.jpeg",300,225,true],"medium_large":["https:\/\/portal.pi.gov.br\/sesapi\/wp-content\/uploads\/sites\/101\/2024\/11\/diad-768x576.jpeg",768,576,true],"large":["https:\/\/portal.pi.gov.br\/sesapi\/wp-content\/uploads\/sites\/101\/2024\/11\/diad.jpeg",800,600,false],"sgg-420":["https:\/\/portal.pi.gov.br\/sesapi\/wp-content\/uploads\/sites\/101\/2024\/11\/diad-420x315.jpeg",420,315,true],"sgg-540":["https:\/\/portal.pi.gov.br\/sesapi\/wp-content\/uploads\/sites\/101\/2024\/11\/diad-540x405.jpeg",540,405,true],"sgg-780":["https:\/\/portal.pi.gov.br\/sesapi\/wp-content\/uploads\/sites\/101\/2024\/11\/diad-780x585.jpeg",780,585,true],"1536x1536":["https:\/\/portal.pi.gov.br\/sesapi\/wp-content\/uploads\/sites\/101\/2024\/11\/diad.jpeg",800,600,false],"2048x2048":["https:\/\/portal.pi.gov.br\/sesapi\/wp-content\/uploads\/sites\/101\/2024\/11\/diad.jpeg",800,600,false],"homepage-slider":["https:\/\/portal.pi.gov.br\/sesapi\/wp-content\/uploads\/sites\/101\/2024\/11\/diad-800x500.jpeg",800,500,true],"homepage-slider-small":["https:\/\/portal.pi.gov.br\/sesapi\/wp-content\/uploads\/sites\/101\/2024\/11\/diad-800x500.jpeg",800,500,true],"page-top":["https:\/\/portal.pi.gov.br\/sesapi\/wp-content\/uploads\/sites\/101\/2024\/11\/diad.jpeg",800,600,false],"page-small":["https:\/\/portal.pi.gov.br\/sesapi\/wp-content\/uploads\/sites\/101\/2024\/11\/diad-624x468.jpeg",624,468,true],"loop-main":["https:\/\/portal.pi.gov.br\/sesapi\/wp-content\/uploads\/sites\/101\/2024\/11\/diad-365x240.jpeg",365,240,true],"thumb-gallery-widget":["https:\/\/portal.pi.gov.br\/sesapi\/wp-content\/uploads\/sites\/101\/2024\/11\/diad-84x56.jpeg",84,56,true]},"post_excerpt_stackable_v2":"<p>A Secretaria da Sa\u00fade do Piau\u00ed (Sesapi) realizou, nesta sexta-feira (8), o &#8220;Dia D de Combate ao C\u00e2ncer de Boca&#8221;. Al\u00e9m de palestras com especialistas da \u00e1rea, o evento tamb\u00e9m marcou o lan\u00e7amento do aplicativo TeleEstomato, desenvolvido pela Universidade Federal da Para\u00edba (UFPB) em parceria com o Minist\u00e9rio da Sa\u00fade, para auxiliar t\u00e9cnicos e cirurgi\u00f5es-dentistas no diagn\u00f3stico precoce da doen\u00e7a no estado. O evento, realizado no Diferencial Buffet, em Teresina, reuniu dentistas, t\u00e9cnicos, auxiliares e coordenadores das equipes municipais. De acordo com Roberta Salvador, o principal objetivo da a\u00e7\u00e3o foi reunir os profissionais para discutir a import\u00e2ncia da detec\u00e7\u00e3o precoce&hellip;<\/p>\n","category_list_v2":"<a href=\"https:\/\/portal.pi.gov.br\/sesapi\/category\/noticias\/\" rel=\"category tag\">Not\u00edcias<\/a>","author_info_v2":{"name":"herlonpereira","url":"https:\/\/portal.pi.gov.br\/sesapi\/author\/herlonpereira\/"},"comments_num_v2":"0 coment\u00e1rio","jetpack_featured_media_url":"https:\/\/portal.pi.gov.br\/sesapi\/wp-content\/uploads\/sites\/101\/2024\/11\/diad.jpeg","_links":{"self":[{"href":"https:\/\/portal.pi.gov.br\/sesapi\/wp-json\/wp\/v2\/posts\/1219"}],"collection":[{"href":"https:\/\/portal.pi.gov.br\/sesapi\/wp-json\/wp\/v2\/posts"}],"about":[{"href":"https:\/\/portal.pi.gov.br\/sesapi\/wp-json\/wp\/v2\/types\/post"}],"author":[{"embeddable":true,"href":"https:\/\/portal.pi.gov.br\/sesapi\/wp-json\/wp\/v2\/users\/1808"}],"replies":[{"embeddable":true,"href":"https:\/\/portal.pi.gov.br\/sesapi\/wp-json\/wp\/v2\/comments?post=1219"}],"version-history":[{"count":1,"href":"https:\/\/portal.pi.gov.br\/sesapi\/wp-json\/wp\/v2\/posts\/1219\/revisions"}],"predecessor-version":[{"id":1221,"href":"https:\/\/portal.pi.gov.br\/sesapi\/wp-json\/wp\/v2\/posts\/1219\/revisions\/1221"}],"wp:featuredmedia":[{"embeddable":true,"href":"https:\/\/portal.pi.gov.br\/sesapi\/wp-json\/wp\/v2\/media\/1220"}],"wp:attachment":[{"href":"https:\/\/portal.pi.gov.br\/sesapi\/wp-json\/wp\/v2\/media?parent=1219"}],"wp:term":[{"taxonomy":"category","embeddable":true,"href":"https:\/\/portal.pi.gov.br\/sesapi\/wp-json\/wp\/v2\/categories?post=1219"},{"taxonomy":"post_tag","embeddable":true,"href":"https:\/\/portal.pi.gov.br\/sesapi\/wp-json\/wp\/v2\/tags?post=1219"}],"curies":[{"name":"wp","href":"https:\/\/api.w.org\/{rel}","templated":true}]}}