{"id":1222,"date":"2024-11-13T08:45:20","date_gmt":"2024-11-13T11:45:20","guid":{"rendered":"https:\/\/portal.pi.gov.br\/sesapi\/?p=1222"},"modified":"2024-11-13T10:49:52","modified_gmt":"2024-11-13T13:49:52","slug":"piaui-ganhara-nova-sede-do-lacen-atraves-do-novo-pac-da-saude","status":"publish","type":"post","link":"https:\/\/portal.pi.gov.br\/sesapi\/2024\/11\/13\/piaui-ganhara-nova-sede-do-lacen-atraves-do-novo-pac-da-saude\/","title":{"rendered":"Piau\u00ed ganhar\u00e1 nova sede do LACEN atrav\u00e9s do Novo PAC da Sa\u00fade"},"content":{"rendered":"\n<p>O estado do Piau\u00ed vai contar com uma nova sede para o Laborat\u00f3rio Central de Sa\u00fade P\u00fablica (LACEN-PI), que foi contemplado pelo Programa de Acelera\u00e7\u00e3o do Crescimento da Sa\u00fade (Novo PAC). O valor do repasse para a obra ser\u00e1 de mais de R$ 30 milh\u00f5es.<\/p>\n\n\n\n<p>A nova sede do Lacen, em Teresina, faz parte do plano de estrutura\u00e7\u00e3o da vigil\u00e2ncia laboratorial em sa\u00fade e ambiente, al\u00e9m de refor\u00e7ar a resposta \u00e0s emerg\u00eancias em sa\u00fade p\u00fablica, do Minist\u00e9rio da Sa\u00fade. De acordo com a superintendente de Aten\u00e7\u00e3o \u00e0 Sa\u00fade e Munic\u00edpios, Leila Santos, a Secretaria de Estado da Sa\u00fade (Sesapi) j\u00e1 est\u00e1 em processo de elabora\u00e7\u00e3o do projeto executivo.<\/p>\n\n\n\n<p>\u201cEstamos muito felizes por sermos contemplados neste programa, que possibilitar\u00e1 uma nova sede ao Lacen, com uma infraestrutura mais moderna, que nos permitir\u00e1 oferecer \u00e0 popula\u00e7\u00e3o piauiense um atendimento mais qualificado e eficiente\u201d, disse.<\/p>\n\n\n\n<figure class=\"wp-block-image size-large\"><img decoding=\"async\" loading=\"lazy\" width=\"1024\" height=\"768\" src=\"https:\/\/portal.pi.gov.br\/sesapi\/wp-content\/uploads\/sites\/101\/2024\/11\/lacen-1024x768.jpeg\" alt=\"\" class=\"wp-image-1223\" srcset=\"https:\/\/portal.pi.gov.br\/sesapi\/wp-content\/uploads\/sites\/101\/2024\/11\/lacen-1024x768.jpeg 1024w, https:\/\/portal.pi.gov.br\/sesapi\/wp-content\/uploads\/sites\/101\/2024\/11\/lacen-300x225.jpeg 300w, https:\/\/portal.pi.gov.br\/sesapi\/wp-content\/uploads\/sites\/101\/2024\/11\/lacen-768x576.jpeg 768w, https:\/\/portal.pi.gov.br\/sesapi\/wp-content\/uploads\/sites\/101\/2024\/11\/lacen-420x315.jpeg 420w, https:\/\/portal.pi.gov.br\/sesapi\/wp-content\/uploads\/sites\/101\/2024\/11\/lacen-540x405.jpeg 540w, https:\/\/portal.pi.gov.br\/sesapi\/wp-content\/uploads\/sites\/101\/2024\/11\/lacen-780x585.jpeg 780w, https:\/\/portal.pi.gov.br\/sesapi\/wp-content\/uploads\/sites\/101\/2024\/11\/lacen-1536x1152.jpeg 1536w, https:\/\/portal.pi.gov.br\/sesapi\/wp-content\/uploads\/sites\/101\/2024\/11\/lacen-2048x1536.jpeg 2048w, https:\/\/portal.pi.gov.br\/sesapi\/wp-content\/uploads\/sites\/101\/2024\/11\/lacen-947x710.jpeg 947w, https:\/\/portal.pi.gov.br\/sesapi\/wp-content\/uploads\/sites\/101\/2024\/11\/lacen-624x468.jpeg 624w\" sizes=\"(max-width: 1024px) 100vw, 1024px\" \/><figcaption class=\"wp-element-caption\">Sede do Lacen-PI<\/figcaption><\/figure>\n\n\n\n<p>Na primeira fase do Novo PAC, a Sesapi foi contemplada com R$ 315.097.000,00 para a constru\u00e7\u00e3o e novos equipamentos em oito cidades piauienses. As propostas aprovadas pelo Minist\u00e9rio da Sa\u00fade incluem a constru\u00e7\u00e3o de um novo Centro de Aten\u00e7\u00e3o Psicossocial (Caps), um Centro Especializado em Reabilita\u00e7\u00e3o (CER), tr\u00eas Centros de Parto Normal (CPN), duas novas maternidades e tr\u00eas policl\u00ednicas regionais.<\/p>\n\n\n\n<p>A obra da nova sede do LACEN-PI faz parte de uma nova fase do programa, na qual foram destinados R$ 30.608.550,00 para sua constru\u00e7\u00e3o. \u201cEstes valores v\u00e3o viabilizar a execu\u00e7\u00e3o de diversas obras na \u00e1rea da sa\u00fade no Piau\u00ed, que v\u00e3o melhorar bastante e descentralizar o acesso dos piauienses a servi\u00e7os de sa\u00fade mais complexos\u201d, lembra o secret\u00e1rio de Estado da Sa\u00fade, Ant\u00f4nio Luiz.<\/p>\n","protected":false},"excerpt":{"rendered":"<p>O estado do Piau\u00ed vai contar com uma nova sede para o Laborat\u00f3rio Central de Sa\u00fade P\u00fablica (LACEN-PI), que foi contemplado pelo Programa de Acelera\u00e7\u00e3o do Crescimento da Sa\u00fade (Novo [&hellip;]<\/p>\n","protected":false},"author":1808,"featured_media":1223,"comment_status":"closed","ping_status":"closed","sticky":false,"template":"","format":"standard","meta":[],"categories":[30],"tags":[],"featured_image_urls":{"full":["https:\/\/portal.pi.gov.br\/sesapi\/wp-content\/uploads\/sites\/101\/2024\/11\/lacen-scaled.jpeg",2560,1920,false],"thumbnail":["https:\/\/portal.pi.gov.br\/sesapi\/wp-content\/uploads\/sites\/101\/2024\/11\/lacen-150x150.jpeg",150,150,true],"medium":["https:\/\/portal.pi.gov.br\/sesapi\/wp-content\/uploads\/sites\/101\/2024\/11\/lacen-300x225.jpeg",300,225,true],"medium_large":["https:\/\/portal.pi.gov.br\/sesapi\/wp-content\/uploads\/sites\/101\/2024\/11\/lacen-768x576.jpeg",768,576,true],"large":["https:\/\/portal.pi.gov.br\/sesapi\/wp-content\/uploads\/sites\/101\/2024\/11\/lacen-1024x768.jpeg",887,665,true],"sgg-420":["https:\/\/portal.pi.gov.br\/sesapi\/wp-content\/uploads\/sites\/101\/2024\/11\/lacen-420x315.jpeg",420,315,true],"sgg-540":["https:\/\/portal.pi.gov.br\/sesapi\/wp-content\/uploads\/sites\/101\/2024\/11\/lacen-540x405.jpeg",540,405,true],"sgg-780":["https:\/\/portal.pi.gov.br\/sesapi\/wp-content\/uploads\/sites\/101\/2024\/11\/lacen-780x585.jpeg",780,585,true],"1536x1536":["https:\/\/portal.pi.gov.br\/sesapi\/wp-content\/uploads\/sites\/101\/2024\/11\/lacen-1536x1152.jpeg",1536,1152,true],"2048x2048":["https:\/\/portal.pi.gov.br\/sesapi\/wp-content\/uploads\/sites\/101\/2024\/11\/lacen-2048x1536.jpeg",2048,1536,true],"homepage-slider":["https:\/\/portal.pi.gov.br\/sesapi\/wp-content\/uploads\/sites\/101\/2024\/11\/lacen-1270x500.jpeg",1270,500,true],"homepage-slider-small":["https:\/\/portal.pi.gov.br\/sesapi\/wp-content\/uploads\/sites\/101\/2024\/11\/lacen-947x500.jpeg",947,500,true],"page-top":["https:\/\/portal.pi.gov.br\/sesapi\/wp-content\/uploads\/sites\/101\/2024\/11\/lacen-947x710.jpeg",947,710,true],"page-small":["https:\/\/portal.pi.gov.br\/sesapi\/wp-content\/uploads\/sites\/101\/2024\/11\/lacen-624x468.jpeg",624,468,true],"loop-main":["https:\/\/portal.pi.gov.br\/sesapi\/wp-content\/uploads\/sites\/101\/2024\/11\/lacen-365x240.jpeg",365,240,true],"thumb-gallery-widget":["https:\/\/portal.pi.gov.br\/sesapi\/wp-content\/uploads\/sites\/101\/2024\/11\/lacen-84x56.jpeg",84,56,true]},"post_excerpt_stackable":"<p>O estado do Piau\u00ed vai contar com uma nova sede para o Laborat\u00f3rio Central de Sa\u00fade P\u00fablica (LACEN-PI), que foi contemplado pelo Programa de Acelera\u00e7\u00e3o do Crescimento da Sa\u00fade (Novo PAC). O valor do repasse para a obra ser\u00e1 de mais de R$ 30 milh\u00f5es. A nova sede do Lacen, em Teresina, faz parte do plano de estrutura\u00e7\u00e3o da vigil\u00e2ncia laboratorial em sa\u00fade e ambiente, al\u00e9m de refor\u00e7ar a resposta \u00e0s emerg\u00eancias em sa\u00fade p\u00fablica, do Minist\u00e9rio da Sa\u00fade. De acordo com a superintendente de Aten\u00e7\u00e3o \u00e0 Sa\u00fade e Munic\u00edpios, Leila Santos, a Secretaria de Estado da Sa\u00fade (Sesapi) j\u00e1&hellip;<\/p>\n","category_list":"<a href=\"https:\/\/portal.pi.gov.br\/sesapi\/category\/noticias\/\" rel=\"category tag\">Not\u00edcias<\/a>","author_info":{"name":"herlonpereira","url":"https:\/\/portal.pi.gov.br\/sesapi\/author\/herlonpereira\/"},"comments_num":"0 coment\u00e1rio","featured_image_urls_v2":{"full":["https:\/\/portal.pi.gov.br\/sesapi\/wp-content\/uploads\/sites\/101\/2024\/11\/lacen-scaled.jpeg",2560,1920,false],"thumbnail":["https:\/\/portal.pi.gov.br\/sesapi\/wp-content\/uploads\/sites\/101\/2024\/11\/lacen-150x150.jpeg",150,150,true],"medium":["https:\/\/portal.pi.gov.br\/sesapi\/wp-content\/uploads\/sites\/101\/2024\/11\/lacen-300x225.jpeg",300,225,true],"medium_large":["https:\/\/portal.pi.gov.br\/sesapi\/wp-content\/uploads\/sites\/101\/2024\/11\/lacen-768x576.jpeg",768,576,true],"large":["https:\/\/portal.pi.gov.br\/sesapi\/wp-content\/uploads\/sites\/101\/2024\/11\/lacen-1024x768.jpeg",887,665,true],"sgg-420":["https:\/\/portal.pi.gov.br\/sesapi\/wp-content\/uploads\/sites\/101\/2024\/11\/lacen-420x315.jpeg",420,315,true],"sgg-540":["https:\/\/portal.pi.gov.br\/sesapi\/wp-content\/uploads\/sites\/101\/2024\/11\/lacen-540x405.jpeg",540,405,true],"sgg-780":["https:\/\/portal.pi.gov.br\/sesapi\/wp-content\/uploads\/sites\/101\/2024\/11\/lacen-780x585.jpeg",780,585,true],"1536x1536":["https:\/\/portal.pi.gov.br\/sesapi\/wp-content\/uploads\/sites\/101\/2024\/11\/lacen-1536x1152.jpeg",1536,1152,true],"2048x2048":["https:\/\/portal.pi.gov.br\/sesapi\/wp-content\/uploads\/sites\/101\/2024\/11\/lacen-2048x1536.jpeg",2048,1536,true],"homepage-slider":["https:\/\/portal.pi.gov.br\/sesapi\/wp-content\/uploads\/sites\/101\/2024\/11\/lacen-1270x500.jpeg",1270,500,true],"homepage-slider-small":["https:\/\/portal.pi.gov.br\/sesapi\/wp-content\/uploads\/sites\/101\/2024\/11\/lacen-947x500.jpeg",947,500,true],"page-top":["https:\/\/portal.pi.gov.br\/sesapi\/wp-content\/uploads\/sites\/101\/2024\/11\/lacen-947x710.jpeg",947,710,true],"page-small":["https:\/\/portal.pi.gov.br\/sesapi\/wp-content\/uploads\/sites\/101\/2024\/11\/lacen-624x468.jpeg",624,468,true],"loop-main":["https:\/\/portal.pi.gov.br\/sesapi\/wp-content\/uploads\/sites\/101\/2024\/11\/lacen-365x240.jpeg",365,240,true],"thumb-gallery-widget":["https:\/\/portal.pi.gov.br\/sesapi\/wp-content\/uploads\/sites\/101\/2024\/11\/lacen-84x56.jpeg",84,56,true]},"post_excerpt_stackable_v2":"<p>O estado do Piau\u00ed vai contar com uma nova sede para o Laborat\u00f3rio Central de Sa\u00fade P\u00fablica (LACEN-PI), que foi contemplado pelo Programa de Acelera\u00e7\u00e3o do Crescimento da Sa\u00fade (Novo PAC). O valor do repasse para a obra ser\u00e1 de mais de R$ 30 milh\u00f5es. A nova sede do Lacen, em Teresina, faz parte do plano de estrutura\u00e7\u00e3o da vigil\u00e2ncia laboratorial em sa\u00fade e ambiente, al\u00e9m de refor\u00e7ar a resposta \u00e0s emerg\u00eancias em sa\u00fade p\u00fablica, do Minist\u00e9rio da Sa\u00fade. De acordo com a superintendente de Aten\u00e7\u00e3o \u00e0 Sa\u00fade e Munic\u00edpios, Leila Santos, a Secretaria de Estado da Sa\u00fade (Sesapi) j\u00e1&hellip;<\/p>\n","category_list_v2":"<a href=\"https:\/\/portal.pi.gov.br\/sesapi\/category\/noticias\/\" rel=\"category tag\">Not\u00edcias<\/a>","author_info_v2":{"name":"herlonpereira","url":"https:\/\/portal.pi.gov.br\/sesapi\/author\/herlonpereira\/"},"comments_num_v2":"0 coment\u00e1rio","jetpack_featured_media_url":"https:\/\/portal.pi.gov.br\/sesapi\/wp-content\/uploads\/sites\/101\/2024\/11\/lacen-scaled.jpeg","_links":{"self":[{"href":"https:\/\/portal.pi.gov.br\/sesapi\/wp-json\/wp\/v2\/posts\/1222"}],"collection":[{"href":"https:\/\/portal.pi.gov.br\/sesapi\/wp-json\/wp\/v2\/posts"}],"about":[{"href":"https:\/\/portal.pi.gov.br\/sesapi\/wp-json\/wp\/v2\/types\/post"}],"author":[{"embeddable":true,"href":"https:\/\/portal.pi.gov.br\/sesapi\/wp-json\/wp\/v2\/users\/1808"}],"replies":[{"embeddable":true,"href":"https:\/\/portal.pi.gov.br\/sesapi\/wp-json\/wp\/v2\/comments?post=1222"}],"version-history":[{"count":1,"href":"https:\/\/portal.pi.gov.br\/sesapi\/wp-json\/wp\/v2\/posts\/1222\/revisions"}],"predecessor-version":[{"id":1224,"href":"https:\/\/portal.pi.gov.br\/sesapi\/wp-json\/wp\/v2\/posts\/1222\/revisions\/1224"}],"wp:featuredmedia":[{"embeddable":true,"href":"https:\/\/portal.pi.gov.br\/sesapi\/wp-json\/wp\/v2\/media\/1223"}],"wp:attachment":[{"href":"https:\/\/portal.pi.gov.br\/sesapi\/wp-json\/wp\/v2\/media?parent=1222"}],"wp:term":[{"taxonomy":"category","embeddable":true,"href":"https:\/\/portal.pi.gov.br\/sesapi\/wp-json\/wp\/v2\/categories?post=1222"},{"taxonomy":"post_tag","embeddable":true,"href":"https:\/\/portal.pi.gov.br\/sesapi\/wp-json\/wp\/v2\/tags?post=1222"}],"curies":[{"name":"wp","href":"https:\/\/api.w.org\/{rel}","templated":true}]}}