{"id":1226,"date":"2024-11-13T10:53:39","date_gmt":"2024-11-13T13:53:39","guid":{"rendered":"https:\/\/portal.pi.gov.br\/sesapi\/?p=1226"},"modified":"2024-11-13T10:53:40","modified_gmt":"2024-11-13T13:53:40","slug":"sesapi-retoma-atendimentos-do-cer-iv-de-parnaiba","status":"publish","type":"post","link":"https:\/\/portal.pi.gov.br\/sesapi\/2024\/11\/13\/sesapi-retoma-atendimentos-do-cer-iv-de-parnaiba\/","title":{"rendered":"Sesapi retoma atendimentos do CER IV de Parna\u00edba"},"content":{"rendered":"\n<p>A popula\u00e7\u00e3o de Parna\u00edba e do territ\u00f3rio da plan\u00edcie litor\u00e2nea voltou a contar com os atendimentos do Centro Especializado em Reabilita\u00e7\u00e3o IV (CER IV), que retomou os atendimentos nas especialidades f\u00edsica e intelectual. O local, inaugurado pela Secretaria de Estado da Sa\u00fade (Sesapi) em 2020 para o atendimento de pacientes p\u00f3s-COVID, iniciou os servi\u00e7os para pessoas com defici\u00eancia nesta ter\u00e7a-feira (12).<\/p>\n\n\n\n<p>A coordenadora de Aten\u00e7\u00e3o \u00e0 Pessoa com Defici\u00eancia da Sesapi, Daniele Monteiro, explica que, neste primeiro momento, ser\u00e3o atendidos os pacientes com autismo. \u201cEstamos com uma fila em Parna\u00edba de 150 pacientes e j\u00e1 vamos dar vaz\u00e3o a esses pacientes. No entanto, tamb\u00e9m ser\u00e1 poss\u00edvel que pessoas com outras dificuldades de mobilidade recebam os servi\u00e7os. Para ser atendido no CER IV, os pacientes necessitam ser encaminhados pela Unidade B\u00e1sica de Sa\u00fade de seus munic\u00edpios\u201d, disse.<\/p>\n\n\n\n<figure class=\"wp-block-image size-large\"><img decoding=\"async\" loading=\"lazy\" width=\"1024\" height=\"768\" src=\"https:\/\/portal.pi.gov.br\/sesapi\/wp-content\/uploads\/sites\/101\/2024\/11\/WhatsApp-Image-2024-11-12-at-10.39.30-1024x768.jpeg\" alt=\"\" class=\"wp-image-1227\" srcset=\"https:\/\/portal.pi.gov.br\/sesapi\/wp-content\/uploads\/sites\/101\/2024\/11\/WhatsApp-Image-2024-11-12-at-10.39.30-1024x768.jpeg 1024w, https:\/\/portal.pi.gov.br\/sesapi\/wp-content\/uploads\/sites\/101\/2024\/11\/WhatsApp-Image-2024-11-12-at-10.39.30-300x225.jpeg 300w, https:\/\/portal.pi.gov.br\/sesapi\/wp-content\/uploads\/sites\/101\/2024\/11\/WhatsApp-Image-2024-11-12-at-10.39.30-768x576.jpeg 768w, https:\/\/portal.pi.gov.br\/sesapi\/wp-content\/uploads\/sites\/101\/2024\/11\/WhatsApp-Image-2024-11-12-at-10.39.30-420x315.jpeg 420w, https:\/\/portal.pi.gov.br\/sesapi\/wp-content\/uploads\/sites\/101\/2024\/11\/WhatsApp-Image-2024-11-12-at-10.39.30-540x405.jpeg 540w, https:\/\/portal.pi.gov.br\/sesapi\/wp-content\/uploads\/sites\/101\/2024\/11\/WhatsApp-Image-2024-11-12-at-10.39.30-780x585.jpeg 780w, https:\/\/portal.pi.gov.br\/sesapi\/wp-content\/uploads\/sites\/101\/2024\/11\/WhatsApp-Image-2024-11-12-at-10.39.30-1536x1152.jpeg 1536w, https:\/\/portal.pi.gov.br\/sesapi\/wp-content\/uploads\/sites\/101\/2024\/11\/WhatsApp-Image-2024-11-12-at-10.39.30-947x710.jpeg 947w, https:\/\/portal.pi.gov.br\/sesapi\/wp-content\/uploads\/sites\/101\/2024\/11\/WhatsApp-Image-2024-11-12-at-10.39.30-624x468.jpeg 624w, https:\/\/portal.pi.gov.br\/sesapi\/wp-content\/uploads\/sites\/101\/2024\/11\/WhatsApp-Image-2024-11-12-at-10.39.30.jpeg 1600w\" sizes=\"(max-width: 1024px) 100vw, 1024px\" \/><figcaption class=\"wp-element-caption\">Inaugura\u00e7\u00e3o CER IV<\/figcaption><\/figure>\n\n\n\n<p>A Sesapi tamb\u00e9m est\u00e1 concluindo a Oficina Ortop\u00e9dica, que funcionar\u00e1 ao lado do centro, e ser\u00e1 respons\u00e1vel pela produ\u00e7\u00e3o dos equipamentos de mobilidade ofertados pela Sesapi por meio do Programa Passo \u00e0 Frente.<\/p>\n\n\n\n<p>\u201cA Sesapi conta, no Programa Passo \u00e0 Frente, com duas oficinas: a itinerante e a f\u00edsica, que em breve ser\u00e1 inaugurada. A oficina f\u00edsica \u00e9 respons\u00e1vel pela confec\u00e7\u00e3o de \u00f3rteses, pr\u00f3teses, meios de locomo\u00e7\u00e3o, cadeiras de rodas e cadeiras de banho. J\u00e1 a oficina itinerante faz reparos e realiza atendimentos nos munic\u00edpios ao redor\u201d, lembra a superintendente de Aten\u00e7\u00e3o \u00e0 Sa\u00fade e Munic\u00edpios da Sesapi, Leila Santos.<\/p>\n\n\n\n<p>Para o secret\u00e1rio de Inclus\u00e3o da Pessoa com Defici\u00eancia, Mauro Eduardo, esta parceria entre SEID e Sesapi est\u00e1 ajudando a melhorar a qualidade de vida de muitos piauienses que precisam de servi\u00e7os de reabilita\u00e7\u00e3o.<\/p>\n\n\n\n<p>\u201cSabemos das dificuldades que as fam\u00edlias enfrentam, muitas vezes precisando deslocar seus filhos para tratamentos de reabilita\u00e7\u00e3o em outras cidades, o que pode ser um grande desafio financeiro. Com a abertura oficial deste centro, em parceria entre a SEID e a Secretaria de Sa\u00fade do Estado, sob a lideran\u00e7a do nosso secret\u00e1rio Ant\u00f4nio Lu\u00eds, damos um passo importante para aliviar essas dificuldades e garantir um atendimento mais acess\u00edvel e de qualidade para as fam\u00edlias\u201d, destacou.<\/p>\n","protected":false},"excerpt":{"rendered":"<p>A popula\u00e7\u00e3o de Parna\u00edba e do territ\u00f3rio da plan\u00edcie litor\u00e2nea voltou a contar com os atendimentos do Centro Especializado em Reabilita\u00e7\u00e3o IV (CER IV), que retomou os atendimentos nas especialidades [&hellip;]<\/p>\n","protected":false},"author":1808,"featured_media":1227,"comment_status":"closed","ping_status":"closed","sticky":false,"template":"","format":"standard","meta":[],"categories":[30],"tags":[],"featured_image_urls":{"full":["https:\/\/portal.pi.gov.br\/sesapi\/wp-content\/uploads\/sites\/101\/2024\/11\/WhatsApp-Image-2024-11-12-at-10.39.30.jpeg",1600,1200,false],"thumbnail":["https:\/\/portal.pi.gov.br\/sesapi\/wp-content\/uploads\/sites\/101\/2024\/11\/WhatsApp-Image-2024-11-12-at-10.39.30-150x150.jpeg",150,150,true],"medium":["https:\/\/portal.pi.gov.br\/sesapi\/wp-content\/uploads\/sites\/101\/2024\/11\/WhatsApp-Image-2024-11-12-at-10.39.30-300x225.jpeg",300,225,true],"medium_large":["https:\/\/portal.pi.gov.br\/sesapi\/wp-content\/uploads\/sites\/101\/2024\/11\/WhatsApp-Image-2024-11-12-at-10.39.30-768x576.jpeg",768,576,true],"large":["https:\/\/portal.pi.gov.br\/sesapi\/wp-content\/uploads\/sites\/101\/2024\/11\/WhatsApp-Image-2024-11-12-at-10.39.30-1024x768.jpeg",887,665,true],"sgg-420":["https:\/\/portal.pi.gov.br\/sesapi\/wp-content\/uploads\/sites\/101\/2024\/11\/WhatsApp-Image-2024-11-12-at-10.39.30-420x315.jpeg",420,315,true],"sgg-540":["https:\/\/portal.pi.gov.br\/sesapi\/wp-content\/uploads\/sites\/101\/2024\/11\/WhatsApp-Image-2024-11-12-at-10.39.30-540x405.jpeg",540,405,true],"sgg-780":["https:\/\/portal.pi.gov.br\/sesapi\/wp-content\/uploads\/sites\/101\/2024\/11\/WhatsApp-Image-2024-11-12-at-10.39.30-780x585.jpeg",780,585,true],"1536x1536":["https:\/\/portal.pi.gov.br\/sesapi\/wp-content\/uploads\/sites\/101\/2024\/11\/WhatsApp-Image-2024-11-12-at-10.39.30-1536x1152.jpeg",1536,1152,true],"2048x2048":["https:\/\/portal.pi.gov.br\/sesapi\/wp-content\/uploads\/sites\/101\/2024\/11\/WhatsApp-Image-2024-11-12-at-10.39.30.jpeg",1600,1200,false],"homepage-slider":["https:\/\/portal.pi.gov.br\/sesapi\/wp-content\/uploads\/sites\/101\/2024\/11\/WhatsApp-Image-2024-11-12-at-10.39.30-1270x500.jpeg",1270,500,true],"homepage-slider-small":["https:\/\/portal.pi.gov.br\/sesapi\/wp-content\/uploads\/sites\/101\/2024\/11\/WhatsApp-Image-2024-11-12-at-10.39.30-947x500.jpeg",947,500,true],"page-top":["https:\/\/portal.pi.gov.br\/sesapi\/wp-content\/uploads\/sites\/101\/2024\/11\/WhatsApp-Image-2024-11-12-at-10.39.30-947x710.jpeg",947,710,true],"page-small":["https:\/\/portal.pi.gov.br\/sesapi\/wp-content\/uploads\/sites\/101\/2024\/11\/WhatsApp-Image-2024-11-12-at-10.39.30-624x468.jpeg",624,468,true],"loop-main":["https:\/\/portal.pi.gov.br\/sesapi\/wp-content\/uploads\/sites\/101\/2024\/11\/WhatsApp-Image-2024-11-12-at-10.39.30-365x240.jpeg",365,240,true],"thumb-gallery-widget":["https:\/\/portal.pi.gov.br\/sesapi\/wp-content\/uploads\/sites\/101\/2024\/11\/WhatsApp-Image-2024-11-12-at-10.39.30-84x56.jpeg",84,56,true]},"post_excerpt_stackable":"<p>A popula\u00e7\u00e3o de Parna\u00edba e do territ\u00f3rio da plan\u00edcie litor\u00e2nea voltou a contar com os atendimentos do Centro Especializado em Reabilita\u00e7\u00e3o IV (CER IV), que retomou os atendimentos nas especialidades f\u00edsica e intelectual. O local, inaugurado pela Secretaria de Estado da Sa\u00fade (Sesapi) em 2020 para o atendimento de pacientes p\u00f3s-COVID, iniciou os servi\u00e7os para pessoas com defici\u00eancia nesta ter\u00e7a-feira (12). A coordenadora de Aten\u00e7\u00e3o \u00e0 Pessoa com Defici\u00eancia da Sesapi, Daniele Monteiro, explica que, neste primeiro momento, ser\u00e3o atendidos os pacientes com autismo. \u201cEstamos com uma fila em Parna\u00edba de 150 pacientes e j\u00e1 vamos dar vaz\u00e3o a esses&hellip;<\/p>\n","category_list":"<a href=\"https:\/\/portal.pi.gov.br\/sesapi\/category\/noticias\/\" rel=\"category tag\">Not\u00edcias<\/a>","author_info":{"name":"herlonpereira","url":"https:\/\/portal.pi.gov.br\/sesapi\/author\/herlonpereira\/"},"comments_num":"0 coment\u00e1rio","featured_image_urls_v2":{"full":["https:\/\/portal.pi.gov.br\/sesapi\/wp-content\/uploads\/sites\/101\/2024\/11\/WhatsApp-Image-2024-11-12-at-10.39.30.jpeg",1600,1200,false],"thumbnail":["https:\/\/portal.pi.gov.br\/sesapi\/wp-content\/uploads\/sites\/101\/2024\/11\/WhatsApp-Image-2024-11-12-at-10.39.30-150x150.jpeg",150,150,true],"medium":["https:\/\/portal.pi.gov.br\/sesapi\/wp-content\/uploads\/sites\/101\/2024\/11\/WhatsApp-Image-2024-11-12-at-10.39.30-300x225.jpeg",300,225,true],"medium_large":["https:\/\/portal.pi.gov.br\/sesapi\/wp-content\/uploads\/sites\/101\/2024\/11\/WhatsApp-Image-2024-11-12-at-10.39.30-768x576.jpeg",768,576,true],"large":["https:\/\/portal.pi.gov.br\/sesapi\/wp-content\/uploads\/sites\/101\/2024\/11\/WhatsApp-Image-2024-11-12-at-10.39.30-1024x768.jpeg",887,665,true],"sgg-420":["https:\/\/portal.pi.gov.br\/sesapi\/wp-content\/uploads\/sites\/101\/2024\/11\/WhatsApp-Image-2024-11-12-at-10.39.30-420x315.jpeg",420,315,true],"sgg-540":["https:\/\/portal.pi.gov.br\/sesapi\/wp-content\/uploads\/sites\/101\/2024\/11\/WhatsApp-Image-2024-11-12-at-10.39.30-540x405.jpeg",540,405,true],"sgg-780":["https:\/\/portal.pi.gov.br\/sesapi\/wp-content\/uploads\/sites\/101\/2024\/11\/WhatsApp-Image-2024-11-12-at-10.39.30-780x585.jpeg",780,585,true],"1536x1536":["https:\/\/portal.pi.gov.br\/sesapi\/wp-content\/uploads\/sites\/101\/2024\/11\/WhatsApp-Image-2024-11-12-at-10.39.30-1536x1152.jpeg",1536,1152,true],"2048x2048":["https:\/\/portal.pi.gov.br\/sesapi\/wp-content\/uploads\/sites\/101\/2024\/11\/WhatsApp-Image-2024-11-12-at-10.39.30.jpeg",1600,1200,false],"homepage-slider":["https:\/\/portal.pi.gov.br\/sesapi\/wp-content\/uploads\/sites\/101\/2024\/11\/WhatsApp-Image-2024-11-12-at-10.39.30-1270x500.jpeg",1270,500,true],"homepage-slider-small":["https:\/\/portal.pi.gov.br\/sesapi\/wp-content\/uploads\/sites\/101\/2024\/11\/WhatsApp-Image-2024-11-12-at-10.39.30-947x500.jpeg",947,500,true],"page-top":["https:\/\/portal.pi.gov.br\/sesapi\/wp-content\/uploads\/sites\/101\/2024\/11\/WhatsApp-Image-2024-11-12-at-10.39.30-947x710.jpeg",947,710,true],"page-small":["https:\/\/portal.pi.gov.br\/sesapi\/wp-content\/uploads\/sites\/101\/2024\/11\/WhatsApp-Image-2024-11-12-at-10.39.30-624x468.jpeg",624,468,true],"loop-main":["https:\/\/portal.pi.gov.br\/sesapi\/wp-content\/uploads\/sites\/101\/2024\/11\/WhatsApp-Image-2024-11-12-at-10.39.30-365x240.jpeg",365,240,true],"thumb-gallery-widget":["https:\/\/portal.pi.gov.br\/sesapi\/wp-content\/uploads\/sites\/101\/2024\/11\/WhatsApp-Image-2024-11-12-at-10.39.30-84x56.jpeg",84,56,true]},"post_excerpt_stackable_v2":"<p>A popula\u00e7\u00e3o de Parna\u00edba e do territ\u00f3rio da plan\u00edcie litor\u00e2nea voltou a contar com os atendimentos do Centro Especializado em Reabilita\u00e7\u00e3o IV (CER IV), que retomou os atendimentos nas especialidades f\u00edsica e intelectual. O local, inaugurado pela Secretaria de Estado da Sa\u00fade (Sesapi) em 2020 para o atendimento de pacientes p\u00f3s-COVID, iniciou os servi\u00e7os para pessoas com defici\u00eancia nesta ter\u00e7a-feira (12). A coordenadora de Aten\u00e7\u00e3o \u00e0 Pessoa com Defici\u00eancia da Sesapi, Daniele Monteiro, explica que, neste primeiro momento, ser\u00e3o atendidos os pacientes com autismo. \u201cEstamos com uma fila em Parna\u00edba de 150 pacientes e j\u00e1 vamos dar vaz\u00e3o a esses&hellip;<\/p>\n","category_list_v2":"<a href=\"https:\/\/portal.pi.gov.br\/sesapi\/category\/noticias\/\" rel=\"category tag\">Not\u00edcias<\/a>","author_info_v2":{"name":"herlonpereira","url":"https:\/\/portal.pi.gov.br\/sesapi\/author\/herlonpereira\/"},"comments_num_v2":"0 coment\u00e1rio","jetpack_featured_media_url":"https:\/\/portal.pi.gov.br\/sesapi\/wp-content\/uploads\/sites\/101\/2024\/11\/WhatsApp-Image-2024-11-12-at-10.39.30.jpeg","_links":{"self":[{"href":"https:\/\/portal.pi.gov.br\/sesapi\/wp-json\/wp\/v2\/posts\/1226"}],"collection":[{"href":"https:\/\/portal.pi.gov.br\/sesapi\/wp-json\/wp\/v2\/posts"}],"about":[{"href":"https:\/\/portal.pi.gov.br\/sesapi\/wp-json\/wp\/v2\/types\/post"}],"author":[{"embeddable":true,"href":"https:\/\/portal.pi.gov.br\/sesapi\/wp-json\/wp\/v2\/users\/1808"}],"replies":[{"embeddable":true,"href":"https:\/\/portal.pi.gov.br\/sesapi\/wp-json\/wp\/v2\/comments?post=1226"}],"version-history":[{"count":1,"href":"https:\/\/portal.pi.gov.br\/sesapi\/wp-json\/wp\/v2\/posts\/1226\/revisions"}],"predecessor-version":[{"id":1228,"href":"https:\/\/portal.pi.gov.br\/sesapi\/wp-json\/wp\/v2\/posts\/1226\/revisions\/1228"}],"wp:featuredmedia":[{"embeddable":true,"href":"https:\/\/portal.pi.gov.br\/sesapi\/wp-json\/wp\/v2\/media\/1227"}],"wp:attachment":[{"href":"https:\/\/portal.pi.gov.br\/sesapi\/wp-json\/wp\/v2\/media?parent=1226"}],"wp:term":[{"taxonomy":"category","embeddable":true,"href":"https:\/\/portal.pi.gov.br\/sesapi\/wp-json\/wp\/v2\/categories?post=1226"},{"taxonomy":"post_tag","embeddable":true,"href":"https:\/\/portal.pi.gov.br\/sesapi\/wp-json\/wp\/v2\/tags?post=1226"}],"curies":[{"name":"wp","href":"https:\/\/api.w.org\/{rel}","templated":true}]}}