{"id":1229,"date":"2024-11-13T12:00:00","date_gmt":"2024-11-13T15:00:00","guid":{"rendered":"https:\/\/portal.pi.gov.br\/sesapi\/?p=1229"},"modified":"2024-11-13T11:00:44","modified_gmt":"2024-11-13T14:00:44","slug":"sesapi-comemora-recertificacao-do-brasil-como-zona-livre-de-sarampo-e-reforca-a-importancia-da-vacina","status":"publish","type":"post","link":"https:\/\/portal.pi.gov.br\/sesapi\/2024\/11\/13\/sesapi-comemora-recertificacao-do-brasil-como-zona-livre-de-sarampo-e-reforca-a-importancia-da-vacina\/","title":{"rendered":"Sesapi comemora recertifica\u00e7\u00e3o do Brasil como zona livre de sarampo e refor\u00e7a a import\u00e2ncia da vacina"},"content":{"rendered":"\n<p>A Organiza\u00e7\u00e3o Pan-Americana da Sa\u00fade (Opas\/OMS) entregou, nesta ter\u00e7a-feira (12), ao Minist\u00e9rio da Sa\u00fade a recertifica\u00e7\u00e3o de pa\u00eds livre do sarampo. O status foi alcan\u00e7ado em 2016, mas foi perdido devido \u00e0 baixa cobertura vacinal, que trouxe o v\u00edrus de volta ao pa\u00eds.<\/p>\n\n\n\n<p>O Piau\u00ed registrou casos de sarampo pela \u00faltima vez em 2019. De l\u00e1 para c\u00e1, o estado segue livre da doen\u00e7a gra\u00e7as \u00e0 vacina\u00e7\u00e3o. Em 2024, nenhum caso suspeito foi registrado.<\/p>\n\n\n\n<p>No ano passado, a cobertura vacinal da 1\u00aa dose no Piau\u00ed chegou a 93,20%, e este ano mant\u00e9m o \u00edndice de 93%.<\/p>\n\n\n\n<p>A vacina que protege contra o sarampo \u00e9 a tr\u00edplice viral, e o esquema vacinal consiste em duas doses para pessoas de 12 meses a 29 anos de idade e uma dose para adultos de 30 a 59 anos.<\/p>\n\n\n\n<figure class=\"wp-block-image size-large\"><img decoding=\"async\" loading=\"lazy\" width=\"1024\" height=\"575\" src=\"https:\/\/portal.pi.gov.br\/sesapi\/wp-content\/uploads\/sites\/101\/2024\/11\/WhatsApp-Image-2024-11-13-at-10.56.25-1-1024x575.jpeg\" alt=\"\" class=\"wp-image-1230\" srcset=\"https:\/\/portal.pi.gov.br\/sesapi\/wp-content\/uploads\/sites\/101\/2024\/11\/WhatsApp-Image-2024-11-13-at-10.56.25-1-1024x575.jpeg 1024w, https:\/\/portal.pi.gov.br\/sesapi\/wp-content\/uploads\/sites\/101\/2024\/11\/WhatsApp-Image-2024-11-13-at-10.56.25-1-300x168.jpeg 300w, https:\/\/portal.pi.gov.br\/sesapi\/wp-content\/uploads\/sites\/101\/2024\/11\/WhatsApp-Image-2024-11-13-at-10.56.25-1-768x431.jpeg 768w, https:\/\/portal.pi.gov.br\/sesapi\/wp-content\/uploads\/sites\/101\/2024\/11\/WhatsApp-Image-2024-11-13-at-10.56.25-1-420x236.jpeg 420w, https:\/\/portal.pi.gov.br\/sesapi\/wp-content\/uploads\/sites\/101\/2024\/11\/WhatsApp-Image-2024-11-13-at-10.56.25-1-540x303.jpeg 540w, https:\/\/portal.pi.gov.br\/sesapi\/wp-content\/uploads\/sites\/101\/2024\/11\/WhatsApp-Image-2024-11-13-at-10.56.25-1-780x438.jpeg 780w, https:\/\/portal.pi.gov.br\/sesapi\/wp-content\/uploads\/sites\/101\/2024\/11\/WhatsApp-Image-2024-11-13-at-10.56.25-1-1536x862.jpeg 1536w, https:\/\/portal.pi.gov.br\/sesapi\/wp-content\/uploads\/sites\/101\/2024\/11\/WhatsApp-Image-2024-11-13-at-10.56.25-1-947x532.jpeg 947w, https:\/\/portal.pi.gov.br\/sesapi\/wp-content\/uploads\/sites\/101\/2024\/11\/WhatsApp-Image-2024-11-13-at-10.56.25-1-624x350.jpeg 624w, https:\/\/portal.pi.gov.br\/sesapi\/wp-content\/uploads\/sites\/101\/2024\/11\/WhatsApp-Image-2024-11-13-at-10.56.25-1.jpeg 1600w\" sizes=\"(max-width: 1024px) 100vw, 1024px\" \/><figcaption class=\"wp-element-caption\">Vacina\u00e7\u00e3o <\/figcaption><\/figure>\n\n\n\n<p>Para a coordenadora estadual de Epidemiologia da Sesapi, Am\u00e9lia Costa, a recertifica\u00e7\u00e3o \u00e9 um al\u00edvio, mas alerta que a popula\u00e7\u00e3o n\u00e3o relaxar no controle da doen\u00e7a.<\/p>\n\n\n\n<p>\u201cTemos que manter a nossa cobertura vacinal alta para que o v\u00edrus n\u00e3o seja reintroduzido no pa\u00eds. Para isso, n\u00e3o podemos negligenciar a import\u00e2ncia da vacina\u201d, afirma.<\/p>\n\n\n\n<p>O sarampo \u00e9 uma doen\u00e7a extremamente contagiosa que pode ser evitada por vacina. Estima-se que uma pessoa infectada pode contaminar entre 12 e 18 pessoas. A transmiss\u00e3o ocorre por meio das secre\u00e7\u00f5es do nariz e da boca expelidas ao tossir, respirar ou falar.<\/p>\n\n\n\n<p>Os principais sintomas s\u00e3o manchas vermelhas no corpo e febre alta, acompanhados de tosse seca, conjuntivite, nariz escorrendo ou entupido e mal-estar intenso. A doen\u00e7a pode deixar sequelas e at\u00e9 causar a morte. Entre as complica\u00e7\u00f5es est\u00e3o: pneumonia, infec\u00e7\u00e3o no ouvido, encefalite aguda e morte.<\/p>\n","protected":false},"excerpt":{"rendered":"<p>A Organiza\u00e7\u00e3o Pan-Americana da Sa\u00fade (Opas\/OMS) entregou, nesta ter\u00e7a-feira (12), ao Minist\u00e9rio da Sa\u00fade a recertifica\u00e7\u00e3o de pa\u00eds livre do sarampo. O status foi alcan\u00e7ado em 2016, mas foi perdido [&hellip;]<\/p>\n","protected":false},"author":1808,"featured_media":1230,"comment_status":"closed","ping_status":"closed","sticky":false,"template":"","format":"standard","meta":[],"categories":[30],"tags":[],"featured_image_urls":{"full":["https:\/\/portal.pi.gov.br\/sesapi\/wp-content\/uploads\/sites\/101\/2024\/11\/WhatsApp-Image-2024-11-13-at-10.56.25-1.jpeg",1600,898,false],"thumbnail":["https:\/\/portal.pi.gov.br\/sesapi\/wp-content\/uploads\/sites\/101\/2024\/11\/WhatsApp-Image-2024-11-13-at-10.56.25-1-150x150.jpeg",150,150,true],"medium":["https:\/\/portal.pi.gov.br\/sesapi\/wp-content\/uploads\/sites\/101\/2024\/11\/WhatsApp-Image-2024-11-13-at-10.56.25-1-300x168.jpeg",300,168,true],"medium_large":["https:\/\/portal.pi.gov.br\/sesapi\/wp-content\/uploads\/sites\/101\/2024\/11\/WhatsApp-Image-2024-11-13-at-10.56.25-1-768x431.jpeg",768,431,true],"large":["https:\/\/portal.pi.gov.br\/sesapi\/wp-content\/uploads\/sites\/101\/2024\/11\/WhatsApp-Image-2024-11-13-at-10.56.25-1-1024x575.jpeg",887,498,true],"sgg-420":["https:\/\/portal.pi.gov.br\/sesapi\/wp-content\/uploads\/sites\/101\/2024\/11\/WhatsApp-Image-2024-11-13-at-10.56.25-1-420x236.jpeg",420,236,true],"sgg-540":["https:\/\/portal.pi.gov.br\/sesapi\/wp-content\/uploads\/sites\/101\/2024\/11\/WhatsApp-Image-2024-11-13-at-10.56.25-1-540x303.jpeg",540,303,true],"sgg-780":["https:\/\/portal.pi.gov.br\/sesapi\/wp-content\/uploads\/sites\/101\/2024\/11\/WhatsApp-Image-2024-11-13-at-10.56.25-1-780x438.jpeg",780,438,true],"1536x1536":["https:\/\/portal.pi.gov.br\/sesapi\/wp-content\/uploads\/sites\/101\/2024\/11\/WhatsApp-Image-2024-11-13-at-10.56.25-1-1536x862.jpeg",1536,862,true],"2048x2048":["https:\/\/portal.pi.gov.br\/sesapi\/wp-content\/uploads\/sites\/101\/2024\/11\/WhatsApp-Image-2024-11-13-at-10.56.25-1.jpeg",1600,898,false],"homepage-slider":["https:\/\/portal.pi.gov.br\/sesapi\/wp-content\/uploads\/sites\/101\/2024\/11\/WhatsApp-Image-2024-11-13-at-10.56.25-1-1270x500.jpeg",1270,500,true],"homepage-slider-small":["https:\/\/portal.pi.gov.br\/sesapi\/wp-content\/uploads\/sites\/101\/2024\/11\/WhatsApp-Image-2024-11-13-at-10.56.25-1-947x500.jpeg",947,500,true],"page-top":["https:\/\/portal.pi.gov.br\/sesapi\/wp-content\/uploads\/sites\/101\/2024\/11\/WhatsApp-Image-2024-11-13-at-10.56.25-1-947x532.jpeg",947,532,true],"page-small":["https:\/\/portal.pi.gov.br\/sesapi\/wp-content\/uploads\/sites\/101\/2024\/11\/WhatsApp-Image-2024-11-13-at-10.56.25-1-624x350.jpeg",624,350,true],"loop-main":["https:\/\/portal.pi.gov.br\/sesapi\/wp-content\/uploads\/sites\/101\/2024\/11\/WhatsApp-Image-2024-11-13-at-10.56.25-1-365x240.jpeg",365,240,true],"thumb-gallery-widget":["https:\/\/portal.pi.gov.br\/sesapi\/wp-content\/uploads\/sites\/101\/2024\/11\/WhatsApp-Image-2024-11-13-at-10.56.25-1-84x56.jpeg",84,56,true]},"post_excerpt_stackable":"<p>A Organiza\u00e7\u00e3o Pan-Americana da Sa\u00fade (Opas\/OMS) entregou, nesta ter\u00e7a-feira (12), ao Minist\u00e9rio da Sa\u00fade a recertifica\u00e7\u00e3o de pa\u00eds livre do sarampo. O status foi alcan\u00e7ado em 2016, mas foi perdido devido \u00e0 baixa cobertura vacinal, que trouxe o v\u00edrus de volta ao pa\u00eds. O Piau\u00ed registrou casos de sarampo pela \u00faltima vez em 2019. De l\u00e1 para c\u00e1, o estado segue livre da doen\u00e7a gra\u00e7as \u00e0 vacina\u00e7\u00e3o. Em 2024, nenhum caso suspeito foi registrado. No ano passado, a cobertura vacinal da 1\u00aa dose no Piau\u00ed chegou a 93,20%, e este ano mant\u00e9m o \u00edndice de 93%. A vacina que protege&hellip;<\/p>\n","category_list":"<a href=\"https:\/\/portal.pi.gov.br\/sesapi\/category\/noticias\/\" rel=\"category tag\">Not\u00edcias<\/a>","author_info":{"name":"herlonpereira","url":"https:\/\/portal.pi.gov.br\/sesapi\/author\/herlonpereira\/"},"comments_num":"0 coment\u00e1rio","featured_image_urls_v2":{"full":["https:\/\/portal.pi.gov.br\/sesapi\/wp-content\/uploads\/sites\/101\/2024\/11\/WhatsApp-Image-2024-11-13-at-10.56.25-1.jpeg",1600,898,false],"thumbnail":["https:\/\/portal.pi.gov.br\/sesapi\/wp-content\/uploads\/sites\/101\/2024\/11\/WhatsApp-Image-2024-11-13-at-10.56.25-1-150x150.jpeg",150,150,true],"medium":["https:\/\/portal.pi.gov.br\/sesapi\/wp-content\/uploads\/sites\/101\/2024\/11\/WhatsApp-Image-2024-11-13-at-10.56.25-1-300x168.jpeg",300,168,true],"medium_large":["https:\/\/portal.pi.gov.br\/sesapi\/wp-content\/uploads\/sites\/101\/2024\/11\/WhatsApp-Image-2024-11-13-at-10.56.25-1-768x431.jpeg",768,431,true],"large":["https:\/\/portal.pi.gov.br\/sesapi\/wp-content\/uploads\/sites\/101\/2024\/11\/WhatsApp-Image-2024-11-13-at-10.56.25-1-1024x575.jpeg",887,498,true],"sgg-420":["https:\/\/portal.pi.gov.br\/sesapi\/wp-content\/uploads\/sites\/101\/2024\/11\/WhatsApp-Image-2024-11-13-at-10.56.25-1-420x236.jpeg",420,236,true],"sgg-540":["https:\/\/portal.pi.gov.br\/sesapi\/wp-content\/uploads\/sites\/101\/2024\/11\/WhatsApp-Image-2024-11-13-at-10.56.25-1-540x303.jpeg",540,303,true],"sgg-780":["https:\/\/portal.pi.gov.br\/sesapi\/wp-content\/uploads\/sites\/101\/2024\/11\/WhatsApp-Image-2024-11-13-at-10.56.25-1-780x438.jpeg",780,438,true],"1536x1536":["https:\/\/portal.pi.gov.br\/sesapi\/wp-content\/uploads\/sites\/101\/2024\/11\/WhatsApp-Image-2024-11-13-at-10.56.25-1-1536x862.jpeg",1536,862,true],"2048x2048":["https:\/\/portal.pi.gov.br\/sesapi\/wp-content\/uploads\/sites\/101\/2024\/11\/WhatsApp-Image-2024-11-13-at-10.56.25-1.jpeg",1600,898,false],"homepage-slider":["https:\/\/portal.pi.gov.br\/sesapi\/wp-content\/uploads\/sites\/101\/2024\/11\/WhatsApp-Image-2024-11-13-at-10.56.25-1-1270x500.jpeg",1270,500,true],"homepage-slider-small":["https:\/\/portal.pi.gov.br\/sesapi\/wp-content\/uploads\/sites\/101\/2024\/11\/WhatsApp-Image-2024-11-13-at-10.56.25-1-947x500.jpeg",947,500,true],"page-top":["https:\/\/portal.pi.gov.br\/sesapi\/wp-content\/uploads\/sites\/101\/2024\/11\/WhatsApp-Image-2024-11-13-at-10.56.25-1-947x532.jpeg",947,532,true],"page-small":["https:\/\/portal.pi.gov.br\/sesapi\/wp-content\/uploads\/sites\/101\/2024\/11\/WhatsApp-Image-2024-11-13-at-10.56.25-1-624x350.jpeg",624,350,true],"loop-main":["https:\/\/portal.pi.gov.br\/sesapi\/wp-content\/uploads\/sites\/101\/2024\/11\/WhatsApp-Image-2024-11-13-at-10.56.25-1-365x240.jpeg",365,240,true],"thumb-gallery-widget":["https:\/\/portal.pi.gov.br\/sesapi\/wp-content\/uploads\/sites\/101\/2024\/11\/WhatsApp-Image-2024-11-13-at-10.56.25-1-84x56.jpeg",84,56,true]},"post_excerpt_stackable_v2":"<p>A Organiza\u00e7\u00e3o Pan-Americana da Sa\u00fade (Opas\/OMS) entregou, nesta ter\u00e7a-feira (12), ao Minist\u00e9rio da Sa\u00fade a recertifica\u00e7\u00e3o de pa\u00eds livre do sarampo. O status foi alcan\u00e7ado em 2016, mas foi perdido devido \u00e0 baixa cobertura vacinal, que trouxe o v\u00edrus de volta ao pa\u00eds. O Piau\u00ed registrou casos de sarampo pela \u00faltima vez em 2019. De l\u00e1 para c\u00e1, o estado segue livre da doen\u00e7a gra\u00e7as \u00e0 vacina\u00e7\u00e3o. Em 2024, nenhum caso suspeito foi registrado. No ano passado, a cobertura vacinal da 1\u00aa dose no Piau\u00ed chegou a 93,20%, e este ano mant\u00e9m o \u00edndice de 93%. A vacina que protege&hellip;<\/p>\n","category_list_v2":"<a href=\"https:\/\/portal.pi.gov.br\/sesapi\/category\/noticias\/\" rel=\"category tag\">Not\u00edcias<\/a>","author_info_v2":{"name":"herlonpereira","url":"https:\/\/portal.pi.gov.br\/sesapi\/author\/herlonpereira\/"},"comments_num_v2":"0 coment\u00e1rio","jetpack_featured_media_url":"https:\/\/portal.pi.gov.br\/sesapi\/wp-content\/uploads\/sites\/101\/2024\/11\/WhatsApp-Image-2024-11-13-at-10.56.25-1.jpeg","_links":{"self":[{"href":"https:\/\/portal.pi.gov.br\/sesapi\/wp-json\/wp\/v2\/posts\/1229"}],"collection":[{"href":"https:\/\/portal.pi.gov.br\/sesapi\/wp-json\/wp\/v2\/posts"}],"about":[{"href":"https:\/\/portal.pi.gov.br\/sesapi\/wp-json\/wp\/v2\/types\/post"}],"author":[{"embeddable":true,"href":"https:\/\/portal.pi.gov.br\/sesapi\/wp-json\/wp\/v2\/users\/1808"}],"replies":[{"embeddable":true,"href":"https:\/\/portal.pi.gov.br\/sesapi\/wp-json\/wp\/v2\/comments?post=1229"}],"version-history":[{"count":1,"href":"https:\/\/portal.pi.gov.br\/sesapi\/wp-json\/wp\/v2\/posts\/1229\/revisions"}],"predecessor-version":[{"id":1231,"href":"https:\/\/portal.pi.gov.br\/sesapi\/wp-json\/wp\/v2\/posts\/1229\/revisions\/1231"}],"wp:featuredmedia":[{"embeddable":true,"href":"https:\/\/portal.pi.gov.br\/sesapi\/wp-json\/wp\/v2\/media\/1230"}],"wp:attachment":[{"href":"https:\/\/portal.pi.gov.br\/sesapi\/wp-json\/wp\/v2\/media?parent=1229"}],"wp:term":[{"taxonomy":"category","embeddable":true,"href":"https:\/\/portal.pi.gov.br\/sesapi\/wp-json\/wp\/v2\/categories?post=1229"},{"taxonomy":"post_tag","embeddable":true,"href":"https:\/\/portal.pi.gov.br\/sesapi\/wp-json\/wp\/v2\/tags?post=1229"}],"curies":[{"name":"wp","href":"https:\/\/api.w.org\/{rel}","templated":true}]}}