{"id":1276,"date":"2024-11-14T11:07:22","date_gmt":"2024-11-14T14:07:22","guid":{"rendered":"https:\/\/portal.pi.gov.br\/sesapi\/?p=1276"},"modified":"2024-11-14T11:07:46","modified_gmt":"2024-11-14T14:07:46","slug":"sesapi-inicia-preparacao-para-discussao-do-planejamento-regional-integrado-com-municipios-das-macrorregioes","status":"publish","type":"post","link":"https:\/\/portal.pi.gov.br\/sesapi\/2024\/11\/14\/sesapi-inicia-preparacao-para-discussao-do-planejamento-regional-integrado-com-municipios-das-macrorregioes\/","title":{"rendered":"Sesapi inicia prepara\u00e7\u00e3o para discuss\u00e3o do Planejamento Regional Integrado com munic\u00edpios das macrorregi\u00f5es"},"content":{"rendered":"\n<p>A Secretaria de Sa\u00fade do Piau\u00ed (Sesapi) iniciou, nesta quinta-feira (14), a prepara\u00e7\u00e3o para discuss\u00e3o do Planejamento Regional Integrado (PRI), Programa SUS Digital (MS) e Programa Mais Especialidades (MS) com os munic\u00edpios das 04 macrorregionais de sa\u00fade do estado. Os eventos ser\u00e3o realizados simultaneamente em Picos e Floriano, no dia 10 de dezembro, e em Teresina e Parna\u00edba, no dia 12 de dezembro.<\/p>\n\n\n\n<p>\u201cNesses encontros com as macrorregionais, onde contaremos com a presen\u00e7a de todos os munic\u00edpios, iremos discutir o Planejamento Regional Integrado, mais especificamente a modelagem das redes de aten\u00e7\u00e3o, e os programas SUS Digital e Mais Especialidades, do Minist\u00e9rio da Sa\u00fade\u201d, explica Cl\u00e9cio Moreira Lopes, diretor de Unidade de Planejamento da Sesapi.<\/p>\n\n\n\n<figure class=\"wp-block-image size-large\"><img decoding=\"async\" loading=\"lazy\" width=\"1024\" height=\"768\" src=\"https:\/\/portal.pi.gov.br\/sesapi\/wp-content\/uploads\/sites\/101\/2024\/11\/WhatsApp-Image-2024-11-14-at-10.33.55-1024x768.jpeg\" alt=\"\" class=\"wp-image-1277\" srcset=\"https:\/\/portal.pi.gov.br\/sesapi\/wp-content\/uploads\/sites\/101\/2024\/11\/WhatsApp-Image-2024-11-14-at-10.33.55-1024x768.jpeg 1024w, https:\/\/portal.pi.gov.br\/sesapi\/wp-content\/uploads\/sites\/101\/2024\/11\/WhatsApp-Image-2024-11-14-at-10.33.55-300x225.jpeg 300w, https:\/\/portal.pi.gov.br\/sesapi\/wp-content\/uploads\/sites\/101\/2024\/11\/WhatsApp-Image-2024-11-14-at-10.33.55-768x576.jpeg 768w, https:\/\/portal.pi.gov.br\/sesapi\/wp-content\/uploads\/sites\/101\/2024\/11\/WhatsApp-Image-2024-11-14-at-10.33.55-420x315.jpeg 420w, https:\/\/portal.pi.gov.br\/sesapi\/wp-content\/uploads\/sites\/101\/2024\/11\/WhatsApp-Image-2024-11-14-at-10.33.55-540x405.jpeg 540w, https:\/\/portal.pi.gov.br\/sesapi\/wp-content\/uploads\/sites\/101\/2024\/11\/WhatsApp-Image-2024-11-14-at-10.33.55-780x585.jpeg 780w, https:\/\/portal.pi.gov.br\/sesapi\/wp-content\/uploads\/sites\/101\/2024\/11\/WhatsApp-Image-2024-11-14-at-10.33.55-1536x1152.jpeg 1536w, https:\/\/portal.pi.gov.br\/sesapi\/wp-content\/uploads\/sites\/101\/2024\/11\/WhatsApp-Image-2024-11-14-at-10.33.55-947x710.jpeg 947w, https:\/\/portal.pi.gov.br\/sesapi\/wp-content\/uploads\/sites\/101\/2024\/11\/WhatsApp-Image-2024-11-14-at-10.33.55-624x468.jpeg 624w, https:\/\/portal.pi.gov.br\/sesapi\/wp-content\/uploads\/sites\/101\/2024\/11\/WhatsApp-Image-2024-11-14-at-10.33.55.jpeg 1600w\" sizes=\"(max-width: 1024px) 100vw, 1024px\" \/><figcaption class=\"wp-element-caption\">Reuni\u00e3o Planejamento Integrado<\/figcaption><\/figure>\n\n\n\n<p>Al\u00e9m da Sesapi, a a\u00e7\u00e3o conta com a participa\u00e7\u00e3o do Conselho Estadual de Sa\u00fade, do Conselho de Secret\u00e1rios Municipais de Sa\u00fade do Estado (Cosems), do Minist\u00e9rio da Sa\u00fade, representantes das redes de Aten\u00e7\u00e3o \u00e0 Sa\u00fade, Conselho Estadual de Sa\u00fade, N\u00facleo de Estudos em Sa\u00fade P\u00fablica (UFPI) e os Coordenadores da Comiss\u00e3o Intergestores Regional (CIR).<\/p>\n\n\n\n<p>O PRI \u00e9 parte do processo de planejamento regionalizado do Sistema \u00danico de Sa\u00fade (SUS), que visa promover a equidade e contribuir para a organiza\u00e7\u00e3o regional dos servi\u00e7os e a\u00e7\u00f5es de sa\u00fade. \u201cCom a finaliza\u00e7\u00e3o do PRI no Piau\u00ed, iremos fortalecer o SUS em todas as regi\u00f5es do estado em todos os aspectos, seja na aten\u00e7\u00e3o prim\u00e1ria e tamb\u00e9m na m\u00e9dia e alta complexidade\u201d, conclui Cl\u00e9cio Lopes.<\/p>\n","protected":false},"excerpt":{"rendered":"<p>A Secretaria de Sa\u00fade do Piau\u00ed (Sesapi) iniciou, nesta quinta-feira (14), a prepara\u00e7\u00e3o para discuss\u00e3o do Planejamento Regional Integrado (PRI), Programa SUS Digital (MS) e Programa Mais Especialidades (MS) com [&hellip;]<\/p>\n","protected":false},"author":1808,"featured_media":1277,"comment_status":"closed","ping_status":"closed","sticky":false,"template":"","format":"standard","meta":[],"categories":[30],"tags":[],"featured_image_urls":{"full":["https:\/\/portal.pi.gov.br\/sesapi\/wp-content\/uploads\/sites\/101\/2024\/11\/WhatsApp-Image-2024-11-14-at-10.33.55.jpeg",1600,1200,false],"thumbnail":["https:\/\/portal.pi.gov.br\/sesapi\/wp-content\/uploads\/sites\/101\/2024\/11\/WhatsApp-Image-2024-11-14-at-10.33.55-150x150.jpeg",150,150,true],"medium":["https:\/\/portal.pi.gov.br\/sesapi\/wp-content\/uploads\/sites\/101\/2024\/11\/WhatsApp-Image-2024-11-14-at-10.33.55-300x225.jpeg",300,225,true],"medium_large":["https:\/\/portal.pi.gov.br\/sesapi\/wp-content\/uploads\/sites\/101\/2024\/11\/WhatsApp-Image-2024-11-14-at-10.33.55-768x576.jpeg",768,576,true],"large":["https:\/\/portal.pi.gov.br\/sesapi\/wp-content\/uploads\/sites\/101\/2024\/11\/WhatsApp-Image-2024-11-14-at-10.33.55-1024x768.jpeg",887,665,true],"sgg-420":["https:\/\/portal.pi.gov.br\/sesapi\/wp-content\/uploads\/sites\/101\/2024\/11\/WhatsApp-Image-2024-11-14-at-10.33.55-420x315.jpeg",420,315,true],"sgg-540":["https:\/\/portal.pi.gov.br\/sesapi\/wp-content\/uploads\/sites\/101\/2024\/11\/WhatsApp-Image-2024-11-14-at-10.33.55-540x405.jpeg",540,405,true],"sgg-780":["https:\/\/portal.pi.gov.br\/sesapi\/wp-content\/uploads\/sites\/101\/2024\/11\/WhatsApp-Image-2024-11-14-at-10.33.55-780x585.jpeg",780,585,true],"1536x1536":["https:\/\/portal.pi.gov.br\/sesapi\/wp-content\/uploads\/sites\/101\/2024\/11\/WhatsApp-Image-2024-11-14-at-10.33.55-1536x1152.jpeg",1536,1152,true],"2048x2048":["https:\/\/portal.pi.gov.br\/sesapi\/wp-content\/uploads\/sites\/101\/2024\/11\/WhatsApp-Image-2024-11-14-at-10.33.55.jpeg",1600,1200,false],"homepage-slider":["https:\/\/portal.pi.gov.br\/sesapi\/wp-content\/uploads\/sites\/101\/2024\/11\/WhatsApp-Image-2024-11-14-at-10.33.55-1270x500.jpeg",1270,500,true],"homepage-slider-small":["https:\/\/portal.pi.gov.br\/sesapi\/wp-content\/uploads\/sites\/101\/2024\/11\/WhatsApp-Image-2024-11-14-at-10.33.55-947x500.jpeg",947,500,true],"page-top":["https:\/\/portal.pi.gov.br\/sesapi\/wp-content\/uploads\/sites\/101\/2024\/11\/WhatsApp-Image-2024-11-14-at-10.33.55-947x710.jpeg",947,710,true],"page-small":["https:\/\/portal.pi.gov.br\/sesapi\/wp-content\/uploads\/sites\/101\/2024\/11\/WhatsApp-Image-2024-11-14-at-10.33.55-624x468.jpeg",624,468,true],"loop-main":["https:\/\/portal.pi.gov.br\/sesapi\/wp-content\/uploads\/sites\/101\/2024\/11\/WhatsApp-Image-2024-11-14-at-10.33.55-365x240.jpeg",365,240,true],"thumb-gallery-widget":["https:\/\/portal.pi.gov.br\/sesapi\/wp-content\/uploads\/sites\/101\/2024\/11\/WhatsApp-Image-2024-11-14-at-10.33.55-84x56.jpeg",84,56,true]},"post_excerpt_stackable":"<p>A Secretaria de Sa\u00fade do Piau\u00ed (Sesapi) iniciou, nesta quinta-feira (14), a prepara\u00e7\u00e3o para discuss\u00e3o do Planejamento Regional Integrado (PRI), Programa SUS Digital (MS) e Programa Mais Especialidades (MS) com os munic\u00edpios das 04 macrorregionais de sa\u00fade do estado. Os eventos ser\u00e3o realizados simultaneamente em Picos e Floriano, no dia 10 de dezembro, e em Teresina e Parna\u00edba, no dia 12 de dezembro. \u201cNesses encontros com as macrorregionais, onde contaremos com a presen\u00e7a de todos os munic\u00edpios, iremos discutir o Planejamento Regional Integrado, mais especificamente a modelagem das redes de aten\u00e7\u00e3o, e os programas SUS Digital e Mais Especialidades, do&hellip;<\/p>\n","category_list":"<a href=\"https:\/\/portal.pi.gov.br\/sesapi\/category\/noticias\/\" rel=\"category tag\">Not\u00edcias<\/a>","author_info":{"name":"herlonpereira","url":"https:\/\/portal.pi.gov.br\/sesapi\/author\/herlonpereira\/"},"comments_num":"0 coment\u00e1rio","featured_image_urls_v2":{"full":["https:\/\/portal.pi.gov.br\/sesapi\/wp-content\/uploads\/sites\/101\/2024\/11\/WhatsApp-Image-2024-11-14-at-10.33.55.jpeg",1600,1200,false],"thumbnail":["https:\/\/portal.pi.gov.br\/sesapi\/wp-content\/uploads\/sites\/101\/2024\/11\/WhatsApp-Image-2024-11-14-at-10.33.55-150x150.jpeg",150,150,true],"medium":["https:\/\/portal.pi.gov.br\/sesapi\/wp-content\/uploads\/sites\/101\/2024\/11\/WhatsApp-Image-2024-11-14-at-10.33.55-300x225.jpeg",300,225,true],"medium_large":["https:\/\/portal.pi.gov.br\/sesapi\/wp-content\/uploads\/sites\/101\/2024\/11\/WhatsApp-Image-2024-11-14-at-10.33.55-768x576.jpeg",768,576,true],"large":["https:\/\/portal.pi.gov.br\/sesapi\/wp-content\/uploads\/sites\/101\/2024\/11\/WhatsApp-Image-2024-11-14-at-10.33.55-1024x768.jpeg",887,665,true],"sgg-420":["https:\/\/portal.pi.gov.br\/sesapi\/wp-content\/uploads\/sites\/101\/2024\/11\/WhatsApp-Image-2024-11-14-at-10.33.55-420x315.jpeg",420,315,true],"sgg-540":["https:\/\/portal.pi.gov.br\/sesapi\/wp-content\/uploads\/sites\/101\/2024\/11\/WhatsApp-Image-2024-11-14-at-10.33.55-540x405.jpeg",540,405,true],"sgg-780":["https:\/\/portal.pi.gov.br\/sesapi\/wp-content\/uploads\/sites\/101\/2024\/11\/WhatsApp-Image-2024-11-14-at-10.33.55-780x585.jpeg",780,585,true],"1536x1536":["https:\/\/portal.pi.gov.br\/sesapi\/wp-content\/uploads\/sites\/101\/2024\/11\/WhatsApp-Image-2024-11-14-at-10.33.55-1536x1152.jpeg",1536,1152,true],"2048x2048":["https:\/\/portal.pi.gov.br\/sesapi\/wp-content\/uploads\/sites\/101\/2024\/11\/WhatsApp-Image-2024-11-14-at-10.33.55.jpeg",1600,1200,false],"homepage-slider":["https:\/\/portal.pi.gov.br\/sesapi\/wp-content\/uploads\/sites\/101\/2024\/11\/WhatsApp-Image-2024-11-14-at-10.33.55-1270x500.jpeg",1270,500,true],"homepage-slider-small":["https:\/\/portal.pi.gov.br\/sesapi\/wp-content\/uploads\/sites\/101\/2024\/11\/WhatsApp-Image-2024-11-14-at-10.33.55-947x500.jpeg",947,500,true],"page-top":["https:\/\/portal.pi.gov.br\/sesapi\/wp-content\/uploads\/sites\/101\/2024\/11\/WhatsApp-Image-2024-11-14-at-10.33.55-947x710.jpeg",947,710,true],"page-small":["https:\/\/portal.pi.gov.br\/sesapi\/wp-content\/uploads\/sites\/101\/2024\/11\/WhatsApp-Image-2024-11-14-at-10.33.55-624x468.jpeg",624,468,true],"loop-main":["https:\/\/portal.pi.gov.br\/sesapi\/wp-content\/uploads\/sites\/101\/2024\/11\/WhatsApp-Image-2024-11-14-at-10.33.55-365x240.jpeg",365,240,true],"thumb-gallery-widget":["https:\/\/portal.pi.gov.br\/sesapi\/wp-content\/uploads\/sites\/101\/2024\/11\/WhatsApp-Image-2024-11-14-at-10.33.55-84x56.jpeg",84,56,true]},"post_excerpt_stackable_v2":"<p>A Secretaria de Sa\u00fade do Piau\u00ed (Sesapi) iniciou, nesta quinta-feira (14), a prepara\u00e7\u00e3o para discuss\u00e3o do Planejamento Regional Integrado (PRI), Programa SUS Digital (MS) e Programa Mais Especialidades (MS) com os munic\u00edpios das 04 macrorregionais de sa\u00fade do estado. Os eventos ser\u00e3o realizados simultaneamente em Picos e Floriano, no dia 10 de dezembro, e em Teresina e Parna\u00edba, no dia 12 de dezembro. \u201cNesses encontros com as macrorregionais, onde contaremos com a presen\u00e7a de todos os munic\u00edpios, iremos discutir o Planejamento Regional Integrado, mais especificamente a modelagem das redes de aten\u00e7\u00e3o, e os programas SUS Digital e Mais Especialidades, do&hellip;<\/p>\n","category_list_v2":"<a href=\"https:\/\/portal.pi.gov.br\/sesapi\/category\/noticias\/\" rel=\"category tag\">Not\u00edcias<\/a>","author_info_v2":{"name":"herlonpereira","url":"https:\/\/portal.pi.gov.br\/sesapi\/author\/herlonpereira\/"},"comments_num_v2":"0 coment\u00e1rio","jetpack_featured_media_url":"https:\/\/portal.pi.gov.br\/sesapi\/wp-content\/uploads\/sites\/101\/2024\/11\/WhatsApp-Image-2024-11-14-at-10.33.55.jpeg","_links":{"self":[{"href":"https:\/\/portal.pi.gov.br\/sesapi\/wp-json\/wp\/v2\/posts\/1276"}],"collection":[{"href":"https:\/\/portal.pi.gov.br\/sesapi\/wp-json\/wp\/v2\/posts"}],"about":[{"href":"https:\/\/portal.pi.gov.br\/sesapi\/wp-json\/wp\/v2\/types\/post"}],"author":[{"embeddable":true,"href":"https:\/\/portal.pi.gov.br\/sesapi\/wp-json\/wp\/v2\/users\/1808"}],"replies":[{"embeddable":true,"href":"https:\/\/portal.pi.gov.br\/sesapi\/wp-json\/wp\/v2\/comments?post=1276"}],"version-history":[{"count":1,"href":"https:\/\/portal.pi.gov.br\/sesapi\/wp-json\/wp\/v2\/posts\/1276\/revisions"}],"predecessor-version":[{"id":1278,"href":"https:\/\/portal.pi.gov.br\/sesapi\/wp-json\/wp\/v2\/posts\/1276\/revisions\/1278"}],"wp:featuredmedia":[{"embeddable":true,"href":"https:\/\/portal.pi.gov.br\/sesapi\/wp-json\/wp\/v2\/media\/1277"}],"wp:attachment":[{"href":"https:\/\/portal.pi.gov.br\/sesapi\/wp-json\/wp\/v2\/media?parent=1276"}],"wp:term":[{"taxonomy":"category","embeddable":true,"href":"https:\/\/portal.pi.gov.br\/sesapi\/wp-json\/wp\/v2\/categories?post=1276"},{"taxonomy":"post_tag","embeddable":true,"href":"https:\/\/portal.pi.gov.br\/sesapi\/wp-json\/wp\/v2\/tags?post=1276"}],"curies":[{"name":"wp","href":"https:\/\/api.w.org\/{rel}","templated":true}]}}