{"id":1962,"date":"2025-01-14T12:36:51","date_gmt":"2025-01-14T15:36:51","guid":{"rendered":"https:\/\/portal.pi.gov.br\/sesapi\/?p=1962"},"modified":"2025-01-14T12:36:52","modified_gmt":"2025-01-14T15:36:52","slug":"inscricoes-para-residencia-medica-no-hgv-sao-prorrogadas-ate-17-01","status":"publish","type":"post","link":"https:\/\/portal.pi.gov.br\/sesapi\/2025\/01\/14\/inscricoes-para-residencia-medica-no-hgv-sao-prorrogadas-ate-17-01\/","title":{"rendered":"Inscri\u00e7\u00f5es para Resid\u00eancia M\u00e9dica no HGV s\u00e3o prorrogadas at\u00e9 17\/01"},"content":{"rendered":"\n<p>A Secretaria de Estado da Sa\u00fade (Sesapi), em parceria com a Escola de Sa\u00fade P\u00fablica do Piau\u00ed (ESP-PI), prorrogou at\u00e9 o dia 17 de janeiro, as inscri\u00e7\u00f5es para a sele\u00e7\u00e3o de candidatos \u00e0s vagas nos Programas de Resid\u00eancia M\u00e9dica oferecidos pelo Hospital Get\u00falio Vargas (HGV). <\/p>\n\n\n\n<p>Confira o <a rel=\"noreferrer noopener\" href=\"\/Users\/Joao.rocha\/Downloads\/PRORROGA%C3%87%C3%83O%20DO%20EDITAL%20RESIDENCIAS%20HGV.pdf\" data-type=\"URL\" data-id=\"file:\/\/\/C:\/Users\/Joao.rocha\/Downloads\/PRORROGA%C3%87%C3%83O%20DO%20EDITAL%20RESIDENCIAS%20HGV.pdf\" target=\"_blank\">edital<\/a><\/p>\n\n\n\n<p>O processo seletivo contempla as especialidades de Anestesiologia, Cardiologia e Neurocirurgia. N\u00e3o h\u00e1 cobran\u00e7a de taxa de inscri\u00e7\u00e3o.<\/p>\n\n\n\n<p>Podem participar do certame m\u00e9dicos j\u00e1 graduados ou estudantes do \u00faltimo per\u00edodo do curso de Medicina, desde que a cola\u00e7\u00e3o de grau ocorra at\u00e9 o in\u00edcio do programa, previsto para mar\u00e7o de 2025, no caso das especialidades de Anestesiologia e Neurocirurgia.<\/p>\n\n\n\n<p>J\u00e1 para o programa de Cardiologia, os candidatos devem ser m\u00e9dicos graduados e ter conclu\u00eddo dois anos em um Programa de Resid\u00eancia M\u00e9dica (PRM) em Cl\u00ednica M\u00e9dica, credenciado pela CNRM, at\u00e9 o in\u00edcio do programa.<\/p>\n","protected":false},"excerpt":{"rendered":"<p>A Secretaria de Estado da Sa\u00fade (Sesapi), em parceria com a Escola de Sa\u00fade P\u00fablica do Piau\u00ed (ESP-PI), prorrogou at\u00e9 o dia 17 de janeiro, as inscri\u00e7\u00f5es para a sele\u00e7\u00e3o [&hellip;]<\/p>\n","protected":false},"author":1808,"featured_media":1652,"comment_status":"closed","ping_status":"closed","sticky":false,"template":"","format":"standard","meta":[],"categories":[30],"tags":[50,49,51],"featured_image_urls":{"full":["https:\/\/portal.pi.gov.br\/sesapi\/wp-content\/uploads\/sites\/101\/2024\/12\/HGV.jpeg",800,600,false],"thumbnail":["https:\/\/portal.pi.gov.br\/sesapi\/wp-content\/uploads\/sites\/101\/2024\/12\/HGV-150x150.jpeg",150,150,true],"medium":["https:\/\/portal.pi.gov.br\/sesapi\/wp-content\/uploads\/sites\/101\/2024\/12\/HGV-300x225.jpeg",300,225,true],"medium_large":["https:\/\/portal.pi.gov.br\/sesapi\/wp-content\/uploads\/sites\/101\/2024\/12\/HGV-768x576.jpeg",768,576,true],"large":["https:\/\/portal.pi.gov.br\/sesapi\/wp-content\/uploads\/sites\/101\/2024\/12\/HGV.jpeg",800,600,false],"sgg-420":["https:\/\/portal.pi.gov.br\/sesapi\/wp-content\/uploads\/sites\/101\/2024\/12\/HGV-420x315.jpeg",420,315,true],"sgg-540":["https:\/\/portal.pi.gov.br\/sesapi\/wp-content\/uploads\/sites\/101\/2024\/12\/HGV-540x405.jpeg",540,405,true],"sgg-780":["https:\/\/portal.pi.gov.br\/sesapi\/wp-content\/uploads\/sites\/101\/2024\/12\/HGV-780x585.jpeg",780,585,true],"1536x1536":["https:\/\/portal.pi.gov.br\/sesapi\/wp-content\/uploads\/sites\/101\/2024\/12\/HGV.jpeg",800,600,false],"2048x2048":["https:\/\/portal.pi.gov.br\/sesapi\/wp-content\/uploads\/sites\/101\/2024\/12\/HGV.jpeg",800,600,false],"homepage-slider":["https:\/\/portal.pi.gov.br\/sesapi\/wp-content\/uploads\/sites\/101\/2024\/12\/HGV-800x500.jpeg",800,500,true],"homepage-slider-small":["https:\/\/portal.pi.gov.br\/sesapi\/wp-content\/uploads\/sites\/101\/2024\/12\/HGV-800x500.jpeg",800,500,true],"page-top":["https:\/\/portal.pi.gov.br\/sesapi\/wp-content\/uploads\/sites\/101\/2024\/12\/HGV.jpeg",800,600,false],"page-small":["https:\/\/portal.pi.gov.br\/sesapi\/wp-content\/uploads\/sites\/101\/2024\/12\/HGV-624x468.jpeg",624,468,true],"loop-main":["https:\/\/portal.pi.gov.br\/sesapi\/wp-content\/uploads\/sites\/101\/2024\/12\/HGV-365x240.jpeg",365,240,true],"thumb-gallery-widget":["https:\/\/portal.pi.gov.br\/sesapi\/wp-content\/uploads\/sites\/101\/2024\/12\/HGV-84x56.jpeg",84,56,true]},"post_excerpt_stackable":"<p>A Secretaria de Estado da Sa\u00fade (Sesapi), em parceria com a Escola de Sa\u00fade P\u00fablica do Piau\u00ed (ESP-PI), prorrogou at\u00e9 o dia 17 de janeiro, as inscri\u00e7\u00f5es para a sele\u00e7\u00e3o de candidatos \u00e0s vagas nos Programas de Resid\u00eancia M\u00e9dica oferecidos pelo Hospital Get\u00falio Vargas (HGV). Confira o edital O processo seletivo contempla as especialidades de Anestesiologia, Cardiologia e Neurocirurgia. N\u00e3o h\u00e1 cobran\u00e7a de taxa de inscri\u00e7\u00e3o. Podem participar do certame m\u00e9dicos j\u00e1 graduados ou estudantes do \u00faltimo per\u00edodo do curso de Medicina, desde que a cola\u00e7\u00e3o de grau ocorra at\u00e9 o in\u00edcio do programa, previsto para mar\u00e7o de 2025, no&hellip;<\/p>\n","category_list":"<a href=\"https:\/\/portal.pi.gov.br\/sesapi\/category\/noticias\/\" rel=\"category tag\">Not\u00edcias<\/a>","author_info":{"name":"herlonpereira","url":"https:\/\/portal.pi.gov.br\/sesapi\/author\/herlonpereira\/"},"comments_num":"0 coment\u00e1rio","featured_image_urls_v2":{"full":["https:\/\/portal.pi.gov.br\/sesapi\/wp-content\/uploads\/sites\/101\/2024\/12\/HGV.jpeg",800,600,false],"thumbnail":["https:\/\/portal.pi.gov.br\/sesapi\/wp-content\/uploads\/sites\/101\/2024\/12\/HGV-150x150.jpeg",150,150,true],"medium":["https:\/\/portal.pi.gov.br\/sesapi\/wp-content\/uploads\/sites\/101\/2024\/12\/HGV-300x225.jpeg",300,225,true],"medium_large":["https:\/\/portal.pi.gov.br\/sesapi\/wp-content\/uploads\/sites\/101\/2024\/12\/HGV-768x576.jpeg",768,576,true],"large":["https:\/\/portal.pi.gov.br\/sesapi\/wp-content\/uploads\/sites\/101\/2024\/12\/HGV.jpeg",800,600,false],"sgg-420":["https:\/\/portal.pi.gov.br\/sesapi\/wp-content\/uploads\/sites\/101\/2024\/12\/HGV-420x315.jpeg",420,315,true],"sgg-540":["https:\/\/portal.pi.gov.br\/sesapi\/wp-content\/uploads\/sites\/101\/2024\/12\/HGV-540x405.jpeg",540,405,true],"sgg-780":["https:\/\/portal.pi.gov.br\/sesapi\/wp-content\/uploads\/sites\/101\/2024\/12\/HGV-780x585.jpeg",780,585,true],"1536x1536":["https:\/\/portal.pi.gov.br\/sesapi\/wp-content\/uploads\/sites\/101\/2024\/12\/HGV.jpeg",800,600,false],"2048x2048":["https:\/\/portal.pi.gov.br\/sesapi\/wp-content\/uploads\/sites\/101\/2024\/12\/HGV.jpeg",800,600,false],"homepage-slider":["https:\/\/portal.pi.gov.br\/sesapi\/wp-content\/uploads\/sites\/101\/2024\/12\/HGV-800x500.jpeg",800,500,true],"homepage-slider-small":["https:\/\/portal.pi.gov.br\/sesapi\/wp-content\/uploads\/sites\/101\/2024\/12\/HGV-800x500.jpeg",800,500,true],"page-top":["https:\/\/portal.pi.gov.br\/sesapi\/wp-content\/uploads\/sites\/101\/2024\/12\/HGV.jpeg",800,600,false],"page-small":["https:\/\/portal.pi.gov.br\/sesapi\/wp-content\/uploads\/sites\/101\/2024\/12\/HGV-624x468.jpeg",624,468,true],"loop-main":["https:\/\/portal.pi.gov.br\/sesapi\/wp-content\/uploads\/sites\/101\/2024\/12\/HGV-365x240.jpeg",365,240,true],"thumb-gallery-widget":["https:\/\/portal.pi.gov.br\/sesapi\/wp-content\/uploads\/sites\/101\/2024\/12\/HGV-84x56.jpeg",84,56,true]},"post_excerpt_stackable_v2":"<p>A Secretaria de Estado da Sa\u00fade (Sesapi), em parceria com a Escola de Sa\u00fade P\u00fablica do Piau\u00ed (ESP-PI), prorrogou at\u00e9 o dia 17 de janeiro, as inscri\u00e7\u00f5es para a sele\u00e7\u00e3o de candidatos \u00e0s vagas nos Programas de Resid\u00eancia M\u00e9dica oferecidos pelo Hospital Get\u00falio Vargas (HGV). Confira o edital O processo seletivo contempla as especialidades de Anestesiologia, Cardiologia e Neurocirurgia. N\u00e3o h\u00e1 cobran\u00e7a de taxa de inscri\u00e7\u00e3o. Podem participar do certame m\u00e9dicos j\u00e1 graduados ou estudantes do \u00faltimo per\u00edodo do curso de Medicina, desde que a cola\u00e7\u00e3o de grau ocorra at\u00e9 o in\u00edcio do programa, previsto para mar\u00e7o de 2025, no&hellip;<\/p>\n","category_list_v2":"<a href=\"https:\/\/portal.pi.gov.br\/sesapi\/category\/noticias\/\" rel=\"category tag\">Not\u00edcias<\/a>","author_info_v2":{"name":"herlonpereira","url":"https:\/\/portal.pi.gov.br\/sesapi\/author\/herlonpereira\/"},"comments_num_v2":"0 coment\u00e1rio","jetpack_featured_media_url":"https:\/\/portal.pi.gov.br\/sesapi\/wp-content\/uploads\/sites\/101\/2024\/12\/HGV.jpeg","_links":{"self":[{"href":"https:\/\/portal.pi.gov.br\/sesapi\/wp-json\/wp\/v2\/posts\/1962"}],"collection":[{"href":"https:\/\/portal.pi.gov.br\/sesapi\/wp-json\/wp\/v2\/posts"}],"about":[{"href":"https:\/\/portal.pi.gov.br\/sesapi\/wp-json\/wp\/v2\/types\/post"}],"author":[{"embeddable":true,"href":"https:\/\/portal.pi.gov.br\/sesapi\/wp-json\/wp\/v2\/users\/1808"}],"replies":[{"embeddable":true,"href":"https:\/\/portal.pi.gov.br\/sesapi\/wp-json\/wp\/v2\/comments?post=1962"}],"version-history":[{"count":1,"href":"https:\/\/portal.pi.gov.br\/sesapi\/wp-json\/wp\/v2\/posts\/1962\/revisions"}],"predecessor-version":[{"id":1963,"href":"https:\/\/portal.pi.gov.br\/sesapi\/wp-json\/wp\/v2\/posts\/1962\/revisions\/1963"}],"wp:featuredmedia":[{"embeddable":true,"href":"https:\/\/portal.pi.gov.br\/sesapi\/wp-json\/wp\/v2\/media\/1652"}],"wp:attachment":[{"href":"https:\/\/portal.pi.gov.br\/sesapi\/wp-json\/wp\/v2\/media?parent=1962"}],"wp:term":[{"taxonomy":"category","embeddable":true,"href":"https:\/\/portal.pi.gov.br\/sesapi\/wp-json\/wp\/v2\/categories?post=1962"},{"taxonomy":"post_tag","embeddable":true,"href":"https:\/\/portal.pi.gov.br\/sesapi\/wp-json\/wp\/v2\/tags?post=1962"}],"curies":[{"name":"wp","href":"https:\/\/api.w.org\/{rel}","templated":true}]}}