{"id":2004,"date":"2025-01-15T13:32:15","date_gmt":"2025-01-15T16:32:15","guid":{"rendered":"https:\/\/portal.pi.gov.br\/sesapi\/?p=2004"},"modified":"2025-01-15T13:32:16","modified_gmt":"2025-01-15T16:32:16","slug":"sesapi-e-secretaria-de-saude-de-picos-instalam-coe-e-elaboram-plano-de-acao-para-enfrentar-enchentes","status":"publish","type":"post","link":"https:\/\/portal.pi.gov.br\/sesapi\/2025\/01\/15\/sesapi-e-secretaria-de-saude-de-picos-instalam-coe-e-elaboram-plano-de-acao-para-enfrentar-enchentes\/","title":{"rendered":"Sesapi e Secretaria de Sa\u00fade de Picos instalam COE e elaboram Plano de A\u00e7\u00e3o para enfrentar enchentes"},"content":{"rendered":"\n<p>A Secretaria de Estado da Sa\u00fade (Sesapi) instituiu, nesta quarta-feira (15), em Picos, o Centro de Opera\u00e7\u00f5es de Emerg\u00eancia (COE). O objetivo \u00e9 elaborar um Plano de A\u00e7\u00e3o em resposta \u00e0s enchentes que afetam a regi\u00e3o desde a madrugada da \u00faltima ter\u00e7a-feira (14). A iniciativa conta com a colabora\u00e7\u00e3o da Secretaria Municipal de Sa\u00fade de Picos, Coordena\u00e7\u00e3o Regional de Sa\u00fade, Corpo de Bombeiros, Defesa Civil, UPA, Hospital Justino Luz, Novo Hospital Regional de Picos e Vigil\u00e2ncia Epidemiol\u00f3gica. A reuni\u00e3o para formaliza\u00e7\u00e3o do COE ocorreu na C\u00e2mara Municipal de Picos.<\/p>\n\n\n\n<p>O COE foi criado para coordenar as a\u00e7\u00f5es emergenciais de sa\u00fade p\u00fablica diante dos impactos das chuvas intensas, inunda\u00e7\u00f5es e outros desastres naturais. Sob a coordena\u00e7\u00e3o do secret\u00e1rio de Sa\u00fade de Picos, Thales Coelho, o objetivo do centro \u00e9 garantir a prote\u00e7\u00e3o da vida e da sa\u00fade da popula\u00e7\u00e3o afetada.<\/p>\n\n\n\n<figure class=\"wp-block-image size-large is-resized\"><img decoding=\"async\" loading=\"lazy\" src=\"https:\/\/portal.pi.gov.br\/sesapi\/wp-content\/uploads\/sites\/101\/2025\/01\/WhatsApp-Image-2025-01-15-at-12.49.39-1024x768.jpeg\" alt=\"\" class=\"wp-image-2005\" width=\"768\" height=\"576\" srcset=\"https:\/\/portal.pi.gov.br\/sesapi\/wp-content\/uploads\/sites\/101\/2025\/01\/WhatsApp-Image-2025-01-15-at-12.49.39-1024x768.jpeg 1024w, https:\/\/portal.pi.gov.br\/sesapi\/wp-content\/uploads\/sites\/101\/2025\/01\/WhatsApp-Image-2025-01-15-at-12.49.39-300x225.jpeg 300w, https:\/\/portal.pi.gov.br\/sesapi\/wp-content\/uploads\/sites\/101\/2025\/01\/WhatsApp-Image-2025-01-15-at-12.49.39-768x576.jpeg 768w, https:\/\/portal.pi.gov.br\/sesapi\/wp-content\/uploads\/sites\/101\/2025\/01\/WhatsApp-Image-2025-01-15-at-12.49.39-420x315.jpeg 420w, https:\/\/portal.pi.gov.br\/sesapi\/wp-content\/uploads\/sites\/101\/2025\/01\/WhatsApp-Image-2025-01-15-at-12.49.39-540x405.jpeg 540w, https:\/\/portal.pi.gov.br\/sesapi\/wp-content\/uploads\/sites\/101\/2025\/01\/WhatsApp-Image-2025-01-15-at-12.49.39-780x585.jpeg 780w, https:\/\/portal.pi.gov.br\/sesapi\/wp-content\/uploads\/sites\/101\/2025\/01\/WhatsApp-Image-2025-01-15-at-12.49.39-1536x1152.jpeg 1536w, https:\/\/portal.pi.gov.br\/sesapi\/wp-content\/uploads\/sites\/101\/2025\/01\/WhatsApp-Image-2025-01-15-at-12.49.39-2048x1536.jpeg 2048w, https:\/\/portal.pi.gov.br\/sesapi\/wp-content\/uploads\/sites\/101\/2025\/01\/WhatsApp-Image-2025-01-15-at-12.49.39-947x710.jpeg 947w, https:\/\/portal.pi.gov.br\/sesapi\/wp-content\/uploads\/sites\/101\/2025\/01\/WhatsApp-Image-2025-01-15-at-12.49.39-624x468.jpeg 624w\" sizes=\"(max-width: 768px) 100vw, 768px\" \/><\/figure>\n\n\n\n<p>Equipes da Sesapi realizam visitas \u00e0s \u00e1reas atingidas ao longo desta quarta-feira (15), com foco em identificar danos territoriais e avaliar o impacto nas comunidades. A a\u00e7\u00e3o inclui o levantamento de domic\u00edlios, fam\u00edlias e indiv\u00edduos afetados, al\u00e9m de uma an\u00e1lise sobre o funcionamento de servi\u00e7os de sa\u00fade como o Hospital Justino Luz, o Novo Hospital Regional de Picos, Unidade de Pronto Atendimento (UPA), postos de sa\u00fade e estruturas ambulatoriais.<\/p>\n\n\n\n<p>&#8220;A prioridade \u00e9 restabelecer o funcionamento dos servi\u00e7os de sa\u00fade, desde a aten\u00e7\u00e3o prim\u00e1ria at\u00e9 as unidades hospitalares, como o Justino Luz, o Novo Hospital e a UPA, garantindo plena capacidade de atendimento. Al\u00e9m disso, \u00e9 fundamental monitorar a qualidade da \u00e1gua consumida pela popula\u00e7\u00e3o, especialmente para os desabrigados&#8221;, afirmou Cristiane Moura F\u00e9, diretora de Vigil\u00e2ncia em Sa\u00fade da Sesapi.<\/p>\n\n\n\n<p>As a\u00e7\u00f5es emergenciais visam mitigar os impactos das enchentes e assegurar que a popula\u00e7\u00e3o tenha acesso a servi\u00e7os b\u00e1sicos de sa\u00fade, \u00e1gua pot\u00e1vel e condi\u00e7\u00f5es seguras de habita\u00e7\u00e3o durante o per\u00edodo cr\u00edtico.<\/p>\n","protected":false},"excerpt":{"rendered":"<p>A Secretaria de Estado da Sa\u00fade (Sesapi) instituiu, nesta quarta-feira (15), em Picos, o Centro de Opera\u00e7\u00f5es de Emerg\u00eancia (COE). O objetivo \u00e9 elaborar um Plano de A\u00e7\u00e3o em resposta [&hellip;]<\/p>\n","protected":false},"author":1816,"featured_media":2006,"comment_status":"closed","ping_status":"closed","sticky":false,"template":"","format":"standard","meta":[],"categories":[30],"tags":[],"featured_image_urls":{"full":["https:\/\/portal.pi.gov.br\/sesapi\/wp-content\/uploads\/sites\/101\/2025\/01\/WhatsApp-Image-2025-01-15-at-12.49.40-scaled.jpeg",2560,1920,false],"thumbnail":["https:\/\/portal.pi.gov.br\/sesapi\/wp-content\/uploads\/sites\/101\/2025\/01\/WhatsApp-Image-2025-01-15-at-12.49.40-150x150.jpeg",150,150,true],"medium":["https:\/\/portal.pi.gov.br\/sesapi\/wp-content\/uploads\/sites\/101\/2025\/01\/WhatsApp-Image-2025-01-15-at-12.49.40-300x225.jpeg",300,225,true],"medium_large":["https:\/\/portal.pi.gov.br\/sesapi\/wp-content\/uploads\/sites\/101\/2025\/01\/WhatsApp-Image-2025-01-15-at-12.49.40-768x576.jpeg",768,576,true],"large":["https:\/\/portal.pi.gov.br\/sesapi\/wp-content\/uploads\/sites\/101\/2025\/01\/WhatsApp-Image-2025-01-15-at-12.49.40-1024x768.jpeg",887,665,true],"sgg-420":["https:\/\/portal.pi.gov.br\/sesapi\/wp-content\/uploads\/sites\/101\/2025\/01\/WhatsApp-Image-2025-01-15-at-12.49.40-420x315.jpeg",420,315,true],"sgg-540":["https:\/\/portal.pi.gov.br\/sesapi\/wp-content\/uploads\/sites\/101\/2025\/01\/WhatsApp-Image-2025-01-15-at-12.49.40-540x405.jpeg",540,405,true],"sgg-780":["https:\/\/portal.pi.gov.br\/sesapi\/wp-content\/uploads\/sites\/101\/2025\/01\/WhatsApp-Image-2025-01-15-at-12.49.40-780x585.jpeg",780,585,true],"1536x1536":["https:\/\/portal.pi.gov.br\/sesapi\/wp-content\/uploads\/sites\/101\/2025\/01\/WhatsApp-Image-2025-01-15-at-12.49.40-1536x1152.jpeg",1536,1152,true],"2048x2048":["https:\/\/portal.pi.gov.br\/sesapi\/wp-content\/uploads\/sites\/101\/2025\/01\/WhatsApp-Image-2025-01-15-at-12.49.40-2048x1536.jpeg",2048,1536,true],"homepage-slider":["https:\/\/portal.pi.gov.br\/sesapi\/wp-content\/uploads\/sites\/101\/2025\/01\/WhatsApp-Image-2025-01-15-at-12.49.40-1270x500.jpeg",1270,500,true],"homepage-slider-small":["https:\/\/portal.pi.gov.br\/sesapi\/wp-content\/uploads\/sites\/101\/2025\/01\/WhatsApp-Image-2025-01-15-at-12.49.40-947x500.jpeg",947,500,true],"page-top":["https:\/\/portal.pi.gov.br\/sesapi\/wp-content\/uploads\/sites\/101\/2025\/01\/WhatsApp-Image-2025-01-15-at-12.49.40-947x710.jpeg",947,710,true],"page-small":["https:\/\/portal.pi.gov.br\/sesapi\/wp-content\/uploads\/sites\/101\/2025\/01\/WhatsApp-Image-2025-01-15-at-12.49.40-624x468.jpeg",624,468,true],"loop-main":["https:\/\/portal.pi.gov.br\/sesapi\/wp-content\/uploads\/sites\/101\/2025\/01\/WhatsApp-Image-2025-01-15-at-12.49.40-365x240.jpeg",365,240,true],"thumb-gallery-widget":["https:\/\/portal.pi.gov.br\/sesapi\/wp-content\/uploads\/sites\/101\/2025\/01\/WhatsApp-Image-2025-01-15-at-12.49.40-84x56.jpeg",84,56,true]},"post_excerpt_stackable":"<p>A Secretaria de Estado da Sa\u00fade (Sesapi) instituiu, nesta quarta-feira (15), em Picos, o Centro de Opera\u00e7\u00f5es de Emerg\u00eancia (COE). O objetivo \u00e9 elaborar um Plano de A\u00e7\u00e3o em resposta \u00e0s enchentes que afetam a regi\u00e3o desde a madrugada da \u00faltima ter\u00e7a-feira (14). A iniciativa conta com a colabora\u00e7\u00e3o da Secretaria Municipal de Sa\u00fade de Picos, Coordena\u00e7\u00e3o Regional de Sa\u00fade, Corpo de Bombeiros, Defesa Civil, UPA, Hospital Justino Luz, Novo Hospital Regional de Picos e Vigil\u00e2ncia Epidemiol\u00f3gica. A reuni\u00e3o para formaliza\u00e7\u00e3o do COE ocorreu na C\u00e2mara Municipal de Picos. O COE foi criado para coordenar as a\u00e7\u00f5es emergenciais de sa\u00fade&hellip;<\/p>\n","category_list":"<a href=\"https:\/\/portal.pi.gov.br\/sesapi\/category\/noticias\/\" rel=\"category tag\">Not\u00edcias<\/a>","author_info":{"name":"amandasantos","url":"https:\/\/portal.pi.gov.br\/sesapi\/author\/amandasantos\/"},"comments_num":"0 coment\u00e1rio","featured_image_urls_v2":{"full":["https:\/\/portal.pi.gov.br\/sesapi\/wp-content\/uploads\/sites\/101\/2025\/01\/WhatsApp-Image-2025-01-15-at-12.49.40-scaled.jpeg",2560,1920,false],"thumbnail":["https:\/\/portal.pi.gov.br\/sesapi\/wp-content\/uploads\/sites\/101\/2025\/01\/WhatsApp-Image-2025-01-15-at-12.49.40-150x150.jpeg",150,150,true],"medium":["https:\/\/portal.pi.gov.br\/sesapi\/wp-content\/uploads\/sites\/101\/2025\/01\/WhatsApp-Image-2025-01-15-at-12.49.40-300x225.jpeg",300,225,true],"medium_large":["https:\/\/portal.pi.gov.br\/sesapi\/wp-content\/uploads\/sites\/101\/2025\/01\/WhatsApp-Image-2025-01-15-at-12.49.40-768x576.jpeg",768,576,true],"large":["https:\/\/portal.pi.gov.br\/sesapi\/wp-content\/uploads\/sites\/101\/2025\/01\/WhatsApp-Image-2025-01-15-at-12.49.40-1024x768.jpeg",887,665,true],"sgg-420":["https:\/\/portal.pi.gov.br\/sesapi\/wp-content\/uploads\/sites\/101\/2025\/01\/WhatsApp-Image-2025-01-15-at-12.49.40-420x315.jpeg",420,315,true],"sgg-540":["https:\/\/portal.pi.gov.br\/sesapi\/wp-content\/uploads\/sites\/101\/2025\/01\/WhatsApp-Image-2025-01-15-at-12.49.40-540x405.jpeg",540,405,true],"sgg-780":["https:\/\/portal.pi.gov.br\/sesapi\/wp-content\/uploads\/sites\/101\/2025\/01\/WhatsApp-Image-2025-01-15-at-12.49.40-780x585.jpeg",780,585,true],"1536x1536":["https:\/\/portal.pi.gov.br\/sesapi\/wp-content\/uploads\/sites\/101\/2025\/01\/WhatsApp-Image-2025-01-15-at-12.49.40-1536x1152.jpeg",1536,1152,true],"2048x2048":["https:\/\/portal.pi.gov.br\/sesapi\/wp-content\/uploads\/sites\/101\/2025\/01\/WhatsApp-Image-2025-01-15-at-12.49.40-2048x1536.jpeg",2048,1536,true],"homepage-slider":["https:\/\/portal.pi.gov.br\/sesapi\/wp-content\/uploads\/sites\/101\/2025\/01\/WhatsApp-Image-2025-01-15-at-12.49.40-1270x500.jpeg",1270,500,true],"homepage-slider-small":["https:\/\/portal.pi.gov.br\/sesapi\/wp-content\/uploads\/sites\/101\/2025\/01\/WhatsApp-Image-2025-01-15-at-12.49.40-947x500.jpeg",947,500,true],"page-top":["https:\/\/portal.pi.gov.br\/sesapi\/wp-content\/uploads\/sites\/101\/2025\/01\/WhatsApp-Image-2025-01-15-at-12.49.40-947x710.jpeg",947,710,true],"page-small":["https:\/\/portal.pi.gov.br\/sesapi\/wp-content\/uploads\/sites\/101\/2025\/01\/WhatsApp-Image-2025-01-15-at-12.49.40-624x468.jpeg",624,468,true],"loop-main":["https:\/\/portal.pi.gov.br\/sesapi\/wp-content\/uploads\/sites\/101\/2025\/01\/WhatsApp-Image-2025-01-15-at-12.49.40-365x240.jpeg",365,240,true],"thumb-gallery-widget":["https:\/\/portal.pi.gov.br\/sesapi\/wp-content\/uploads\/sites\/101\/2025\/01\/WhatsApp-Image-2025-01-15-at-12.49.40-84x56.jpeg",84,56,true]},"post_excerpt_stackable_v2":"<p>A Secretaria de Estado da Sa\u00fade (Sesapi) instituiu, nesta quarta-feira (15), em Picos, o Centro de Opera\u00e7\u00f5es de Emerg\u00eancia (COE). O objetivo \u00e9 elaborar um Plano de A\u00e7\u00e3o em resposta \u00e0s enchentes que afetam a regi\u00e3o desde a madrugada da \u00faltima ter\u00e7a-feira (14). A iniciativa conta com a colabora\u00e7\u00e3o da Secretaria Municipal de Sa\u00fade de Picos, Coordena\u00e7\u00e3o Regional de Sa\u00fade, Corpo de Bombeiros, Defesa Civil, UPA, Hospital Justino Luz, Novo Hospital Regional de Picos e Vigil\u00e2ncia Epidemiol\u00f3gica. A reuni\u00e3o para formaliza\u00e7\u00e3o do COE ocorreu na C\u00e2mara Municipal de Picos. O COE foi criado para coordenar as a\u00e7\u00f5es emergenciais de sa\u00fade&hellip;<\/p>\n","category_list_v2":"<a href=\"https:\/\/portal.pi.gov.br\/sesapi\/category\/noticias\/\" rel=\"category tag\">Not\u00edcias<\/a>","author_info_v2":{"name":"amandasantos","url":"https:\/\/portal.pi.gov.br\/sesapi\/author\/amandasantos\/"},"comments_num_v2":"0 coment\u00e1rio","jetpack_featured_media_url":"https:\/\/portal.pi.gov.br\/sesapi\/wp-content\/uploads\/sites\/101\/2025\/01\/WhatsApp-Image-2025-01-15-at-12.49.40-scaled.jpeg","_links":{"self":[{"href":"https:\/\/portal.pi.gov.br\/sesapi\/wp-json\/wp\/v2\/posts\/2004"}],"collection":[{"href":"https:\/\/portal.pi.gov.br\/sesapi\/wp-json\/wp\/v2\/posts"}],"about":[{"href":"https:\/\/portal.pi.gov.br\/sesapi\/wp-json\/wp\/v2\/types\/post"}],"author":[{"embeddable":true,"href":"https:\/\/portal.pi.gov.br\/sesapi\/wp-json\/wp\/v2\/users\/1816"}],"replies":[{"embeddable":true,"href":"https:\/\/portal.pi.gov.br\/sesapi\/wp-json\/wp\/v2\/comments?post=2004"}],"version-history":[{"count":1,"href":"https:\/\/portal.pi.gov.br\/sesapi\/wp-json\/wp\/v2\/posts\/2004\/revisions"}],"predecessor-version":[{"id":2007,"href":"https:\/\/portal.pi.gov.br\/sesapi\/wp-json\/wp\/v2\/posts\/2004\/revisions\/2007"}],"wp:featuredmedia":[{"embeddable":true,"href":"https:\/\/portal.pi.gov.br\/sesapi\/wp-json\/wp\/v2\/media\/2006"}],"wp:attachment":[{"href":"https:\/\/portal.pi.gov.br\/sesapi\/wp-json\/wp\/v2\/media?parent=2004"}],"wp:term":[{"taxonomy":"category","embeddable":true,"href":"https:\/\/portal.pi.gov.br\/sesapi\/wp-json\/wp\/v2\/categories?post=2004"},{"taxonomy":"post_tag","embeddable":true,"href":"https:\/\/portal.pi.gov.br\/sesapi\/wp-json\/wp\/v2\/tags?post=2004"}],"curies":[{"name":"wp","href":"https:\/\/api.w.org\/{rel}","templated":true}]}}