{"id":2022,"date":"2025-01-16T13:40:13","date_gmt":"2025-01-16T16:40:13","guid":{"rendered":"https:\/\/portal.pi.gov.br\/sesapi\/?p=2022"},"modified":"2025-01-16T13:45:52","modified_gmt":"2025-01-16T16:45:52","slug":"sesapi-e-entes-municipais-concluem-plano-de-contingencia-em-picos","status":"publish","type":"post","link":"https:\/\/portal.pi.gov.br\/sesapi\/2025\/01\/16\/sesapi-e-entes-municipais-concluem-plano-de-contingencia-em-picos\/","title":{"rendered":"Sesapi e entes municipais concluem Plano de Conting\u00eancia em Picos"},"content":{"rendered":"\n<p>A Secretaria de Estado da Sa\u00fade (Sesapi) realizou nesta quinta-feira (16), em Picos, a reuni\u00e3o para elabora\u00e7\u00e3o dos Planos de A\u00e7\u00e3o e Conting\u00eancia em resposta \u00e0s enchentes que afetam a regi\u00e3o desde a madrugada da \u00faltima ter\u00e7a-feira (14). A reuni\u00e3o ocorreu na C\u00e2mara Municipal de Picos.<\/p>\n\n\n\n<p>Ap\u00f3s visitas e levantamento de dados realizados pelos entes municipais, o munic\u00edpio est\u00e1 apto a receber do Minist\u00e9rio da Sa\u00fade e da Sesapi kits de emerg\u00eancia, com medicamentos e insumos para a regi\u00e3o afetada e seu entorno.<\/p>\n\n\n\n<figure class=\"wp-block-image size-large is-resized\"><img decoding=\"async\" loading=\"lazy\" src=\"https:\/\/portal.pi.gov.br\/sesapi\/wp-content\/uploads\/sites\/101\/2025\/01\/WhatsApp-Image-2025-01-15-at-12.49.41-1024x768.jpeg\" alt=\"\" class=\"wp-image-2023\" width=\"768\" height=\"576\" srcset=\"https:\/\/portal.pi.gov.br\/sesapi\/wp-content\/uploads\/sites\/101\/2025\/01\/WhatsApp-Image-2025-01-15-at-12.49.41-1024x768.jpeg 1024w, https:\/\/portal.pi.gov.br\/sesapi\/wp-content\/uploads\/sites\/101\/2025\/01\/WhatsApp-Image-2025-01-15-at-12.49.41-300x225.jpeg 300w, https:\/\/portal.pi.gov.br\/sesapi\/wp-content\/uploads\/sites\/101\/2025\/01\/WhatsApp-Image-2025-01-15-at-12.49.41-768x576.jpeg 768w, https:\/\/portal.pi.gov.br\/sesapi\/wp-content\/uploads\/sites\/101\/2025\/01\/WhatsApp-Image-2025-01-15-at-12.49.41-420x315.jpeg 420w, https:\/\/portal.pi.gov.br\/sesapi\/wp-content\/uploads\/sites\/101\/2025\/01\/WhatsApp-Image-2025-01-15-at-12.49.41-540x405.jpeg 540w, https:\/\/portal.pi.gov.br\/sesapi\/wp-content\/uploads\/sites\/101\/2025\/01\/WhatsApp-Image-2025-01-15-at-12.49.41-780x585.jpeg 780w, https:\/\/portal.pi.gov.br\/sesapi\/wp-content\/uploads\/sites\/101\/2025\/01\/WhatsApp-Image-2025-01-15-at-12.49.41-1536x1152.jpeg 1536w, https:\/\/portal.pi.gov.br\/sesapi\/wp-content\/uploads\/sites\/101\/2025\/01\/WhatsApp-Image-2025-01-15-at-12.49.41-2048x1536.jpeg 2048w, https:\/\/portal.pi.gov.br\/sesapi\/wp-content\/uploads\/sites\/101\/2025\/01\/WhatsApp-Image-2025-01-15-at-12.49.41-947x710.jpeg 947w, https:\/\/portal.pi.gov.br\/sesapi\/wp-content\/uploads\/sites\/101\/2025\/01\/WhatsApp-Image-2025-01-15-at-12.49.41-624x468.jpeg 624w\" sizes=\"(max-width: 768px) 100vw, 768px\" \/><\/figure>\n\n\n\n<p>&#8220;O kit vem para dar suporte inicial a aten\u00e7\u00e3o Prim\u00e1ria ao munic\u00edpio. S\u00e3o itens b\u00e1sicos da assist\u00eancia farmac\u00eautica, que cont\u00e9m antibi\u00f3tico, anti-inflamat\u00f3rios e insumos de sa\u00fade (luvas, agulhas, seringas)&#8221;, ressaltou Lucas Fonseca, coordenador do Programa Nacional VigiDesastre.<\/p>\n\n\n\n<p>O COE foi criado para coordenar as a\u00e7\u00f5es emergenciais de sa\u00fade p\u00fablica diante dos impactos das chuvas intensas, inunda\u00e7\u00f5es e outros desastres naturais. Sob a coordena\u00e7\u00e3o do secret\u00e1rio de Sa\u00fade de Picos, Thales Coelho, o objetivo do centro \u00e9 garantir a prote\u00e7\u00e3o da vida e da sa\u00fade da popula\u00e7\u00e3o afetada.<\/p>\n\n\n\n<p>Equipes da Sesapi auxiliaram os \u00f3rg\u00e3os municipais na constru\u00e7\u00e3o do Plano de Conting\u00eancia com as a\u00e7\u00f5es para as pr\u00f3ximas tr\u00eas semanas ap\u00f3s uma s\u00e9rie de visitas e discuss\u00f5es com os entes envolvidos.<\/p>\n\n\n\n<p>&#8220;Essa reuni\u00e3o institui os pr\u00f3ximos passos a serem tomados pelo munic\u00edpio ap\u00f3s o levantamento dos dados. Agora, Picos e o Vale dos Guaribas est\u00e3o aptos a receber insumos e demais medicamentos para que n\u00e3o haja nenhuma falta durante as a\u00e7\u00f5es&#8221;, afirmou Cristiane Moura F\u00e9, diretora de Vigil\u00e2ncia em Sa\u00fade da Sesapi.<\/p>\n","protected":false},"excerpt":{"rendered":"<p>A Secretaria de Estado da Sa\u00fade (Sesapi) realizou nesta quinta-feira (16), em Picos, a reuni\u00e3o para elabora\u00e7\u00e3o dos Planos de A\u00e7\u00e3o e Conting\u00eancia em resposta \u00e0s enchentes que afetam a [&hellip;]<\/p>\n","protected":false},"author":1816,"featured_media":2024,"comment_status":"closed","ping_status":"closed","sticky":false,"template":"","format":"standard","meta":[],"categories":[30],"tags":[],"featured_image_urls":{"full":["https:\/\/portal.pi.gov.br\/sesapi\/wp-content\/uploads\/sites\/101\/2025\/01\/WhatsApp-Image-2025-01-16-at-13.37.14-scaled.jpeg",2560,1920,false],"thumbnail":["https:\/\/portal.pi.gov.br\/sesapi\/wp-content\/uploads\/sites\/101\/2025\/01\/WhatsApp-Image-2025-01-16-at-13.37.14-150x150.jpeg",150,150,true],"medium":["https:\/\/portal.pi.gov.br\/sesapi\/wp-content\/uploads\/sites\/101\/2025\/01\/WhatsApp-Image-2025-01-16-at-13.37.14-300x225.jpeg",300,225,true],"medium_large":["https:\/\/portal.pi.gov.br\/sesapi\/wp-content\/uploads\/sites\/101\/2025\/01\/WhatsApp-Image-2025-01-16-at-13.37.14-768x576.jpeg",768,576,true],"large":["https:\/\/portal.pi.gov.br\/sesapi\/wp-content\/uploads\/sites\/101\/2025\/01\/WhatsApp-Image-2025-01-16-at-13.37.14-1024x768.jpeg",887,665,true],"sgg-420":["https:\/\/portal.pi.gov.br\/sesapi\/wp-content\/uploads\/sites\/101\/2025\/01\/WhatsApp-Image-2025-01-16-at-13.37.14-420x315.jpeg",420,315,true],"sgg-540":["https:\/\/portal.pi.gov.br\/sesapi\/wp-content\/uploads\/sites\/101\/2025\/01\/WhatsApp-Image-2025-01-16-at-13.37.14-540x405.jpeg",540,405,true],"sgg-780":["https:\/\/portal.pi.gov.br\/sesapi\/wp-content\/uploads\/sites\/101\/2025\/01\/WhatsApp-Image-2025-01-16-at-13.37.14-780x585.jpeg",780,585,true],"1536x1536":["https:\/\/portal.pi.gov.br\/sesapi\/wp-content\/uploads\/sites\/101\/2025\/01\/WhatsApp-Image-2025-01-16-at-13.37.14-1536x1152.jpeg",1536,1152,true],"2048x2048":["https:\/\/portal.pi.gov.br\/sesapi\/wp-content\/uploads\/sites\/101\/2025\/01\/WhatsApp-Image-2025-01-16-at-13.37.14-2048x1536.jpeg",2048,1536,true],"homepage-slider":["https:\/\/portal.pi.gov.br\/sesapi\/wp-content\/uploads\/sites\/101\/2025\/01\/WhatsApp-Image-2025-01-16-at-13.37.14-1270x500.jpeg",1270,500,true],"homepage-slider-small":["https:\/\/portal.pi.gov.br\/sesapi\/wp-content\/uploads\/sites\/101\/2025\/01\/WhatsApp-Image-2025-01-16-at-13.37.14-947x500.jpeg",947,500,true],"page-top":["https:\/\/portal.pi.gov.br\/sesapi\/wp-content\/uploads\/sites\/101\/2025\/01\/WhatsApp-Image-2025-01-16-at-13.37.14-947x710.jpeg",947,710,true],"page-small":["https:\/\/portal.pi.gov.br\/sesapi\/wp-content\/uploads\/sites\/101\/2025\/01\/WhatsApp-Image-2025-01-16-at-13.37.14-624x468.jpeg",624,468,true],"loop-main":["https:\/\/portal.pi.gov.br\/sesapi\/wp-content\/uploads\/sites\/101\/2025\/01\/WhatsApp-Image-2025-01-16-at-13.37.14-365x240.jpeg",365,240,true],"thumb-gallery-widget":["https:\/\/portal.pi.gov.br\/sesapi\/wp-content\/uploads\/sites\/101\/2025\/01\/WhatsApp-Image-2025-01-16-at-13.37.14-84x56.jpeg",84,56,true]},"post_excerpt_stackable":"<p>A Secretaria de Estado da Sa\u00fade (Sesapi) realizou nesta quinta-feira (16), em Picos, a reuni\u00e3o para elabora\u00e7\u00e3o dos Planos de A\u00e7\u00e3o e Conting\u00eancia em resposta \u00e0s enchentes que afetam a regi\u00e3o desde a madrugada da \u00faltima ter\u00e7a-feira (14). A reuni\u00e3o ocorreu na C\u00e2mara Municipal de Picos. Ap\u00f3s visitas e levantamento de dados realizados pelos entes municipais, o munic\u00edpio est\u00e1 apto a receber do Minist\u00e9rio da Sa\u00fade e da Sesapi kits de emerg\u00eancia, com medicamentos e insumos para a regi\u00e3o afetada e seu entorno. &#8220;O kit vem para dar suporte inicial a aten\u00e7\u00e3o Prim\u00e1ria ao munic\u00edpio. S\u00e3o itens b\u00e1sicos da assist\u00eancia&hellip;<\/p>\n","category_list":"<a href=\"https:\/\/portal.pi.gov.br\/sesapi\/category\/noticias\/\" rel=\"category tag\">Not\u00edcias<\/a>","author_info":{"name":"amandasantos","url":"https:\/\/portal.pi.gov.br\/sesapi\/author\/amandasantos\/"},"comments_num":"0 coment\u00e1rio","featured_image_urls_v2":{"full":["https:\/\/portal.pi.gov.br\/sesapi\/wp-content\/uploads\/sites\/101\/2025\/01\/WhatsApp-Image-2025-01-16-at-13.37.14-scaled.jpeg",2560,1920,false],"thumbnail":["https:\/\/portal.pi.gov.br\/sesapi\/wp-content\/uploads\/sites\/101\/2025\/01\/WhatsApp-Image-2025-01-16-at-13.37.14-150x150.jpeg",150,150,true],"medium":["https:\/\/portal.pi.gov.br\/sesapi\/wp-content\/uploads\/sites\/101\/2025\/01\/WhatsApp-Image-2025-01-16-at-13.37.14-300x225.jpeg",300,225,true],"medium_large":["https:\/\/portal.pi.gov.br\/sesapi\/wp-content\/uploads\/sites\/101\/2025\/01\/WhatsApp-Image-2025-01-16-at-13.37.14-768x576.jpeg",768,576,true],"large":["https:\/\/portal.pi.gov.br\/sesapi\/wp-content\/uploads\/sites\/101\/2025\/01\/WhatsApp-Image-2025-01-16-at-13.37.14-1024x768.jpeg",887,665,true],"sgg-420":["https:\/\/portal.pi.gov.br\/sesapi\/wp-content\/uploads\/sites\/101\/2025\/01\/WhatsApp-Image-2025-01-16-at-13.37.14-420x315.jpeg",420,315,true],"sgg-540":["https:\/\/portal.pi.gov.br\/sesapi\/wp-content\/uploads\/sites\/101\/2025\/01\/WhatsApp-Image-2025-01-16-at-13.37.14-540x405.jpeg",540,405,true],"sgg-780":["https:\/\/portal.pi.gov.br\/sesapi\/wp-content\/uploads\/sites\/101\/2025\/01\/WhatsApp-Image-2025-01-16-at-13.37.14-780x585.jpeg",780,585,true],"1536x1536":["https:\/\/portal.pi.gov.br\/sesapi\/wp-content\/uploads\/sites\/101\/2025\/01\/WhatsApp-Image-2025-01-16-at-13.37.14-1536x1152.jpeg",1536,1152,true],"2048x2048":["https:\/\/portal.pi.gov.br\/sesapi\/wp-content\/uploads\/sites\/101\/2025\/01\/WhatsApp-Image-2025-01-16-at-13.37.14-2048x1536.jpeg",2048,1536,true],"homepage-slider":["https:\/\/portal.pi.gov.br\/sesapi\/wp-content\/uploads\/sites\/101\/2025\/01\/WhatsApp-Image-2025-01-16-at-13.37.14-1270x500.jpeg",1270,500,true],"homepage-slider-small":["https:\/\/portal.pi.gov.br\/sesapi\/wp-content\/uploads\/sites\/101\/2025\/01\/WhatsApp-Image-2025-01-16-at-13.37.14-947x500.jpeg",947,500,true],"page-top":["https:\/\/portal.pi.gov.br\/sesapi\/wp-content\/uploads\/sites\/101\/2025\/01\/WhatsApp-Image-2025-01-16-at-13.37.14-947x710.jpeg",947,710,true],"page-small":["https:\/\/portal.pi.gov.br\/sesapi\/wp-content\/uploads\/sites\/101\/2025\/01\/WhatsApp-Image-2025-01-16-at-13.37.14-624x468.jpeg",624,468,true],"loop-main":["https:\/\/portal.pi.gov.br\/sesapi\/wp-content\/uploads\/sites\/101\/2025\/01\/WhatsApp-Image-2025-01-16-at-13.37.14-365x240.jpeg",365,240,true],"thumb-gallery-widget":["https:\/\/portal.pi.gov.br\/sesapi\/wp-content\/uploads\/sites\/101\/2025\/01\/WhatsApp-Image-2025-01-16-at-13.37.14-84x56.jpeg",84,56,true]},"post_excerpt_stackable_v2":"<p>A Secretaria de Estado da Sa\u00fade (Sesapi) realizou nesta quinta-feira (16), em Picos, a reuni\u00e3o para elabora\u00e7\u00e3o dos Planos de A\u00e7\u00e3o e Conting\u00eancia em resposta \u00e0s enchentes que afetam a regi\u00e3o desde a madrugada da \u00faltima ter\u00e7a-feira (14). A reuni\u00e3o ocorreu na C\u00e2mara Municipal de Picos. Ap\u00f3s visitas e levantamento de dados realizados pelos entes municipais, o munic\u00edpio est\u00e1 apto a receber do Minist\u00e9rio da Sa\u00fade e da Sesapi kits de emerg\u00eancia, com medicamentos e insumos para a regi\u00e3o afetada e seu entorno. &#8220;O kit vem para dar suporte inicial a aten\u00e7\u00e3o Prim\u00e1ria ao munic\u00edpio. S\u00e3o itens b\u00e1sicos da assist\u00eancia&hellip;<\/p>\n","category_list_v2":"<a href=\"https:\/\/portal.pi.gov.br\/sesapi\/category\/noticias\/\" rel=\"category tag\">Not\u00edcias<\/a>","author_info_v2":{"name":"amandasantos","url":"https:\/\/portal.pi.gov.br\/sesapi\/author\/amandasantos\/"},"comments_num_v2":"0 coment\u00e1rio","jetpack_featured_media_url":"https:\/\/portal.pi.gov.br\/sesapi\/wp-content\/uploads\/sites\/101\/2025\/01\/WhatsApp-Image-2025-01-16-at-13.37.14-scaled.jpeg","_links":{"self":[{"href":"https:\/\/portal.pi.gov.br\/sesapi\/wp-json\/wp\/v2\/posts\/2022"}],"collection":[{"href":"https:\/\/portal.pi.gov.br\/sesapi\/wp-json\/wp\/v2\/posts"}],"about":[{"href":"https:\/\/portal.pi.gov.br\/sesapi\/wp-json\/wp\/v2\/types\/post"}],"author":[{"embeddable":true,"href":"https:\/\/portal.pi.gov.br\/sesapi\/wp-json\/wp\/v2\/users\/1816"}],"replies":[{"embeddable":true,"href":"https:\/\/portal.pi.gov.br\/sesapi\/wp-json\/wp\/v2\/comments?post=2022"}],"version-history":[{"count":1,"href":"https:\/\/portal.pi.gov.br\/sesapi\/wp-json\/wp\/v2\/posts\/2022\/revisions"}],"predecessor-version":[{"id":2025,"href":"https:\/\/portal.pi.gov.br\/sesapi\/wp-json\/wp\/v2\/posts\/2022\/revisions\/2025"}],"wp:featuredmedia":[{"embeddable":true,"href":"https:\/\/portal.pi.gov.br\/sesapi\/wp-json\/wp\/v2\/media\/2024"}],"wp:attachment":[{"href":"https:\/\/portal.pi.gov.br\/sesapi\/wp-json\/wp\/v2\/media?parent=2022"}],"wp:term":[{"taxonomy":"category","embeddable":true,"href":"https:\/\/portal.pi.gov.br\/sesapi\/wp-json\/wp\/v2\/categories?post=2022"},{"taxonomy":"post_tag","embeddable":true,"href":"https:\/\/portal.pi.gov.br\/sesapi\/wp-json\/wp\/v2\/tags?post=2022"}],"curies":[{"name":"wp","href":"https:\/\/api.w.org\/{rel}","templated":true}]}}