{"id":2125,"date":"2025-01-21T13:07:54","date_gmt":"2025-01-21T16:07:54","guid":{"rendered":"https:\/\/portal.pi.gov.br\/sesapi\/?p=2125"},"modified":"2025-01-21T13:09:16","modified_gmt":"2025-01-21T16:09:16","slug":"criancas-de-matias-olimpio-recebem-oculos-pelo-projeto-carretinha-da-saude","status":"publish","type":"post","link":"https:\/\/portal.pi.gov.br\/sesapi\/2025\/01\/21\/criancas-de-matias-olimpio-recebem-oculos-pelo-projeto-carretinha-da-saude\/","title":{"rendered":"Crian\u00e7as de Matias Ol\u00edmpio recebem \u00f3culos pelo projeto Carretinha da Sa\u00fade"},"content":{"rendered":"\n<p><strong><em>Por Amanda Dourado<\/em><\/strong><\/p>\n\n\n\n<p>A Secretaria de Estado da Sa\u00fade do Piau\u00ed (Sesapi), por meio do projeto Carretinha da Sa\u00fade, realizou a entrega de \u00f3culos para 16 crian\u00e7as em Matias Ol\u00edmpio. A a\u00e7\u00e3o integra o Pacto pelas Crian\u00e7as do Piau\u00ed, uma iniciativa voltada ao planejamento e implementa\u00e7\u00e3o de pol\u00edticas p\u00fablicas e a\u00e7\u00f5es voltadas ao cuidado com a primeira inf\u00e2ncia.<\/p>\n\n\n\n<p>Em janeiro, o projeto prev\u00ea a entrega de 93 \u00f3culos em cinco munic\u00edpios: S\u00e3o Jo\u00e3o do Arraial, Matias Ol\u00edmpio, Campo Largo, Porto e Esperantina, como explica a superintendente de Aten\u00e7\u00e3o \u00e0 Sa\u00fade e Munic\u00edpios, Leila Santos.<\/p>\n\n\n\n<p>&#8220;Ap\u00f3s realizarem as consultas com o oftalmologista, que fazem parte do programa, as crian\u00e7as que precisam de \u00f3culos recebem os mesmos por meio da Sesapi. Essa a\u00e7\u00e3o busca proporcionar mais qualidade no desenvolvimento das crian\u00e7as do Piau\u00ed&#8221;, afirmou Leila Santos.<\/p>\n\n\n\n<figure class=\"wp-block-image size-large\"><img decoding=\"async\" loading=\"lazy\" width=\"1024\" height=\"563\" src=\"https:\/\/portal.pi.gov.br\/sesapi\/wp-content\/uploads\/sites\/101\/2025\/01\/oculos-1024x563.jpg\" alt=\"\" class=\"wp-image-2126\" srcset=\"https:\/\/portal.pi.gov.br\/sesapi\/wp-content\/uploads\/sites\/101\/2025\/01\/oculos-1024x563.jpg 1024w, https:\/\/portal.pi.gov.br\/sesapi\/wp-content\/uploads\/sites\/101\/2025\/01\/oculos-300x165.jpg 300w, https:\/\/portal.pi.gov.br\/sesapi\/wp-content\/uploads\/sites\/101\/2025\/01\/oculos-768x422.jpg 768w, https:\/\/portal.pi.gov.br\/sesapi\/wp-content\/uploads\/sites\/101\/2025\/01\/oculos-420x231.jpg 420w, https:\/\/portal.pi.gov.br\/sesapi\/wp-content\/uploads\/sites\/101\/2025\/01\/oculos-540x297.jpg 540w, https:\/\/portal.pi.gov.br\/sesapi\/wp-content\/uploads\/sites\/101\/2025\/01\/oculos-780x429.jpg 780w, https:\/\/portal.pi.gov.br\/sesapi\/wp-content\/uploads\/sites\/101\/2025\/01\/oculos-947x521.jpg 947w, https:\/\/portal.pi.gov.br\/sesapi\/wp-content\/uploads\/sites\/101\/2025\/01\/oculos-624x343.jpg 624w, https:\/\/portal.pi.gov.br\/sesapi\/wp-content\/uploads\/sites\/101\/2025\/01\/oculos.jpg 1280w\" sizes=\"(max-width: 1024px) 100vw, 1024px\" \/><\/figure>\n\n\n\n<p>A Carretinha da Sa\u00fade retomou suas atividades no dia 20 de janeiro, iniciando os atendimentos na regi\u00e3o norte. At\u00e9 o dia 4 de fevereiro, o ve\u00edculo estar\u00e1 na cidade de Batalha, e na sequ\u00eancia, atender\u00e1 os munic\u00edpios de Piracuruca, S\u00e3o Jos\u00e9 do Divino e Brasileira.<\/p>\n\n\n\n<p>Na regi\u00e3o sul, as a\u00e7\u00f5es encerram nesta quarta-feira (22) na cidade de Dom Inoc\u00eancio. Entre os dias 27 e 31 de janeiro, o programa estar\u00e1 em Dirceu Arcoverde. A partir de fevereiro, os atendimentos continuar\u00e3o no sul do estado, com atividades previstas para Fartura, S\u00e3o Raimundo Nonato e Coronel Jos\u00e9 Dias.<\/p>\n\n\n\n<p>&#8220;Iniciamos esta semana os trabalhos do programa com a oferta de servi\u00e7os de odontologia, fonoaudiologia e oftalmologia, voltados para crian\u00e7as de zero a seis anos. Tamb\u00e9m estamos realizando a entrega de \u00f3culos em cinco munic\u00edpios&#8221;, destacou Leila Santos.<\/p>\n","protected":false},"excerpt":{"rendered":"<p>Por Amanda Dourado A Secretaria de Estado da Sa\u00fade do Piau\u00ed (Sesapi), por meio do projeto Carretinha da Sa\u00fade, realizou a entrega de \u00f3culos para 16 crian\u00e7as em Matias Ol\u00edmpio. [&hellip;]<\/p>\n","protected":false},"author":1808,"featured_media":2126,"comment_status":"closed","ping_status":"closed","sticky":false,"template":"","format":"standard","meta":[],"categories":[30],"tags":[59,36],"featured_image_urls":{"full":["https:\/\/portal.pi.gov.br\/sesapi\/wp-content\/uploads\/sites\/101\/2025\/01\/oculos.jpg",1280,704,false],"thumbnail":["https:\/\/portal.pi.gov.br\/sesapi\/wp-content\/uploads\/sites\/101\/2025\/01\/oculos-150x150.jpg",150,150,true],"medium":["https:\/\/portal.pi.gov.br\/sesapi\/wp-content\/uploads\/sites\/101\/2025\/01\/oculos-300x165.jpg",300,165,true],"medium_large":["https:\/\/portal.pi.gov.br\/sesapi\/wp-content\/uploads\/sites\/101\/2025\/01\/oculos-768x422.jpg",768,422,true],"large":["https:\/\/portal.pi.gov.br\/sesapi\/wp-content\/uploads\/sites\/101\/2025\/01\/oculos-1024x563.jpg",887,488,true],"sgg-420":["https:\/\/portal.pi.gov.br\/sesapi\/wp-content\/uploads\/sites\/101\/2025\/01\/oculos-420x231.jpg",420,231,true],"sgg-540":["https:\/\/portal.pi.gov.br\/sesapi\/wp-content\/uploads\/sites\/101\/2025\/01\/oculos-540x297.jpg",540,297,true],"sgg-780":["https:\/\/portal.pi.gov.br\/sesapi\/wp-content\/uploads\/sites\/101\/2025\/01\/oculos-780x429.jpg",780,429,true],"1536x1536":["https:\/\/portal.pi.gov.br\/sesapi\/wp-content\/uploads\/sites\/101\/2025\/01\/oculos.jpg",1280,704,false],"2048x2048":["https:\/\/portal.pi.gov.br\/sesapi\/wp-content\/uploads\/sites\/101\/2025\/01\/oculos.jpg",1280,704,false],"homepage-slider":["https:\/\/portal.pi.gov.br\/sesapi\/wp-content\/uploads\/sites\/101\/2025\/01\/oculos-1270x500.jpg",1270,500,true],"homepage-slider-small":["https:\/\/portal.pi.gov.br\/sesapi\/wp-content\/uploads\/sites\/101\/2025\/01\/oculos-947x500.jpg",947,500,true],"page-top":["https:\/\/portal.pi.gov.br\/sesapi\/wp-content\/uploads\/sites\/101\/2025\/01\/oculos-947x521.jpg",947,521,true],"page-small":["https:\/\/portal.pi.gov.br\/sesapi\/wp-content\/uploads\/sites\/101\/2025\/01\/oculos-624x343.jpg",624,343,true],"loop-main":["https:\/\/portal.pi.gov.br\/sesapi\/wp-content\/uploads\/sites\/101\/2025\/01\/oculos-365x240.jpg",365,240,true],"thumb-gallery-widget":["https:\/\/portal.pi.gov.br\/sesapi\/wp-content\/uploads\/sites\/101\/2025\/01\/oculos-84x56.jpg",84,56,true]},"post_excerpt_stackable":"<p>Por Amanda Dourado A Secretaria de Estado da Sa\u00fade do Piau\u00ed (Sesapi), por meio do projeto Carretinha da Sa\u00fade, realizou a entrega de \u00f3culos para 16 crian\u00e7as em Matias Ol\u00edmpio. A a\u00e7\u00e3o integra o Pacto pelas Crian\u00e7as do Piau\u00ed, uma iniciativa voltada ao planejamento e implementa\u00e7\u00e3o de pol\u00edticas p\u00fablicas e a\u00e7\u00f5es voltadas ao cuidado com a primeira inf\u00e2ncia. Em janeiro, o projeto prev\u00ea a entrega de 93 \u00f3culos em cinco munic\u00edpios: S\u00e3o Jo\u00e3o do Arraial, Matias Ol\u00edmpio, Campo Largo, Porto e Esperantina, como explica a superintendente de Aten\u00e7\u00e3o \u00e0 Sa\u00fade e Munic\u00edpios, Leila Santos. &#8220;Ap\u00f3s realizarem as consultas com o&hellip;<\/p>\n","category_list":"<a href=\"https:\/\/portal.pi.gov.br\/sesapi\/category\/noticias\/\" rel=\"category tag\">Not\u00edcias<\/a>","author_info":{"name":"herlonpereira","url":"https:\/\/portal.pi.gov.br\/sesapi\/author\/herlonpereira\/"},"comments_num":"0 coment\u00e1rio","featured_image_urls_v2":{"full":["https:\/\/portal.pi.gov.br\/sesapi\/wp-content\/uploads\/sites\/101\/2025\/01\/oculos.jpg",1280,704,false],"thumbnail":["https:\/\/portal.pi.gov.br\/sesapi\/wp-content\/uploads\/sites\/101\/2025\/01\/oculos-150x150.jpg",150,150,true],"medium":["https:\/\/portal.pi.gov.br\/sesapi\/wp-content\/uploads\/sites\/101\/2025\/01\/oculos-300x165.jpg",300,165,true],"medium_large":["https:\/\/portal.pi.gov.br\/sesapi\/wp-content\/uploads\/sites\/101\/2025\/01\/oculos-768x422.jpg",768,422,true],"large":["https:\/\/portal.pi.gov.br\/sesapi\/wp-content\/uploads\/sites\/101\/2025\/01\/oculos-1024x563.jpg",887,488,true],"sgg-420":["https:\/\/portal.pi.gov.br\/sesapi\/wp-content\/uploads\/sites\/101\/2025\/01\/oculos-420x231.jpg",420,231,true],"sgg-540":["https:\/\/portal.pi.gov.br\/sesapi\/wp-content\/uploads\/sites\/101\/2025\/01\/oculos-540x297.jpg",540,297,true],"sgg-780":["https:\/\/portal.pi.gov.br\/sesapi\/wp-content\/uploads\/sites\/101\/2025\/01\/oculos-780x429.jpg",780,429,true],"1536x1536":["https:\/\/portal.pi.gov.br\/sesapi\/wp-content\/uploads\/sites\/101\/2025\/01\/oculos.jpg",1280,704,false],"2048x2048":["https:\/\/portal.pi.gov.br\/sesapi\/wp-content\/uploads\/sites\/101\/2025\/01\/oculos.jpg",1280,704,false],"homepage-slider":["https:\/\/portal.pi.gov.br\/sesapi\/wp-content\/uploads\/sites\/101\/2025\/01\/oculos-1270x500.jpg",1270,500,true],"homepage-slider-small":["https:\/\/portal.pi.gov.br\/sesapi\/wp-content\/uploads\/sites\/101\/2025\/01\/oculos-947x500.jpg",947,500,true],"page-top":["https:\/\/portal.pi.gov.br\/sesapi\/wp-content\/uploads\/sites\/101\/2025\/01\/oculos-947x521.jpg",947,521,true],"page-small":["https:\/\/portal.pi.gov.br\/sesapi\/wp-content\/uploads\/sites\/101\/2025\/01\/oculos-624x343.jpg",624,343,true],"loop-main":["https:\/\/portal.pi.gov.br\/sesapi\/wp-content\/uploads\/sites\/101\/2025\/01\/oculos-365x240.jpg",365,240,true],"thumb-gallery-widget":["https:\/\/portal.pi.gov.br\/sesapi\/wp-content\/uploads\/sites\/101\/2025\/01\/oculos-84x56.jpg",84,56,true]},"post_excerpt_stackable_v2":"<p>Por Amanda Dourado A Secretaria de Estado da Sa\u00fade do Piau\u00ed (Sesapi), por meio do projeto Carretinha da Sa\u00fade, realizou a entrega de \u00f3culos para 16 crian\u00e7as em Matias Ol\u00edmpio. A a\u00e7\u00e3o integra o Pacto pelas Crian\u00e7as do Piau\u00ed, uma iniciativa voltada ao planejamento e implementa\u00e7\u00e3o de pol\u00edticas p\u00fablicas e a\u00e7\u00f5es voltadas ao cuidado com a primeira inf\u00e2ncia. Em janeiro, o projeto prev\u00ea a entrega de 93 \u00f3culos em cinco munic\u00edpios: S\u00e3o Jo\u00e3o do Arraial, Matias Ol\u00edmpio, Campo Largo, Porto e Esperantina, como explica a superintendente de Aten\u00e7\u00e3o \u00e0 Sa\u00fade e Munic\u00edpios, Leila Santos. &#8220;Ap\u00f3s realizarem as consultas com o&hellip;<\/p>\n","category_list_v2":"<a href=\"https:\/\/portal.pi.gov.br\/sesapi\/category\/noticias\/\" rel=\"category tag\">Not\u00edcias<\/a>","author_info_v2":{"name":"herlonpereira","url":"https:\/\/portal.pi.gov.br\/sesapi\/author\/herlonpereira\/"},"comments_num_v2":"0 coment\u00e1rio","jetpack_featured_media_url":"https:\/\/portal.pi.gov.br\/sesapi\/wp-content\/uploads\/sites\/101\/2025\/01\/oculos.jpg","_links":{"self":[{"href":"https:\/\/portal.pi.gov.br\/sesapi\/wp-json\/wp\/v2\/posts\/2125"}],"collection":[{"href":"https:\/\/portal.pi.gov.br\/sesapi\/wp-json\/wp\/v2\/posts"}],"about":[{"href":"https:\/\/portal.pi.gov.br\/sesapi\/wp-json\/wp\/v2\/types\/post"}],"author":[{"embeddable":true,"href":"https:\/\/portal.pi.gov.br\/sesapi\/wp-json\/wp\/v2\/users\/1808"}],"replies":[{"embeddable":true,"href":"https:\/\/portal.pi.gov.br\/sesapi\/wp-json\/wp\/v2\/comments?post=2125"}],"version-history":[{"count":1,"href":"https:\/\/portal.pi.gov.br\/sesapi\/wp-json\/wp\/v2\/posts\/2125\/revisions"}],"predecessor-version":[{"id":2127,"href":"https:\/\/portal.pi.gov.br\/sesapi\/wp-json\/wp\/v2\/posts\/2125\/revisions\/2127"}],"wp:featuredmedia":[{"embeddable":true,"href":"https:\/\/portal.pi.gov.br\/sesapi\/wp-json\/wp\/v2\/media\/2126"}],"wp:attachment":[{"href":"https:\/\/portal.pi.gov.br\/sesapi\/wp-json\/wp\/v2\/media?parent=2125"}],"wp:term":[{"taxonomy":"category","embeddable":true,"href":"https:\/\/portal.pi.gov.br\/sesapi\/wp-json\/wp\/v2\/categories?post=2125"},{"taxonomy":"post_tag","embeddable":true,"href":"https:\/\/portal.pi.gov.br\/sesapi\/wp-json\/wp\/v2\/tags?post=2125"}],"curies":[{"name":"wp","href":"https:\/\/api.w.org\/{rel}","templated":true}]}}