{"id":2128,"date":"2025-01-21T13:06:18","date_gmt":"2025-01-21T16:06:18","guid":{"rendered":"https:\/\/portal.pi.gov.br\/sesapi\/?p=2128"},"modified":"2025-01-24T11:40:50","modified_gmt":"2025-01-24T14:40:50","slug":"rafael-fonteles-entrega-central-de-diagnostico-em-parnaiba","status":"publish","type":"post","link":"https:\/\/portal.pi.gov.br\/sesapi\/2025\/01\/21\/rafael-fonteles-entrega-central-de-diagnostico-em-parnaiba\/","title":{"rendered":"Rafael Fonteles entrega Central de Diagn\u00f3stico em Parna\u00edba"},"content":{"rendered":"\n<p><em>Por Reda\u00e7\u00e3o Ccom<\/em><\/p>\n\n\n\n<p>O governador Rafael Fonteles inaugurou, nesta ter\u00e7a-feira (21), a Central de Diagn\u00f3stico de Parna\u00edba, localizada em frente ao Hospital Estadual Dirceu Arcoverde (Heda). A iniciativa faz parte de um projeto estadual que prev\u00ea a entrega de 16 centrais de diagn\u00f3stico at\u00e9 julho deste ano, abrangendo todas as regi\u00f5es do Piau\u00ed. O objetivo \u00e9 descentralizar e fortalecer os servi\u00e7os de sa\u00fade, garantindo atendimento qualificado aos pacientes encaminhados pela regula\u00e7\u00e3o.<\/p>\n\n\n\n<figure class=\"wp-block-image size-large\"><img decoding=\"async\" loading=\"lazy\" width=\"1024\" height=\"683\" src=\"https:\/\/portal.pi.gov.br\/sesapi\/wp-content\/uploads\/sites\/101\/2025\/01\/WhatsApp-Image-2025-01-21-at-11.26.25-1024x683.jpeg\" alt=\"\" class=\"wp-image-2129\" srcset=\"https:\/\/portal.pi.gov.br\/sesapi\/wp-content\/uploads\/sites\/101\/2025\/01\/WhatsApp-Image-2025-01-21-at-11.26.25-1024x683.jpeg 1024w, https:\/\/portal.pi.gov.br\/sesapi\/wp-content\/uploads\/sites\/101\/2025\/01\/WhatsApp-Image-2025-01-21-at-11.26.25-300x200.jpeg 300w, https:\/\/portal.pi.gov.br\/sesapi\/wp-content\/uploads\/sites\/101\/2025\/01\/WhatsApp-Image-2025-01-21-at-11.26.25-768x512.jpeg 768w, https:\/\/portal.pi.gov.br\/sesapi\/wp-content\/uploads\/sites\/101\/2025\/01\/WhatsApp-Image-2025-01-21-at-11.26.25-420x280.jpeg 420w, https:\/\/portal.pi.gov.br\/sesapi\/wp-content\/uploads\/sites\/101\/2025\/01\/WhatsApp-Image-2025-01-21-at-11.26.25-540x360.jpeg 540w, https:\/\/portal.pi.gov.br\/sesapi\/wp-content\/uploads\/sites\/101\/2025\/01\/WhatsApp-Image-2025-01-21-at-11.26.25-780x520.jpeg 780w, https:\/\/portal.pi.gov.br\/sesapi\/wp-content\/uploads\/sites\/101\/2025\/01\/WhatsApp-Image-2025-01-21-at-11.26.25-1536x1024.jpeg 1536w, https:\/\/portal.pi.gov.br\/sesapi\/wp-content\/uploads\/sites\/101\/2025\/01\/WhatsApp-Image-2025-01-21-at-11.26.25-2048x1366.jpeg 2048w, https:\/\/portal.pi.gov.br\/sesapi\/wp-content\/uploads\/sites\/101\/2025\/01\/WhatsApp-Image-2025-01-21-at-11.26.25-947x631.jpeg 947w, https:\/\/portal.pi.gov.br\/sesapi\/wp-content\/uploads\/sites\/101\/2025\/01\/WhatsApp-Image-2025-01-21-at-11.26.25-624x416.jpeg 624w, https:\/\/portal.pi.gov.br\/sesapi\/wp-content\/uploads\/sites\/101\/2025\/01\/WhatsApp-Image-2025-01-21-at-11.26.25-84x56.jpeg 84w\" sizes=\"(max-width: 1024px) 100vw, 1024px\" \/><\/figure>\n\n\n\n<p class=\"has-text-align-center\"><em>Fotos: Gabriel Paulino<\/em><\/p>\n\n\n\n<p>De acordo com o governador, a unidade atender\u00e1 toda a popula\u00e7\u00e3o da Plan\u00edcie Litor\u00e2nea, oferecendo exames como raios X, ultrassonografia, mamografia, tomografia e exames laboratoriais, al\u00e9m de consultas com especialistas. O espa\u00e7o tamb\u00e9m conta com duas salas para atendimento em telemedicina, com 10 &nbsp;especialidades m\u00e9dicas; e uma sala exclusiva para ginecologia e obstetr\u00edcia, garantindo um atendimento especializado para as mulheres e m\u00e3es da regi\u00e3o, al\u00e9m de um consult\u00f3rio m\u00e9dico para atendimento presencial, caso seja necess\u00e1rio.<\/p>\n\n\n\n<p>&#8220;Estamos executando a interioriza\u00e7\u00e3o da sa\u00fade no estado. A Central de Diagn\u00f3stico de Parna\u00edba \u00e9 um exemplo concreto disso, garantindo que a popula\u00e7\u00e3o tenha acesso a exames e consultas de forma \u00e1gil e eficiente\u201d, destacou Rafael Fonteles.<\/p>\n\n\n\n<figure class=\"wp-block-image size-large\"><img decoding=\"async\" loading=\"lazy\" width=\"1024\" height=\"683\" src=\"https:\/\/portal.pi.gov.br\/sesapi\/wp-content\/uploads\/sites\/101\/2025\/01\/WhatsApp-Image-2025-01-21-at-11.26.25-1-1024x683.jpeg\" alt=\"\" class=\"wp-image-2130\" srcset=\"https:\/\/portal.pi.gov.br\/sesapi\/wp-content\/uploads\/sites\/101\/2025\/01\/WhatsApp-Image-2025-01-21-at-11.26.25-1-1024x683.jpeg 1024w, https:\/\/portal.pi.gov.br\/sesapi\/wp-content\/uploads\/sites\/101\/2025\/01\/WhatsApp-Image-2025-01-21-at-11.26.25-1-300x200.jpeg 300w, https:\/\/portal.pi.gov.br\/sesapi\/wp-content\/uploads\/sites\/101\/2025\/01\/WhatsApp-Image-2025-01-21-at-11.26.25-1-768x512.jpeg 768w, https:\/\/portal.pi.gov.br\/sesapi\/wp-content\/uploads\/sites\/101\/2025\/01\/WhatsApp-Image-2025-01-21-at-11.26.25-1-420x280.jpeg 420w, https:\/\/portal.pi.gov.br\/sesapi\/wp-content\/uploads\/sites\/101\/2025\/01\/WhatsApp-Image-2025-01-21-at-11.26.25-1-540x360.jpeg 540w, https:\/\/portal.pi.gov.br\/sesapi\/wp-content\/uploads\/sites\/101\/2025\/01\/WhatsApp-Image-2025-01-21-at-11.26.25-1-780x520.jpeg 780w, https:\/\/portal.pi.gov.br\/sesapi\/wp-content\/uploads\/sites\/101\/2025\/01\/WhatsApp-Image-2025-01-21-at-11.26.25-1-1536x1024.jpeg 1536w, https:\/\/portal.pi.gov.br\/sesapi\/wp-content\/uploads\/sites\/101\/2025\/01\/WhatsApp-Image-2025-01-21-at-11.26.25-1-2048x1366.jpeg 2048w, https:\/\/portal.pi.gov.br\/sesapi\/wp-content\/uploads\/sites\/101\/2025\/01\/WhatsApp-Image-2025-01-21-at-11.26.25-1-947x631.jpeg 947w, https:\/\/portal.pi.gov.br\/sesapi\/wp-content\/uploads\/sites\/101\/2025\/01\/WhatsApp-Image-2025-01-21-at-11.26.25-1-624x416.jpeg 624w, https:\/\/portal.pi.gov.br\/sesapi\/wp-content\/uploads\/sites\/101\/2025\/01\/WhatsApp-Image-2025-01-21-at-11.26.25-1-84x56.jpeg 84w\" sizes=\"(max-width: 1024px) 100vw, 1024px\" \/><\/figure>\n\n\n\n<p>O secret\u00e1rio da Sa\u00fade do Piau\u00ed, Antonio Luiz Soares, ressaltou que a unidade disp\u00f5e de equipamentos modernos e uma estrutura avan\u00e7ada que d\u00e3o suporte ao Programa Piau\u00ed Sa\u00fade Digital. &#8220;Os pacientes ter\u00e3o acesso a consultas com m\u00e9dicos especialistas, al\u00e9m de exames complementares, como ultrassom, eletrocardiograma, coleta de exames laboratoriais, mamografia, raios X, bem como o acesso \u00e0 realiza\u00e7\u00e3o de tomografia no Heda\u201d, destaca o gestor, enfatizando que a central vai emitir os laudos em at\u00e9 24 horas.<\/p>\n\n\n\n<figure class=\"wp-block-image size-large\"><img decoding=\"async\" loading=\"lazy\" width=\"1024\" height=\"683\" src=\"https:\/\/portal.pi.gov.br\/sesapi\/wp-content\/uploads\/sites\/101\/2025\/01\/WhatsApp-Image-2025-01-21-at-11.26.24-1024x683.jpeg\" alt=\"\" class=\"wp-image-2131\" srcset=\"https:\/\/portal.pi.gov.br\/sesapi\/wp-content\/uploads\/sites\/101\/2025\/01\/WhatsApp-Image-2025-01-21-at-11.26.24-1024x683.jpeg 1024w, https:\/\/portal.pi.gov.br\/sesapi\/wp-content\/uploads\/sites\/101\/2025\/01\/WhatsApp-Image-2025-01-21-at-11.26.24-300x200.jpeg 300w, https:\/\/portal.pi.gov.br\/sesapi\/wp-content\/uploads\/sites\/101\/2025\/01\/WhatsApp-Image-2025-01-21-at-11.26.24-768x512.jpeg 768w, https:\/\/portal.pi.gov.br\/sesapi\/wp-content\/uploads\/sites\/101\/2025\/01\/WhatsApp-Image-2025-01-21-at-11.26.24-420x280.jpeg 420w, https:\/\/portal.pi.gov.br\/sesapi\/wp-content\/uploads\/sites\/101\/2025\/01\/WhatsApp-Image-2025-01-21-at-11.26.24-540x360.jpeg 540w, https:\/\/portal.pi.gov.br\/sesapi\/wp-content\/uploads\/sites\/101\/2025\/01\/WhatsApp-Image-2025-01-21-at-11.26.24-780x520.jpeg 780w, https:\/\/portal.pi.gov.br\/sesapi\/wp-content\/uploads\/sites\/101\/2025\/01\/WhatsApp-Image-2025-01-21-at-11.26.24-1536x1024.jpeg 1536w, https:\/\/portal.pi.gov.br\/sesapi\/wp-content\/uploads\/sites\/101\/2025\/01\/WhatsApp-Image-2025-01-21-at-11.26.24-2048x1366.jpeg 2048w, https:\/\/portal.pi.gov.br\/sesapi\/wp-content\/uploads\/sites\/101\/2025\/01\/WhatsApp-Image-2025-01-21-at-11.26.24-947x631.jpeg 947w, https:\/\/portal.pi.gov.br\/sesapi\/wp-content\/uploads\/sites\/101\/2025\/01\/WhatsApp-Image-2025-01-21-at-11.26.24-624x416.jpeg 624w, https:\/\/portal.pi.gov.br\/sesapi\/wp-content\/uploads\/sites\/101\/2025\/01\/WhatsApp-Image-2025-01-21-at-11.26.24-84x56.jpeg 84w\" sizes=\"(max-width: 1024px) 100vw, 1024px\" \/><\/figure>\n\n\n\n<p>Bruno Guimar\u00e3es, diretor t\u00e9cnico da Central de Diagn\u00f3stico, enfatizou a import\u00e2ncia da unidade para a cidade e os munic\u00edpios vizinhos. \u201cEsta obra vem para somar, especialmente em \u00e1reas como ginecologia e obstetr\u00edcia, que apresentam grande demanda&#8221;, completou o gestor.<\/p>\n\n\n\n<p><strong>Mais obras&nbsp;<\/strong><\/p>\n\n\n\n<p>O secret\u00e1rio da Sa\u00fade informa ainda que, al\u00e9m da Central de Diagn\u00f3stico, o Governo do Estado j\u00e1 entregou a primeira etapa de reforma e amplia\u00e7\u00e3o do Heda. &#8220;Estamos realizando a segunda fase da obra, que vai separar maternidade e hospital e deve ser inaugurada at\u00e9 o in\u00edcio do ano que vem. Teremos tamb\u00e9m a inaugura\u00e7\u00e3o de uma Unidade de Pronto Atendimento (UPA) para Parna\u00edba e regi\u00e3o&#8221;, completou Antonio Luiz Soares.<\/p>\n\n\n\n<figure class=\"wp-block-image size-large\"><img decoding=\"async\" loading=\"lazy\" width=\"1024\" height=\"683\" src=\"https:\/\/portal.pi.gov.br\/sesapi\/wp-content\/uploads\/sites\/101\/2025\/01\/WhatsApp-Image-2025-01-21-at-11.27.43-1024x683.jpeg\" alt=\"\" class=\"wp-image-2132\" srcset=\"https:\/\/portal.pi.gov.br\/sesapi\/wp-content\/uploads\/sites\/101\/2025\/01\/WhatsApp-Image-2025-01-21-at-11.27.43-1024x683.jpeg 1024w, https:\/\/portal.pi.gov.br\/sesapi\/wp-content\/uploads\/sites\/101\/2025\/01\/WhatsApp-Image-2025-01-21-at-11.27.43-300x200.jpeg 300w, https:\/\/portal.pi.gov.br\/sesapi\/wp-content\/uploads\/sites\/101\/2025\/01\/WhatsApp-Image-2025-01-21-at-11.27.43-768x512.jpeg 768w, https:\/\/portal.pi.gov.br\/sesapi\/wp-content\/uploads\/sites\/101\/2025\/01\/WhatsApp-Image-2025-01-21-at-11.27.43-420x280.jpeg 420w, https:\/\/portal.pi.gov.br\/sesapi\/wp-content\/uploads\/sites\/101\/2025\/01\/WhatsApp-Image-2025-01-21-at-11.27.43-540x360.jpeg 540w, https:\/\/portal.pi.gov.br\/sesapi\/wp-content\/uploads\/sites\/101\/2025\/01\/WhatsApp-Image-2025-01-21-at-11.27.43-780x520.jpeg 780w, https:\/\/portal.pi.gov.br\/sesapi\/wp-content\/uploads\/sites\/101\/2025\/01\/WhatsApp-Image-2025-01-21-at-11.27.43-1536x1024.jpeg 1536w, https:\/\/portal.pi.gov.br\/sesapi\/wp-content\/uploads\/sites\/101\/2025\/01\/WhatsApp-Image-2025-01-21-at-11.27.43-2048x1366.jpeg 2048w, https:\/\/portal.pi.gov.br\/sesapi\/wp-content\/uploads\/sites\/101\/2025\/01\/WhatsApp-Image-2025-01-21-at-11.27.43-947x631.jpeg 947w, https:\/\/portal.pi.gov.br\/sesapi\/wp-content\/uploads\/sites\/101\/2025\/01\/WhatsApp-Image-2025-01-21-at-11.27.43-624x416.jpeg 624w, https:\/\/portal.pi.gov.br\/sesapi\/wp-content\/uploads\/sites\/101\/2025\/01\/WhatsApp-Image-2025-01-21-at-11.27.43-84x56.jpeg 84w\" sizes=\"(max-width: 1024px) 100vw, 1024px\" \/><\/figure>\n","protected":false},"excerpt":{"rendered":"<p>Por Reda\u00e7\u00e3o Ccom O governador Rafael Fonteles inaugurou, nesta ter\u00e7a-feira (21), a Central de Diagn\u00f3stico de Parna\u00edba, localizada em frente ao Hospital Estadual Dirceu Arcoverde (Heda). A iniciativa faz parte [&hellip;]<\/p>\n","protected":false},"author":1808,"featured_media":2134,"comment_status":"closed","ping_status":"closed","sticky":false,"template":"","format":"standard","meta":[],"categories":[30],"tags":[],"featured_image_urls":{"full":["https:\/\/portal.pi.gov.br\/sesapi\/wp-content\/uploads\/sites\/101\/2025\/01\/capa-parnaiba-scaled.jpg",2560,1212,false],"thumbnail":["https:\/\/portal.pi.gov.br\/sesapi\/wp-content\/uploads\/sites\/101\/2025\/01\/capa-parnaiba-150x150.jpg",150,150,true],"medium":["https:\/\/portal.pi.gov.br\/sesapi\/wp-content\/uploads\/sites\/101\/2025\/01\/capa-parnaiba-300x142.jpg",300,142,true],"medium_large":["https:\/\/portal.pi.gov.br\/sesapi\/wp-content\/uploads\/sites\/101\/2025\/01\/capa-parnaiba-768x364.jpg",768,364,true],"large":["https:\/\/portal.pi.gov.br\/sesapi\/wp-content\/uploads\/sites\/101\/2025\/01\/capa-parnaiba-1024x485.jpg",887,420,true],"sgg-420":["https:\/\/portal.pi.gov.br\/sesapi\/wp-content\/uploads\/sites\/101\/2025\/01\/capa-parnaiba-420x199.jpg",420,199,true],"sgg-540":["https:\/\/portal.pi.gov.br\/sesapi\/wp-content\/uploads\/sites\/101\/2025\/01\/capa-parnaiba-540x256.jpg",540,256,true],"sgg-780":["https:\/\/portal.pi.gov.br\/sesapi\/wp-content\/uploads\/sites\/101\/2025\/01\/capa-parnaiba-780x369.jpg",780,369,true],"1536x1536":["https:\/\/portal.pi.gov.br\/sesapi\/wp-content\/uploads\/sites\/101\/2025\/01\/capa-parnaiba-1536x727.jpg",1536,727,true],"2048x2048":["https:\/\/portal.pi.gov.br\/sesapi\/wp-content\/uploads\/sites\/101\/2025\/01\/capa-parnaiba-2048x970.jpg",2048,970,true],"homepage-slider":["https:\/\/portal.pi.gov.br\/sesapi\/wp-content\/uploads\/sites\/101\/2025\/01\/capa-parnaiba-1270x500.jpg",1270,500,true],"homepage-slider-small":["https:\/\/portal.pi.gov.br\/sesapi\/wp-content\/uploads\/sites\/101\/2025\/01\/capa-parnaiba-947x500.jpg",947,500,true],"page-top":["https:\/\/portal.pi.gov.br\/sesapi\/wp-content\/uploads\/sites\/101\/2025\/01\/capa-parnaiba-947x448.jpg",947,448,true],"page-small":["https:\/\/portal.pi.gov.br\/sesapi\/wp-content\/uploads\/sites\/101\/2025\/01\/capa-parnaiba-624x296.jpg",624,296,true],"loop-main":["https:\/\/portal.pi.gov.br\/sesapi\/wp-content\/uploads\/sites\/101\/2025\/01\/capa-parnaiba-365x240.jpg",365,240,true],"thumb-gallery-widget":["https:\/\/portal.pi.gov.br\/sesapi\/wp-content\/uploads\/sites\/101\/2025\/01\/capa-parnaiba-84x56.jpg",84,56,true]},"post_excerpt_stackable":"<p>Por Reda\u00e7\u00e3o Ccom O governador Rafael Fonteles inaugurou, nesta ter\u00e7a-feira (21), a Central de Diagn\u00f3stico de Parna\u00edba, localizada em frente ao Hospital Estadual Dirceu Arcoverde (Heda). A iniciativa faz parte de um projeto estadual que prev\u00ea a entrega de 16 centrais de diagn\u00f3stico at\u00e9 julho deste ano, abrangendo todas as regi\u00f5es do Piau\u00ed. O objetivo \u00e9 descentralizar e fortalecer os servi\u00e7os de sa\u00fade, garantindo atendimento qualificado aos pacientes encaminhados pela regula\u00e7\u00e3o. Fotos: Gabriel Paulino De acordo com o governador, a unidade atender\u00e1 toda a popula\u00e7\u00e3o da Plan\u00edcie Litor\u00e2nea, oferecendo exames como raios X, ultrassonografia, mamografia, tomografia e exames laboratoriais, al\u00e9m&hellip;<\/p>\n","category_list":"<a href=\"https:\/\/portal.pi.gov.br\/sesapi\/category\/noticias\/\" rel=\"category tag\">Not\u00edcias<\/a>","author_info":{"name":"herlonpereira","url":"https:\/\/portal.pi.gov.br\/sesapi\/author\/herlonpereira\/"},"comments_num":"0 coment\u00e1rio","featured_image_urls_v2":{"full":["https:\/\/portal.pi.gov.br\/sesapi\/wp-content\/uploads\/sites\/101\/2025\/01\/capa-parnaiba-scaled.jpg",2560,1212,false],"thumbnail":["https:\/\/portal.pi.gov.br\/sesapi\/wp-content\/uploads\/sites\/101\/2025\/01\/capa-parnaiba-150x150.jpg",150,150,true],"medium":["https:\/\/portal.pi.gov.br\/sesapi\/wp-content\/uploads\/sites\/101\/2025\/01\/capa-parnaiba-300x142.jpg",300,142,true],"medium_large":["https:\/\/portal.pi.gov.br\/sesapi\/wp-content\/uploads\/sites\/101\/2025\/01\/capa-parnaiba-768x364.jpg",768,364,true],"large":["https:\/\/portal.pi.gov.br\/sesapi\/wp-content\/uploads\/sites\/101\/2025\/01\/capa-parnaiba-1024x485.jpg",887,420,true],"sgg-420":["https:\/\/portal.pi.gov.br\/sesapi\/wp-content\/uploads\/sites\/101\/2025\/01\/capa-parnaiba-420x199.jpg",420,199,true],"sgg-540":["https:\/\/portal.pi.gov.br\/sesapi\/wp-content\/uploads\/sites\/101\/2025\/01\/capa-parnaiba-540x256.jpg",540,256,true],"sgg-780":["https:\/\/portal.pi.gov.br\/sesapi\/wp-content\/uploads\/sites\/101\/2025\/01\/capa-parnaiba-780x369.jpg",780,369,true],"1536x1536":["https:\/\/portal.pi.gov.br\/sesapi\/wp-content\/uploads\/sites\/101\/2025\/01\/capa-parnaiba-1536x727.jpg",1536,727,true],"2048x2048":["https:\/\/portal.pi.gov.br\/sesapi\/wp-content\/uploads\/sites\/101\/2025\/01\/capa-parnaiba-2048x970.jpg",2048,970,true],"homepage-slider":["https:\/\/portal.pi.gov.br\/sesapi\/wp-content\/uploads\/sites\/101\/2025\/01\/capa-parnaiba-1270x500.jpg",1270,500,true],"homepage-slider-small":["https:\/\/portal.pi.gov.br\/sesapi\/wp-content\/uploads\/sites\/101\/2025\/01\/capa-parnaiba-947x500.jpg",947,500,true],"page-top":["https:\/\/portal.pi.gov.br\/sesapi\/wp-content\/uploads\/sites\/101\/2025\/01\/capa-parnaiba-947x448.jpg",947,448,true],"page-small":["https:\/\/portal.pi.gov.br\/sesapi\/wp-content\/uploads\/sites\/101\/2025\/01\/capa-parnaiba-624x296.jpg",624,296,true],"loop-main":["https:\/\/portal.pi.gov.br\/sesapi\/wp-content\/uploads\/sites\/101\/2025\/01\/capa-parnaiba-365x240.jpg",365,240,true],"thumb-gallery-widget":["https:\/\/portal.pi.gov.br\/sesapi\/wp-content\/uploads\/sites\/101\/2025\/01\/capa-parnaiba-84x56.jpg",84,56,true]},"post_excerpt_stackable_v2":"<p>Por Reda\u00e7\u00e3o Ccom O governador Rafael Fonteles inaugurou, nesta ter\u00e7a-feira (21), a Central de Diagn\u00f3stico de Parna\u00edba, localizada em frente ao Hospital Estadual Dirceu Arcoverde (Heda). A iniciativa faz parte de um projeto estadual que prev\u00ea a entrega de 16 centrais de diagn\u00f3stico at\u00e9 julho deste ano, abrangendo todas as regi\u00f5es do Piau\u00ed. O objetivo \u00e9 descentralizar e fortalecer os servi\u00e7os de sa\u00fade, garantindo atendimento qualificado aos pacientes encaminhados pela regula\u00e7\u00e3o. Fotos: Gabriel Paulino De acordo com o governador, a unidade atender\u00e1 toda a popula\u00e7\u00e3o da Plan\u00edcie Litor\u00e2nea, oferecendo exames como raios X, ultrassonografia, mamografia, tomografia e exames laboratoriais, al\u00e9m&hellip;<\/p>\n","category_list_v2":"<a href=\"https:\/\/portal.pi.gov.br\/sesapi\/category\/noticias\/\" rel=\"category tag\">Not\u00edcias<\/a>","author_info_v2":{"name":"herlonpereira","url":"https:\/\/portal.pi.gov.br\/sesapi\/author\/herlonpereira\/"},"comments_num_v2":"0 coment\u00e1rio","jetpack_featured_media_url":"https:\/\/portal.pi.gov.br\/sesapi\/wp-content\/uploads\/sites\/101\/2025\/01\/capa-parnaiba-scaled.jpg","_links":{"self":[{"href":"https:\/\/portal.pi.gov.br\/sesapi\/wp-json\/wp\/v2\/posts\/2128"}],"collection":[{"href":"https:\/\/portal.pi.gov.br\/sesapi\/wp-json\/wp\/v2\/posts"}],"about":[{"href":"https:\/\/portal.pi.gov.br\/sesapi\/wp-json\/wp\/v2\/types\/post"}],"author":[{"embeddable":true,"href":"https:\/\/portal.pi.gov.br\/sesapi\/wp-json\/wp\/v2\/users\/1808"}],"replies":[{"embeddable":true,"href":"https:\/\/portal.pi.gov.br\/sesapi\/wp-json\/wp\/v2\/comments?post=2128"}],"version-history":[{"count":2,"href":"https:\/\/portal.pi.gov.br\/sesapi\/wp-json\/wp\/v2\/posts\/2128\/revisions"}],"predecessor-version":[{"id":2208,"href":"https:\/\/portal.pi.gov.br\/sesapi\/wp-json\/wp\/v2\/posts\/2128\/revisions\/2208"}],"wp:featuredmedia":[{"embeddable":true,"href":"https:\/\/portal.pi.gov.br\/sesapi\/wp-json\/wp\/v2\/media\/2134"}],"wp:attachment":[{"href":"https:\/\/portal.pi.gov.br\/sesapi\/wp-json\/wp\/v2\/media?parent=2128"}],"wp:term":[{"taxonomy":"category","embeddable":true,"href":"https:\/\/portal.pi.gov.br\/sesapi\/wp-json\/wp\/v2\/categories?post=2128"},{"taxonomy":"post_tag","embeddable":true,"href":"https:\/\/portal.pi.gov.br\/sesapi\/wp-json\/wp\/v2\/tags?post=2128"}],"curies":[{"name":"wp","href":"https:\/\/api.w.org\/{rel}","templated":true}]}}