{"id":2368,"date":"2025-02-03T14:06:21","date_gmt":"2025-02-03T17:06:21","guid":{"rendered":"https:\/\/portal.pi.gov.br\/sesapi\/?p=2368"},"modified":"2025-02-03T14:10:05","modified_gmt":"2025-02-03T17:10:05","slug":"municipios-do-piaui-sao-beneficiados-com-novas-ambulancias-do-samu-192","status":"publish","type":"post","link":"https:\/\/portal.pi.gov.br\/sesapi\/2025\/02\/03\/municipios-do-piaui-sao-beneficiados-com-novas-ambulancias-do-samu-192\/","title":{"rendered":"Munic\u00edpios do Piau\u00ed s\u00e3o beneficiados com novas ambul\u00e2ncias do Samu 192"},"content":{"rendered":"\n<p><em>Por Nat\u00e1lia Soares<\/em><\/p>\n\n\n\n<p>Dez novas ambul\u00e2ncias do Servi\u00e7o de Atendimento M\u00f3vel de Urg\u00eancia (Samu) foram destinadas a munic\u00edpios do Piau\u00ed. Os ve\u00edculos foram entregues simbolicamente na \u00faltima sexta-feira (31), em Salvador, pela ministra da Sa\u00fade, N\u00edsia Trindade, e t\u00eam como objetivo substituir unidades que j\u00e1 atingiram o tempo de uso.<\/p>\n\n\n\n<p>Os munic\u00edpios contemplados s\u00e3o Curimat\u00e1 e Bertol\u00ednia, que receber\u00e3o duas ambul\u00e2ncias cada, al\u00e9m de Jos\u00e9 de Freitas, Oeiras, Picos, Reden\u00e7\u00e3o do Gurgu\u00e9ia, Uru\u00e7u\u00ed e \u00c1gua Branca, que ter\u00e3o uma nova unidade cada. Esta \u00e9 a primeira entrega de 2025.<\/p>\n\n\n\n<p>O superintendente da Rede de Alta e M\u00e9dia Complexidade da Sesapi, Dirceu C\u00e2mpelo, destacou a import\u00e2ncia da renova\u00e7\u00e3o da frota. &#8220;Al\u00e9m de contar com profissionais capacitados para realizar os primeiros socorros, \u00e9 essencial que os ve\u00edculos estejam em boas condi\u00e7\u00f5es. Uma frota nova, com manuten\u00e7\u00e3o em dia, torna o atendimento mais \u00e1gil e seguro. Por isso, \u00e9 fundamental que os munic\u00edpios recebam esses novos ve\u00edculos. Nesta etapa, oito munic\u00edpios foram contemplados, garantindo um servi\u00e7o mais eficiente e confi\u00e1vel&#8221;, ressaltou.<\/p>\n\n\n\n<figure class=\"wp-block-image size-large\"><img decoding=\"async\" loading=\"lazy\" width=\"1024\" height=\"472\" src=\"https:\/\/portal.pi.gov.br\/sesapi\/wp-content\/uploads\/sites\/101\/2025\/02\/ambulancias-salvador-1024x472.jpg\" alt=\"\" class=\"wp-image-2369\" srcset=\"https:\/\/portal.pi.gov.br\/sesapi\/wp-content\/uploads\/sites\/101\/2025\/02\/ambulancias-salvador-1024x472.jpg 1024w, https:\/\/portal.pi.gov.br\/sesapi\/wp-content\/uploads\/sites\/101\/2025\/02\/ambulancias-salvador-300x138.jpg 300w, https:\/\/portal.pi.gov.br\/sesapi\/wp-content\/uploads\/sites\/101\/2025\/02\/ambulancias-salvador-768x354.jpg 768w, https:\/\/portal.pi.gov.br\/sesapi\/wp-content\/uploads\/sites\/101\/2025\/02\/ambulancias-salvador-420x194.jpg 420w, https:\/\/portal.pi.gov.br\/sesapi\/wp-content\/uploads\/sites\/101\/2025\/02\/ambulancias-salvador-540x249.jpg 540w, https:\/\/portal.pi.gov.br\/sesapi\/wp-content\/uploads\/sites\/101\/2025\/02\/ambulancias-salvador-780x360.jpg 780w, https:\/\/portal.pi.gov.br\/sesapi\/wp-content\/uploads\/sites\/101\/2025\/02\/ambulancias-salvador-947x437.jpg 947w, https:\/\/portal.pi.gov.br\/sesapi\/wp-content\/uploads\/sites\/101\/2025\/02\/ambulancias-salvador-624x288.jpg 624w, https:\/\/portal.pi.gov.br\/sesapi\/wp-content\/uploads\/sites\/101\/2025\/02\/ambulancias-salvador.jpg 1280w\" sizes=\"(max-width: 1024px) 100vw, 1024px\" \/><figcaption class=\"wp-element-caption\"><br><em>Novas ambul\u00e2ncias do Samu entregues em Salvador.  Foto: Taysa Barros\/MS<\/em><\/figcaption><\/figure>\n\n\n\n<p>O Samu funciona gratuitamente, 24 horas por dia, sete dias por semana. O servi\u00e7o pode ser acionado pelo n\u00famero 192. O atendimento come\u00e7a com os t\u00e9cnicos de plant\u00e3o, que coletam as primeiras informa\u00e7\u00f5es e a localiza\u00e7\u00e3o da ocorr\u00eancia. Em seguida, as chamadas s\u00e3o direcionadas \u00e0s equipes externas, compostas por profissionais treinados para atuar em situa\u00e7\u00f5es de emerg\u00eancia.<\/p>\n\n\n\n<p>As ambul\u00e2ncias devem ser retiradas pelos munic\u00edpios beneficiados em Salvador, onde foram entregues. No total, 170 novas ambul\u00e2ncias foram destinadas a 135 cidades dos nove estados do Nordeste, com um investimento de R$ 49,1 milh\u00f5es.<\/p>\n","protected":false},"excerpt":{"rendered":"<p>Por Nat\u00e1lia Soares Dez novas ambul\u00e2ncias do Servi\u00e7o de Atendimento M\u00f3vel de Urg\u00eancia (Samu) foram destinadas a munic\u00edpios do Piau\u00ed. Os ve\u00edculos foram entregues simbolicamente na \u00faltima sexta-feira (31), em [&hellip;]<\/p>\n","protected":false},"author":1808,"featured_media":2369,"comment_status":"closed","ping_status":"closed","sticky":false,"template":"","format":"standard","meta":[],"categories":[30],"tags":[],"featured_image_urls":{"full":["https:\/\/portal.pi.gov.br\/sesapi\/wp-content\/uploads\/sites\/101\/2025\/02\/ambulancias-salvador.jpg",1280,590,false],"thumbnail":["https:\/\/portal.pi.gov.br\/sesapi\/wp-content\/uploads\/sites\/101\/2025\/02\/ambulancias-salvador-150x150.jpg",150,150,true],"medium":["https:\/\/portal.pi.gov.br\/sesapi\/wp-content\/uploads\/sites\/101\/2025\/02\/ambulancias-salvador-300x138.jpg",300,138,true],"medium_large":["https:\/\/portal.pi.gov.br\/sesapi\/wp-content\/uploads\/sites\/101\/2025\/02\/ambulancias-salvador-768x354.jpg",768,354,true],"large":["https:\/\/portal.pi.gov.br\/sesapi\/wp-content\/uploads\/sites\/101\/2025\/02\/ambulancias-salvador-1024x472.jpg",887,409,true],"sgg-420":["https:\/\/portal.pi.gov.br\/sesapi\/wp-content\/uploads\/sites\/101\/2025\/02\/ambulancias-salvador-420x194.jpg",420,194,true],"sgg-540":["https:\/\/portal.pi.gov.br\/sesapi\/wp-content\/uploads\/sites\/101\/2025\/02\/ambulancias-salvador-540x249.jpg",540,249,true],"sgg-780":["https:\/\/portal.pi.gov.br\/sesapi\/wp-content\/uploads\/sites\/101\/2025\/02\/ambulancias-salvador-780x360.jpg",780,360,true],"1536x1536":["https:\/\/portal.pi.gov.br\/sesapi\/wp-content\/uploads\/sites\/101\/2025\/02\/ambulancias-salvador.jpg",1280,590,false],"2048x2048":["https:\/\/portal.pi.gov.br\/sesapi\/wp-content\/uploads\/sites\/101\/2025\/02\/ambulancias-salvador.jpg",1280,590,false],"homepage-slider":["https:\/\/portal.pi.gov.br\/sesapi\/wp-content\/uploads\/sites\/101\/2025\/02\/ambulancias-salvador-1270x500.jpg",1270,500,true],"homepage-slider-small":["https:\/\/portal.pi.gov.br\/sesapi\/wp-content\/uploads\/sites\/101\/2025\/02\/ambulancias-salvador-947x500.jpg",947,500,true],"page-top":["https:\/\/portal.pi.gov.br\/sesapi\/wp-content\/uploads\/sites\/101\/2025\/02\/ambulancias-salvador-947x437.jpg",947,437,true],"page-small":["https:\/\/portal.pi.gov.br\/sesapi\/wp-content\/uploads\/sites\/101\/2025\/02\/ambulancias-salvador-624x288.jpg",624,288,true],"loop-main":["https:\/\/portal.pi.gov.br\/sesapi\/wp-content\/uploads\/sites\/101\/2025\/02\/ambulancias-salvador-365x240.jpg",365,240,true],"thumb-gallery-widget":["https:\/\/portal.pi.gov.br\/sesapi\/wp-content\/uploads\/sites\/101\/2025\/02\/ambulancias-salvador-84x56.jpg",84,56,true]},"post_excerpt_stackable":"<p>Por Nat\u00e1lia Soares Dez novas ambul\u00e2ncias do Servi\u00e7o de Atendimento M\u00f3vel de Urg\u00eancia (Samu) foram destinadas a munic\u00edpios do Piau\u00ed. Os ve\u00edculos foram entregues simbolicamente na \u00faltima sexta-feira (31), em Salvador, pela ministra da Sa\u00fade, N\u00edsia Trindade, e t\u00eam como objetivo substituir unidades que j\u00e1 atingiram o tempo de uso. Os munic\u00edpios contemplados s\u00e3o Curimat\u00e1 e Bertol\u00ednia, que receber\u00e3o duas ambul\u00e2ncias cada, al\u00e9m de Jos\u00e9 de Freitas, Oeiras, Picos, Reden\u00e7\u00e3o do Gurgu\u00e9ia, Uru\u00e7u\u00ed e \u00c1gua Branca, que ter\u00e3o uma nova unidade cada. Esta \u00e9 a primeira entrega de 2025. O superintendente da Rede de Alta e M\u00e9dia Complexidade da Sesapi,&hellip;<\/p>\n","category_list":"<a href=\"https:\/\/portal.pi.gov.br\/sesapi\/category\/noticias\/\" rel=\"category tag\">Not\u00edcias<\/a>","author_info":{"name":"herlonpereira","url":"https:\/\/portal.pi.gov.br\/sesapi\/author\/herlonpereira\/"},"comments_num":"0 coment\u00e1rio","featured_image_urls_v2":{"full":["https:\/\/portal.pi.gov.br\/sesapi\/wp-content\/uploads\/sites\/101\/2025\/02\/ambulancias-salvador.jpg",1280,590,false],"thumbnail":["https:\/\/portal.pi.gov.br\/sesapi\/wp-content\/uploads\/sites\/101\/2025\/02\/ambulancias-salvador-150x150.jpg",150,150,true],"medium":["https:\/\/portal.pi.gov.br\/sesapi\/wp-content\/uploads\/sites\/101\/2025\/02\/ambulancias-salvador-300x138.jpg",300,138,true],"medium_large":["https:\/\/portal.pi.gov.br\/sesapi\/wp-content\/uploads\/sites\/101\/2025\/02\/ambulancias-salvador-768x354.jpg",768,354,true],"large":["https:\/\/portal.pi.gov.br\/sesapi\/wp-content\/uploads\/sites\/101\/2025\/02\/ambulancias-salvador-1024x472.jpg",887,409,true],"sgg-420":["https:\/\/portal.pi.gov.br\/sesapi\/wp-content\/uploads\/sites\/101\/2025\/02\/ambulancias-salvador-420x194.jpg",420,194,true],"sgg-540":["https:\/\/portal.pi.gov.br\/sesapi\/wp-content\/uploads\/sites\/101\/2025\/02\/ambulancias-salvador-540x249.jpg",540,249,true],"sgg-780":["https:\/\/portal.pi.gov.br\/sesapi\/wp-content\/uploads\/sites\/101\/2025\/02\/ambulancias-salvador-780x360.jpg",780,360,true],"1536x1536":["https:\/\/portal.pi.gov.br\/sesapi\/wp-content\/uploads\/sites\/101\/2025\/02\/ambulancias-salvador.jpg",1280,590,false],"2048x2048":["https:\/\/portal.pi.gov.br\/sesapi\/wp-content\/uploads\/sites\/101\/2025\/02\/ambulancias-salvador.jpg",1280,590,false],"homepage-slider":["https:\/\/portal.pi.gov.br\/sesapi\/wp-content\/uploads\/sites\/101\/2025\/02\/ambulancias-salvador-1270x500.jpg",1270,500,true],"homepage-slider-small":["https:\/\/portal.pi.gov.br\/sesapi\/wp-content\/uploads\/sites\/101\/2025\/02\/ambulancias-salvador-947x500.jpg",947,500,true],"page-top":["https:\/\/portal.pi.gov.br\/sesapi\/wp-content\/uploads\/sites\/101\/2025\/02\/ambulancias-salvador-947x437.jpg",947,437,true],"page-small":["https:\/\/portal.pi.gov.br\/sesapi\/wp-content\/uploads\/sites\/101\/2025\/02\/ambulancias-salvador-624x288.jpg",624,288,true],"loop-main":["https:\/\/portal.pi.gov.br\/sesapi\/wp-content\/uploads\/sites\/101\/2025\/02\/ambulancias-salvador-365x240.jpg",365,240,true],"thumb-gallery-widget":["https:\/\/portal.pi.gov.br\/sesapi\/wp-content\/uploads\/sites\/101\/2025\/02\/ambulancias-salvador-84x56.jpg",84,56,true]},"post_excerpt_stackable_v2":"<p>Por Nat\u00e1lia Soares Dez novas ambul\u00e2ncias do Servi\u00e7o de Atendimento M\u00f3vel de Urg\u00eancia (Samu) foram destinadas a munic\u00edpios do Piau\u00ed. Os ve\u00edculos foram entregues simbolicamente na \u00faltima sexta-feira (31), em Salvador, pela ministra da Sa\u00fade, N\u00edsia Trindade, e t\u00eam como objetivo substituir unidades que j\u00e1 atingiram o tempo de uso. Os munic\u00edpios contemplados s\u00e3o Curimat\u00e1 e Bertol\u00ednia, que receber\u00e3o duas ambul\u00e2ncias cada, al\u00e9m de Jos\u00e9 de Freitas, Oeiras, Picos, Reden\u00e7\u00e3o do Gurgu\u00e9ia, Uru\u00e7u\u00ed e \u00c1gua Branca, que ter\u00e3o uma nova unidade cada. Esta \u00e9 a primeira entrega de 2025. O superintendente da Rede de Alta e M\u00e9dia Complexidade da Sesapi,&hellip;<\/p>\n","category_list_v2":"<a href=\"https:\/\/portal.pi.gov.br\/sesapi\/category\/noticias\/\" rel=\"category tag\">Not\u00edcias<\/a>","author_info_v2":{"name":"herlonpereira","url":"https:\/\/portal.pi.gov.br\/sesapi\/author\/herlonpereira\/"},"comments_num_v2":"0 coment\u00e1rio","jetpack_featured_media_url":"https:\/\/portal.pi.gov.br\/sesapi\/wp-content\/uploads\/sites\/101\/2025\/02\/ambulancias-salvador.jpg","_links":{"self":[{"href":"https:\/\/portal.pi.gov.br\/sesapi\/wp-json\/wp\/v2\/posts\/2368"}],"collection":[{"href":"https:\/\/portal.pi.gov.br\/sesapi\/wp-json\/wp\/v2\/posts"}],"about":[{"href":"https:\/\/portal.pi.gov.br\/sesapi\/wp-json\/wp\/v2\/types\/post"}],"author":[{"embeddable":true,"href":"https:\/\/portal.pi.gov.br\/sesapi\/wp-json\/wp\/v2\/users\/1808"}],"replies":[{"embeddable":true,"href":"https:\/\/portal.pi.gov.br\/sesapi\/wp-json\/wp\/v2\/comments?post=2368"}],"version-history":[{"count":3,"href":"https:\/\/portal.pi.gov.br\/sesapi\/wp-json\/wp\/v2\/posts\/2368\/revisions"}],"predecessor-version":[{"id":2372,"href":"https:\/\/portal.pi.gov.br\/sesapi\/wp-json\/wp\/v2\/posts\/2368\/revisions\/2372"}],"wp:featuredmedia":[{"embeddable":true,"href":"https:\/\/portal.pi.gov.br\/sesapi\/wp-json\/wp\/v2\/media\/2369"}],"wp:attachment":[{"href":"https:\/\/portal.pi.gov.br\/sesapi\/wp-json\/wp\/v2\/media?parent=2368"}],"wp:term":[{"taxonomy":"category","embeddable":true,"href":"https:\/\/portal.pi.gov.br\/sesapi\/wp-json\/wp\/v2\/categories?post=2368"},{"taxonomy":"post_tag","embeddable":true,"href":"https:\/\/portal.pi.gov.br\/sesapi\/wp-json\/wp\/v2\/tags?post=2368"}],"curies":[{"name":"wp","href":"https:\/\/api.w.org\/{rel}","templated":true}]}}