{"id":2410,"date":"2025-02-05T13:13:52","date_gmt":"2025-02-05T16:13:52","guid":{"rendered":"https:\/\/portal.pi.gov.br\/sesapi\/?p=2410"},"modified":"2025-02-05T13:15:08","modified_gmt":"2025-02-05T16:15:08","slug":"sesapi-participa-de-acolhimento-e-apresenta-servicos-para-novos-gestores-municipais-de-saude","status":"publish","type":"post","link":"https:\/\/portal.pi.gov.br\/sesapi\/2025\/02\/05\/sesapi-participa-de-acolhimento-e-apresenta-servicos-para-novos-gestores-municipais-de-saude\/","title":{"rendered":"Sesapi participa de acolhimento e apresenta servi\u00e7os para novos gestores municipais de sa\u00fade"},"content":{"rendered":"\n<p><\/p>\n\n\n\n<p>A Secretaria de Estado da Sa\u00fade (Sesapi) participou, nesta quarta-feira (5), da abertura do evento de acolhimento aos gestores do SUS no Piau\u00ed, promovido pelo Conselho de Secretarias Municipais de Sa\u00fade do Piau\u00ed (COSEMS). O objetivo do evento foi promover a troca de experi\u00eancias entre gestores e aprimorar as pr\u00e1ticas de gest\u00e3o no SUS, apresentando novas ferramentas que t\u00eam contribu\u00eddo para melhorar o acesso e a qualidade dos servi\u00e7os de sa\u00fade.<\/p>\n\n\n\n<p>O superintendente de Gest\u00e3o da Rede de M\u00e9dia e Alta Complexidade da Sesapi, Dirceu C\u00e2mpelo, destacou que o evento \u00e9 uma oportunidade de contextualizar os novos gestores municipais, refor\u00e7ando que a Secretaria est\u00e1 \u00e0 disposi\u00e7\u00e3o para somar esfor\u00e7os e atender cada vez melhor os usu\u00e1rios do SUS.<\/p>\n\n\n\n<figure class=\"wp-block-image size-large\"><img decoding=\"async\" loading=\"lazy\" width=\"1024\" height=\"576\" src=\"https:\/\/portal.pi.gov.br\/sesapi\/wp-content\/uploads\/sites\/101\/2025\/02\/WhatsApp-Image-2025-02-05-at-13.09.48-1024x576.jpeg\" alt=\"\" class=\"wp-image-2411\" srcset=\"https:\/\/portal.pi.gov.br\/sesapi\/wp-content\/uploads\/sites\/101\/2025\/02\/WhatsApp-Image-2025-02-05-at-13.09.48-1024x576.jpeg 1024w, https:\/\/portal.pi.gov.br\/sesapi\/wp-content\/uploads\/sites\/101\/2025\/02\/WhatsApp-Image-2025-02-05-at-13.09.48-300x169.jpeg 300w, https:\/\/portal.pi.gov.br\/sesapi\/wp-content\/uploads\/sites\/101\/2025\/02\/WhatsApp-Image-2025-02-05-at-13.09.48-768x432.jpeg 768w, https:\/\/portal.pi.gov.br\/sesapi\/wp-content\/uploads\/sites\/101\/2025\/02\/WhatsApp-Image-2025-02-05-at-13.09.48-420x236.jpeg 420w, https:\/\/portal.pi.gov.br\/sesapi\/wp-content\/uploads\/sites\/101\/2025\/02\/WhatsApp-Image-2025-02-05-at-13.09.48-540x304.jpeg 540w, https:\/\/portal.pi.gov.br\/sesapi\/wp-content\/uploads\/sites\/101\/2025\/02\/WhatsApp-Image-2025-02-05-at-13.09.48-780x439.jpeg 780w, https:\/\/portal.pi.gov.br\/sesapi\/wp-content\/uploads\/sites\/101\/2025\/02\/WhatsApp-Image-2025-02-05-at-13.09.48-1536x864.jpeg 1536w, https:\/\/portal.pi.gov.br\/sesapi\/wp-content\/uploads\/sites\/101\/2025\/02\/WhatsApp-Image-2025-02-05-at-13.09.48-947x533.jpeg 947w, https:\/\/portal.pi.gov.br\/sesapi\/wp-content\/uploads\/sites\/101\/2025\/02\/WhatsApp-Image-2025-02-05-at-13.09.48-624x351.jpeg 624w, https:\/\/portal.pi.gov.br\/sesapi\/wp-content\/uploads\/sites\/101\/2025\/02\/WhatsApp-Image-2025-02-05-at-13.09.48.jpeg 1600w\" sizes=\"(max-width: 1024px) 100vw, 1024px\" \/><\/figure>\n\n\n\n<p>&#8220;Nossos servi\u00e7os est\u00e3o se descentralizando e ficando mais pr\u00f3ximos da popula\u00e7\u00e3o. Queremos que esses novos gestores conhe\u00e7am nosso portf\u00f3lio de servi\u00e7os e aproveitem ao m\u00e1ximo os benef\u00edcios que podem levar ao p\u00fablico. Temos o Programa Piau\u00ed Sa\u00fade Digital, o programa de redu\u00e7\u00e3o de filas, entre outros, todos com o objetivo de melhorar a sa\u00fade da popula\u00e7\u00e3o piauiense&#8221;, afirmou o superintendente.<\/p>\n\n\n\n<figure class=\"wp-block-image size-large\"><img decoding=\"async\" loading=\"lazy\" width=\"1024\" height=\"768\" src=\"https:\/\/portal.pi.gov.br\/sesapi\/wp-content\/uploads\/sites\/101\/2025\/02\/WhatsApp-Image-2025-02-05-at-13.09.31-1024x768.jpeg\" alt=\"\" class=\"wp-image-2412\" srcset=\"https:\/\/portal.pi.gov.br\/sesapi\/wp-content\/uploads\/sites\/101\/2025\/02\/WhatsApp-Image-2025-02-05-at-13.09.31-1024x768.jpeg 1024w, https:\/\/portal.pi.gov.br\/sesapi\/wp-content\/uploads\/sites\/101\/2025\/02\/WhatsApp-Image-2025-02-05-at-13.09.31-300x225.jpeg 300w, https:\/\/portal.pi.gov.br\/sesapi\/wp-content\/uploads\/sites\/101\/2025\/02\/WhatsApp-Image-2025-02-05-at-13.09.31-768x576.jpeg 768w, https:\/\/portal.pi.gov.br\/sesapi\/wp-content\/uploads\/sites\/101\/2025\/02\/WhatsApp-Image-2025-02-05-at-13.09.31-420x315.jpeg 420w, https:\/\/portal.pi.gov.br\/sesapi\/wp-content\/uploads\/sites\/101\/2025\/02\/WhatsApp-Image-2025-02-05-at-13.09.31-540x405.jpeg 540w, https:\/\/portal.pi.gov.br\/sesapi\/wp-content\/uploads\/sites\/101\/2025\/02\/WhatsApp-Image-2025-02-05-at-13.09.31-780x585.jpeg 780w, https:\/\/portal.pi.gov.br\/sesapi\/wp-content\/uploads\/sites\/101\/2025\/02\/WhatsApp-Image-2025-02-05-at-13.09.31-1536x1152.jpeg 1536w, https:\/\/portal.pi.gov.br\/sesapi\/wp-content\/uploads\/sites\/101\/2025\/02\/WhatsApp-Image-2025-02-05-at-13.09.31-947x710.jpeg 947w, https:\/\/portal.pi.gov.br\/sesapi\/wp-content\/uploads\/sites\/101\/2025\/02\/WhatsApp-Image-2025-02-05-at-13.09.31-624x468.jpeg 624w, https:\/\/portal.pi.gov.br\/sesapi\/wp-content\/uploads\/sites\/101\/2025\/02\/WhatsApp-Image-2025-02-05-at-13.09.31.jpeg 1600w\" sizes=\"(max-width: 1024px) 100vw, 1024px\" \/><\/figure>\n\n\n\n<p>Al\u00e9m das palestras sobre financiamento e gest\u00e3o dos servi\u00e7os, a programa\u00e7\u00e3o do evento incluiu apresenta\u00e7\u00f5es sobre os servi\u00e7os disponibilizados pela Secretaria de Estado da Sa\u00fade para os munic\u00edpios piauienses.<\/p>\n\n\n\n<p>Leila Santos, superintendente de Aten\u00e7\u00e3o Prim\u00e1ria \u00e0 Sa\u00fade e Munic\u00edpios da Sesapi, enfatizou a import\u00e2ncia da parceria entre a secretaria e as gest\u00f5es municipais de sa\u00fade.<\/p>\n\n\n\n<p>&#8220;\u00c9 fundamental que os munic\u00edpios e a gest\u00e3o estadual estejam alinhados e integrados para levar melhorias aos servi\u00e7os de sa\u00fade, especialmente no fortalecimento da aten\u00e7\u00e3o prim\u00e1ria, que \u00e9 a porta de entrada da popula\u00e7\u00e3o para o Sistema \u00danico de Sa\u00fade&#8221;, destacou Leila Santos.<\/p>\n\n\n\n<figure class=\"wp-block-image size-large is-resized\"><img decoding=\"async\" loading=\"lazy\" src=\"https:\/\/portal.pi.gov.br\/sesapi\/wp-content\/uploads\/sites\/101\/2025\/02\/WhatsApp-Image-2025-02-05-at-12.19.10-1024x768.jpeg\" alt=\"\" class=\"wp-image-2413\" width=\"840\" height=\"630\" srcset=\"https:\/\/portal.pi.gov.br\/sesapi\/wp-content\/uploads\/sites\/101\/2025\/02\/WhatsApp-Image-2025-02-05-at-12.19.10-1024x768.jpeg 1024w, https:\/\/portal.pi.gov.br\/sesapi\/wp-content\/uploads\/sites\/101\/2025\/02\/WhatsApp-Image-2025-02-05-at-12.19.10-300x225.jpeg 300w, https:\/\/portal.pi.gov.br\/sesapi\/wp-content\/uploads\/sites\/101\/2025\/02\/WhatsApp-Image-2025-02-05-at-12.19.10-768x576.jpeg 768w, https:\/\/portal.pi.gov.br\/sesapi\/wp-content\/uploads\/sites\/101\/2025\/02\/WhatsApp-Image-2025-02-05-at-12.19.10-420x315.jpeg 420w, https:\/\/portal.pi.gov.br\/sesapi\/wp-content\/uploads\/sites\/101\/2025\/02\/WhatsApp-Image-2025-02-05-at-12.19.10-540x405.jpeg 540w, https:\/\/portal.pi.gov.br\/sesapi\/wp-content\/uploads\/sites\/101\/2025\/02\/WhatsApp-Image-2025-02-05-at-12.19.10-780x585.jpeg 780w, https:\/\/portal.pi.gov.br\/sesapi\/wp-content\/uploads\/sites\/101\/2025\/02\/WhatsApp-Image-2025-02-05-at-12.19.10-1536x1152.jpeg 1536w, https:\/\/portal.pi.gov.br\/sesapi\/wp-content\/uploads\/sites\/101\/2025\/02\/WhatsApp-Image-2025-02-05-at-12.19.10-947x710.jpeg 947w, https:\/\/portal.pi.gov.br\/sesapi\/wp-content\/uploads\/sites\/101\/2025\/02\/WhatsApp-Image-2025-02-05-at-12.19.10-624x468.jpeg 624w, https:\/\/portal.pi.gov.br\/sesapi\/wp-content\/uploads\/sites\/101\/2025\/02\/WhatsApp-Image-2025-02-05-at-12.19.10.jpeg 1600w\" sizes=\"(max-width: 840px) 100vw, 840px\" \/><\/figure>\n\n\n\n<figure class=\"wp-block-image size-large\"><img decoding=\"async\" loading=\"lazy\" width=\"1024\" height=\"576\" src=\"https:\/\/portal.pi.gov.br\/sesapi\/wp-content\/uploads\/sites\/101\/2025\/02\/WhatsApp-Image-2025-02-05-at-12.18.17-1024x576.jpeg\" alt=\"\" class=\"wp-image-2414\" srcset=\"https:\/\/portal.pi.gov.br\/sesapi\/wp-content\/uploads\/sites\/101\/2025\/02\/WhatsApp-Image-2025-02-05-at-12.18.17-1024x576.jpeg 1024w, https:\/\/portal.pi.gov.br\/sesapi\/wp-content\/uploads\/sites\/101\/2025\/02\/WhatsApp-Image-2025-02-05-at-12.18.17-300x169.jpeg 300w, https:\/\/portal.pi.gov.br\/sesapi\/wp-content\/uploads\/sites\/101\/2025\/02\/WhatsApp-Image-2025-02-05-at-12.18.17-768x432.jpeg 768w, https:\/\/portal.pi.gov.br\/sesapi\/wp-content\/uploads\/sites\/101\/2025\/02\/WhatsApp-Image-2025-02-05-at-12.18.17-420x236.jpeg 420w, https:\/\/portal.pi.gov.br\/sesapi\/wp-content\/uploads\/sites\/101\/2025\/02\/WhatsApp-Image-2025-02-05-at-12.18.17-540x304.jpeg 540w, https:\/\/portal.pi.gov.br\/sesapi\/wp-content\/uploads\/sites\/101\/2025\/02\/WhatsApp-Image-2025-02-05-at-12.18.17-780x439.jpeg 780w, https:\/\/portal.pi.gov.br\/sesapi\/wp-content\/uploads\/sites\/101\/2025\/02\/WhatsApp-Image-2025-02-05-at-12.18.17-1536x864.jpeg 1536w, https:\/\/portal.pi.gov.br\/sesapi\/wp-content\/uploads\/sites\/101\/2025\/02\/WhatsApp-Image-2025-02-05-at-12.18.17-2048x1152.jpeg 2048w, https:\/\/portal.pi.gov.br\/sesapi\/wp-content\/uploads\/sites\/101\/2025\/02\/WhatsApp-Image-2025-02-05-at-12.18.17-947x533.jpeg 947w, https:\/\/portal.pi.gov.br\/sesapi\/wp-content\/uploads\/sites\/101\/2025\/02\/WhatsApp-Image-2025-02-05-at-12.18.17-624x351.jpeg 624w\" sizes=\"(max-width: 1024px) 100vw, 1024px\" \/><\/figure>\n","protected":false},"excerpt":{"rendered":"<p>A Secretaria de Estado da Sa\u00fade (Sesapi) participou, nesta quarta-feira (5), da abertura do evento de acolhimento aos gestores do SUS no Piau\u00ed, promovido pelo Conselho de Secretarias Municipais de [&hellip;]<\/p>\n","protected":false},"author":1815,"featured_media":2417,"comment_status":"closed","ping_status":"closed","sticky":false,"template":"","format":"standard","meta":[],"categories":[30],"tags":[92,43,36],"featured_image_urls":{"full":["https:\/\/portal.pi.gov.br\/sesapi\/wp-content\/uploads\/sites\/101\/2025\/02\/WhatsApp-Image-2025-02-05-at-12.18.18-scaled.jpeg",2560,1440,false],"thumbnail":["https:\/\/portal.pi.gov.br\/sesapi\/wp-content\/uploads\/sites\/101\/2025\/02\/WhatsApp-Image-2025-02-05-at-12.18.18-150x150.jpeg",150,150,true],"medium":["https:\/\/portal.pi.gov.br\/sesapi\/wp-content\/uploads\/sites\/101\/2025\/02\/WhatsApp-Image-2025-02-05-at-12.18.18-300x169.jpeg",300,169,true],"medium_large":["https:\/\/portal.pi.gov.br\/sesapi\/wp-content\/uploads\/sites\/101\/2025\/02\/WhatsApp-Image-2025-02-05-at-12.18.18-768x432.jpeg",768,432,true],"large":["https:\/\/portal.pi.gov.br\/sesapi\/wp-content\/uploads\/sites\/101\/2025\/02\/WhatsApp-Image-2025-02-05-at-12.18.18-1024x576.jpeg",887,499,true],"sgg-420":["https:\/\/portal.pi.gov.br\/sesapi\/wp-content\/uploads\/sites\/101\/2025\/02\/WhatsApp-Image-2025-02-05-at-12.18.18-420x236.jpeg",420,236,true],"sgg-540":["https:\/\/portal.pi.gov.br\/sesapi\/wp-content\/uploads\/sites\/101\/2025\/02\/WhatsApp-Image-2025-02-05-at-12.18.18-540x304.jpeg",540,304,true],"sgg-780":["https:\/\/portal.pi.gov.br\/sesapi\/wp-content\/uploads\/sites\/101\/2025\/02\/WhatsApp-Image-2025-02-05-at-12.18.18-780x439.jpeg",780,439,true],"1536x1536":["https:\/\/portal.pi.gov.br\/sesapi\/wp-content\/uploads\/sites\/101\/2025\/02\/WhatsApp-Image-2025-02-05-at-12.18.18-1536x864.jpeg",1536,864,true],"2048x2048":["https:\/\/portal.pi.gov.br\/sesapi\/wp-content\/uploads\/sites\/101\/2025\/02\/WhatsApp-Image-2025-02-05-at-12.18.18-2048x1152.jpeg",2048,1152,true],"homepage-slider":["https:\/\/portal.pi.gov.br\/sesapi\/wp-content\/uploads\/sites\/101\/2025\/02\/WhatsApp-Image-2025-02-05-at-12.18.18-1270x500.jpeg",1270,500,true],"homepage-slider-small":["https:\/\/portal.pi.gov.br\/sesapi\/wp-content\/uploads\/sites\/101\/2025\/02\/WhatsApp-Image-2025-02-05-at-12.18.18-947x500.jpeg",947,500,true],"page-top":["https:\/\/portal.pi.gov.br\/sesapi\/wp-content\/uploads\/sites\/101\/2025\/02\/WhatsApp-Image-2025-02-05-at-12.18.18-947x533.jpeg",947,533,true],"page-small":["https:\/\/portal.pi.gov.br\/sesapi\/wp-content\/uploads\/sites\/101\/2025\/02\/WhatsApp-Image-2025-02-05-at-12.18.18-624x351.jpeg",624,351,true],"loop-main":["https:\/\/portal.pi.gov.br\/sesapi\/wp-content\/uploads\/sites\/101\/2025\/02\/WhatsApp-Image-2025-02-05-at-12.18.18-365x240.jpeg",365,240,true],"thumb-gallery-widget":["https:\/\/portal.pi.gov.br\/sesapi\/wp-content\/uploads\/sites\/101\/2025\/02\/WhatsApp-Image-2025-02-05-at-12.18.18-84x56.jpeg",84,56,true]},"post_excerpt_stackable":"<p>A Secretaria de Estado da Sa\u00fade (Sesapi) participou, nesta quarta-feira (5), da abertura do evento de acolhimento aos gestores do SUS no Piau\u00ed, promovido pelo Conselho de Secretarias Municipais de Sa\u00fade do Piau\u00ed (COSEMS). O objetivo do evento foi promover a troca de experi\u00eancias entre gestores e aprimorar as pr\u00e1ticas de gest\u00e3o no SUS, apresentando novas ferramentas que t\u00eam contribu\u00eddo para melhorar o acesso e a qualidade dos servi\u00e7os de sa\u00fade. O superintendente de Gest\u00e3o da Rede de M\u00e9dia e Alta Complexidade da Sesapi, Dirceu C\u00e2mpelo, destacou que o evento \u00e9 uma oportunidade de contextualizar os novos gestores municipais, refor\u00e7ando&hellip;<\/p>\n","category_list":"<a href=\"https:\/\/portal.pi.gov.br\/sesapi\/category\/noticias\/\" rel=\"category tag\">Not\u00edcias<\/a>","author_info":{"name":"joaomarcelo","url":"https:\/\/portal.pi.gov.br\/sesapi\/author\/joaomarcelo\/"},"comments_num":"0 coment\u00e1rio","featured_image_urls_v2":{"full":["https:\/\/portal.pi.gov.br\/sesapi\/wp-content\/uploads\/sites\/101\/2025\/02\/WhatsApp-Image-2025-02-05-at-12.18.18-scaled.jpeg",2560,1440,false],"thumbnail":["https:\/\/portal.pi.gov.br\/sesapi\/wp-content\/uploads\/sites\/101\/2025\/02\/WhatsApp-Image-2025-02-05-at-12.18.18-150x150.jpeg",150,150,true],"medium":["https:\/\/portal.pi.gov.br\/sesapi\/wp-content\/uploads\/sites\/101\/2025\/02\/WhatsApp-Image-2025-02-05-at-12.18.18-300x169.jpeg",300,169,true],"medium_large":["https:\/\/portal.pi.gov.br\/sesapi\/wp-content\/uploads\/sites\/101\/2025\/02\/WhatsApp-Image-2025-02-05-at-12.18.18-768x432.jpeg",768,432,true],"large":["https:\/\/portal.pi.gov.br\/sesapi\/wp-content\/uploads\/sites\/101\/2025\/02\/WhatsApp-Image-2025-02-05-at-12.18.18-1024x576.jpeg",887,499,true],"sgg-420":["https:\/\/portal.pi.gov.br\/sesapi\/wp-content\/uploads\/sites\/101\/2025\/02\/WhatsApp-Image-2025-02-05-at-12.18.18-420x236.jpeg",420,236,true],"sgg-540":["https:\/\/portal.pi.gov.br\/sesapi\/wp-content\/uploads\/sites\/101\/2025\/02\/WhatsApp-Image-2025-02-05-at-12.18.18-540x304.jpeg",540,304,true],"sgg-780":["https:\/\/portal.pi.gov.br\/sesapi\/wp-content\/uploads\/sites\/101\/2025\/02\/WhatsApp-Image-2025-02-05-at-12.18.18-780x439.jpeg",780,439,true],"1536x1536":["https:\/\/portal.pi.gov.br\/sesapi\/wp-content\/uploads\/sites\/101\/2025\/02\/WhatsApp-Image-2025-02-05-at-12.18.18-1536x864.jpeg",1536,864,true],"2048x2048":["https:\/\/portal.pi.gov.br\/sesapi\/wp-content\/uploads\/sites\/101\/2025\/02\/WhatsApp-Image-2025-02-05-at-12.18.18-2048x1152.jpeg",2048,1152,true],"homepage-slider":["https:\/\/portal.pi.gov.br\/sesapi\/wp-content\/uploads\/sites\/101\/2025\/02\/WhatsApp-Image-2025-02-05-at-12.18.18-1270x500.jpeg",1270,500,true],"homepage-slider-small":["https:\/\/portal.pi.gov.br\/sesapi\/wp-content\/uploads\/sites\/101\/2025\/02\/WhatsApp-Image-2025-02-05-at-12.18.18-947x500.jpeg",947,500,true],"page-top":["https:\/\/portal.pi.gov.br\/sesapi\/wp-content\/uploads\/sites\/101\/2025\/02\/WhatsApp-Image-2025-02-05-at-12.18.18-947x533.jpeg",947,533,true],"page-small":["https:\/\/portal.pi.gov.br\/sesapi\/wp-content\/uploads\/sites\/101\/2025\/02\/WhatsApp-Image-2025-02-05-at-12.18.18-624x351.jpeg",624,351,true],"loop-main":["https:\/\/portal.pi.gov.br\/sesapi\/wp-content\/uploads\/sites\/101\/2025\/02\/WhatsApp-Image-2025-02-05-at-12.18.18-365x240.jpeg",365,240,true],"thumb-gallery-widget":["https:\/\/portal.pi.gov.br\/sesapi\/wp-content\/uploads\/sites\/101\/2025\/02\/WhatsApp-Image-2025-02-05-at-12.18.18-84x56.jpeg",84,56,true]},"post_excerpt_stackable_v2":"<p>A Secretaria de Estado da Sa\u00fade (Sesapi) participou, nesta quarta-feira (5), da abertura do evento de acolhimento aos gestores do SUS no Piau\u00ed, promovido pelo Conselho de Secretarias Municipais de Sa\u00fade do Piau\u00ed (COSEMS). O objetivo do evento foi promover a troca de experi\u00eancias entre gestores e aprimorar as pr\u00e1ticas de gest\u00e3o no SUS, apresentando novas ferramentas que t\u00eam contribu\u00eddo para melhorar o acesso e a qualidade dos servi\u00e7os de sa\u00fade. O superintendente de Gest\u00e3o da Rede de M\u00e9dia e Alta Complexidade da Sesapi, Dirceu C\u00e2mpelo, destacou que o evento \u00e9 uma oportunidade de contextualizar os novos gestores municipais, refor\u00e7ando&hellip;<\/p>\n","category_list_v2":"<a href=\"https:\/\/portal.pi.gov.br\/sesapi\/category\/noticias\/\" rel=\"category tag\">Not\u00edcias<\/a>","author_info_v2":{"name":"joaomarcelo","url":"https:\/\/portal.pi.gov.br\/sesapi\/author\/joaomarcelo\/"},"comments_num_v2":"0 coment\u00e1rio","jetpack_featured_media_url":"https:\/\/portal.pi.gov.br\/sesapi\/wp-content\/uploads\/sites\/101\/2025\/02\/WhatsApp-Image-2025-02-05-at-12.18.18-scaled.jpeg","_links":{"self":[{"href":"https:\/\/portal.pi.gov.br\/sesapi\/wp-json\/wp\/v2\/posts\/2410"}],"collection":[{"href":"https:\/\/portal.pi.gov.br\/sesapi\/wp-json\/wp\/v2\/posts"}],"about":[{"href":"https:\/\/portal.pi.gov.br\/sesapi\/wp-json\/wp\/v2\/types\/post"}],"author":[{"embeddable":true,"href":"https:\/\/portal.pi.gov.br\/sesapi\/wp-json\/wp\/v2\/users\/1815"}],"replies":[{"embeddable":true,"href":"https:\/\/portal.pi.gov.br\/sesapi\/wp-json\/wp\/v2\/comments?post=2410"}],"version-history":[{"count":2,"href":"https:\/\/portal.pi.gov.br\/sesapi\/wp-json\/wp\/v2\/posts\/2410\/revisions"}],"predecessor-version":[{"id":2416,"href":"https:\/\/portal.pi.gov.br\/sesapi\/wp-json\/wp\/v2\/posts\/2410\/revisions\/2416"}],"wp:featuredmedia":[{"embeddable":true,"href":"https:\/\/portal.pi.gov.br\/sesapi\/wp-json\/wp\/v2\/media\/2417"}],"wp:attachment":[{"href":"https:\/\/portal.pi.gov.br\/sesapi\/wp-json\/wp\/v2\/media?parent=2410"}],"wp:term":[{"taxonomy":"category","embeddable":true,"href":"https:\/\/portal.pi.gov.br\/sesapi\/wp-json\/wp\/v2\/categories?post=2410"},{"taxonomy":"post_tag","embeddable":true,"href":"https:\/\/portal.pi.gov.br\/sesapi\/wp-json\/wp\/v2\/tags?post=2410"}],"curies":[{"name":"wp","href":"https:\/\/api.w.org\/{rel}","templated":true}]}}