{"id":2534,"date":"2025-02-13T13:22:49","date_gmt":"2025-02-13T16:22:49","guid":{"rendered":"https:\/\/portal.pi.gov.br\/sesapi\/?p=2534"},"modified":"2025-02-18T11:19:00","modified_gmt":"2025-02-18T14:19:00","slug":"secretario-de-saude-apresenta-app-piaui-primeira-infancia-para-novos-prefeitos-e-prefeitas-em-brasilia","status":"publish","type":"post","link":"https:\/\/portal.pi.gov.br\/sesapi\/2025\/02\/13\/secretario-de-saude-apresenta-app-piaui-primeira-infancia-para-novos-prefeitos-e-prefeitas-em-brasilia\/","title":{"rendered":"Secret\u00e1rio de Sa\u00fade apresenta APP Piau\u00ed Primeira Inf\u00e2ncia para novos prefeitos e prefeitas em Bras\u00edlia"},"content":{"rendered":"\n<p><\/p>\n\n\n\n<p>O secret\u00e1rio de Estado da Sa\u00fade do Piau\u00ed, Antonio Luiz, apresentou o aplicativo Piau\u00ed Primeira Inf\u00e2ncia no Encontro de Novos Prefeitos e Prefeitas, promovido pelo governo federal, nesta quinta-feira (13), em Bras\u00edlia. A tecnologia inovadora tem como objetivo conectar sa\u00fade, educa\u00e7\u00e3o, assist\u00eancia social e fam\u00edlias, garantindo um desenvolvimento integral e integrado desde a gesta\u00e7\u00e3o at\u00e9 os seis anos de idade.<\/p>\n\n\n\n<p>A cidade escolhida como piloto para o aplicativo foi o munic\u00edpio de Lagoa do Piau\u00ed. A partir de 1\u00ba de abril, o app estar\u00e1 dispon\u00edvel para as demais 223 cidades do estado.<\/p>\n\n\n\n<p>\u201cO aplicativo se baseia nos cuidados integrais da OMS, Banco Mundial e UNICEF, abrangendo seis eixos e 40 indicadores do desenvolvimento infantil, al\u00e9m do Marco Legal da Primeira Inf\u00e2ncia\u201d, explica o gestor.<\/p>\n\n\n\n<p>No Piau\u00ed Primeira Inf\u00e2ncia, est\u00e3o dispon\u00edveis servi\u00e7os como a caderneta de vacina\u00e7\u00e3o, caderneta da gestante, acompanhamento da gesta\u00e7\u00e3o, al\u00e9m do hist\u00f3rico de consultas e exames realizados pelas gestantes e crian\u00e7as, e capacita\u00e7\u00e3o para profissionais da sa\u00fade, educa\u00e7\u00e3o e assist\u00eancia social.<\/p>\n\n\n\n<p>\u201cEsta ser\u00e1 a primeira caderneta da gestante digital do pa\u00eds, atualizada conforme as diretrizes da Rede Alyne (para gestantes de alto risco), o que possibilita um acompanhamento cont\u00ednuo da gesta\u00e7\u00e3o at\u00e9 os dez anos da crian\u00e7a. \u00c9 um servi\u00e7o inovador, que o governador Rafael Fonteles est\u00e1 implementando para a primeira inf\u00e2ncia do Piau\u00ed e que hoje apresentamos aos novos prefeitos e prefeitas do Brasil\u201d, afirmou o secret\u00e1rio Antonio Luiz.<\/p>\n\n\n\n<p>Para a coordenadora do Pacto Pelas Crian\u00e7as do Piau\u00ed, Isabel Fonteles, este aplicativo \u00e9 a concretiza\u00e7\u00e3o do compromisso do estado com a primeira inf\u00e2ncia, que \u00e9 uma fase determinante para o futuro de cada indiv\u00edduo, e a digitaliza\u00e7\u00e3o da caderneta da gestante, o acompanhamento cont\u00ednuo da gesta\u00e7\u00e3o e da inf\u00e2ncia e a capacita\u00e7\u00e3o de profissionais s\u00e3o avan\u00e7os que far\u00e3o a diferen\u00e7a na vida de muitas fam\u00edlias piauienses.<\/p>\n\n\n\n<p>\u201cGostaria muito de estar presente neste momento t\u00e3o importante, mas, mesmo \u00e0 dist\u00e2ncia, fa\u00e7o quest\u00e3o de expressar minha alegria e entusiasmo com o lan\u00e7amento do Piau\u00ed Primeira Inf\u00e2ncia. Como profissional e, acima de tudo, como algu\u00e9m comprometida com a causa da primeira inf\u00e2ncia, sei o quanto essa iniciativa representa um marco na garantia de direitos e no cuidado integral com nossas crian\u00e7as.Parabenizo o governador Rafael Fonteles, o secret\u00e1rio Antonio Luiz e toda a equipe envolvida por essa iniciativa inovadora, que coloca o Piau\u00ed na vanguarda do cuidado com a primeira inf\u00e2ncia. Esse \u00e9 um passo fundamental para garantir que nossas crian\u00e7as cres\u00e7am com mais sa\u00fade, prote\u00e7\u00e3o e oportunidades\u201d, completou Isabel Fonteles.<\/p>\n","protected":false},"excerpt":{"rendered":"<p>O secret\u00e1rio de Estado da Sa\u00fade do Piau\u00ed, Antonio Luiz, apresentou o aplicativo Piau\u00ed Primeira Inf\u00e2ncia no Encontro de Novos Prefeitos e Prefeitas, promovido pelo governo federal, nesta quinta-feira (13), [&hellip;]<\/p>\n","protected":false},"author":1816,"featured_media":2535,"comment_status":"closed","ping_status":"closed","sticky":false,"template":"","format":"standard","meta":[],"categories":[30],"tags":[43,36],"featured_image_urls":{"full":["https:\/\/portal.pi.gov.br\/sesapi\/wp-content\/uploads\/sites\/101\/2025\/02\/WhatsApp-Image-2025-02-13-at-13.19.52.jpeg",1600,1200,false],"thumbnail":["https:\/\/portal.pi.gov.br\/sesapi\/wp-content\/uploads\/sites\/101\/2025\/02\/WhatsApp-Image-2025-02-13-at-13.19.52-150x150.jpeg",150,150,true],"medium":["https:\/\/portal.pi.gov.br\/sesapi\/wp-content\/uploads\/sites\/101\/2025\/02\/WhatsApp-Image-2025-02-13-at-13.19.52-300x225.jpeg",300,225,true],"medium_large":["https:\/\/portal.pi.gov.br\/sesapi\/wp-content\/uploads\/sites\/101\/2025\/02\/WhatsApp-Image-2025-02-13-at-13.19.52-768x576.jpeg",768,576,true],"large":["https:\/\/portal.pi.gov.br\/sesapi\/wp-content\/uploads\/sites\/101\/2025\/02\/WhatsApp-Image-2025-02-13-at-13.19.52-1024x768.jpeg",887,665,true],"sgg-420":["https:\/\/portal.pi.gov.br\/sesapi\/wp-content\/uploads\/sites\/101\/2025\/02\/WhatsApp-Image-2025-02-13-at-13.19.52-420x315.jpeg",420,315,true],"sgg-540":["https:\/\/portal.pi.gov.br\/sesapi\/wp-content\/uploads\/sites\/101\/2025\/02\/WhatsApp-Image-2025-02-13-at-13.19.52-540x405.jpeg",540,405,true],"sgg-780":["https:\/\/portal.pi.gov.br\/sesapi\/wp-content\/uploads\/sites\/101\/2025\/02\/WhatsApp-Image-2025-02-13-at-13.19.52-780x585.jpeg",780,585,true],"1536x1536":["https:\/\/portal.pi.gov.br\/sesapi\/wp-content\/uploads\/sites\/101\/2025\/02\/WhatsApp-Image-2025-02-13-at-13.19.52-1536x1152.jpeg",1536,1152,true],"2048x2048":["https:\/\/portal.pi.gov.br\/sesapi\/wp-content\/uploads\/sites\/101\/2025\/02\/WhatsApp-Image-2025-02-13-at-13.19.52.jpeg",1600,1200,false],"homepage-slider":["https:\/\/portal.pi.gov.br\/sesapi\/wp-content\/uploads\/sites\/101\/2025\/02\/WhatsApp-Image-2025-02-13-at-13.19.52-1270x500.jpeg",1270,500,true],"homepage-slider-small":["https:\/\/portal.pi.gov.br\/sesapi\/wp-content\/uploads\/sites\/101\/2025\/02\/WhatsApp-Image-2025-02-13-at-13.19.52-947x500.jpeg",947,500,true],"page-top":["https:\/\/portal.pi.gov.br\/sesapi\/wp-content\/uploads\/sites\/101\/2025\/02\/WhatsApp-Image-2025-02-13-at-13.19.52-947x710.jpeg",947,710,true],"page-small":["https:\/\/portal.pi.gov.br\/sesapi\/wp-content\/uploads\/sites\/101\/2025\/02\/WhatsApp-Image-2025-02-13-at-13.19.52-624x468.jpeg",624,468,true],"loop-main":["https:\/\/portal.pi.gov.br\/sesapi\/wp-content\/uploads\/sites\/101\/2025\/02\/WhatsApp-Image-2025-02-13-at-13.19.52-365x240.jpeg",365,240,true],"thumb-gallery-widget":["https:\/\/portal.pi.gov.br\/sesapi\/wp-content\/uploads\/sites\/101\/2025\/02\/WhatsApp-Image-2025-02-13-at-13.19.52-84x56.jpeg",84,56,true]},"post_excerpt_stackable":"<p>O secret\u00e1rio de Estado da Sa\u00fade do Piau\u00ed, Antonio Luiz, apresentou o aplicativo Piau\u00ed Primeira Inf\u00e2ncia no Encontro de Novos Prefeitos e Prefeitas, promovido pelo governo federal, nesta quinta-feira (13), em Bras\u00edlia. A tecnologia inovadora tem como objetivo conectar sa\u00fade, educa\u00e7\u00e3o, assist\u00eancia social e fam\u00edlias, garantindo um desenvolvimento integral e integrado desde a gesta\u00e7\u00e3o at\u00e9 os seis anos de idade. A cidade escolhida como piloto para o aplicativo foi o munic\u00edpio de Lagoa do Piau\u00ed. A partir de 1\u00ba de abril, o app estar\u00e1 dispon\u00edvel para as demais 223 cidades do estado. \u201cO aplicativo se baseia nos cuidados integrais da&hellip;<\/p>\n","category_list":"<a href=\"https:\/\/portal.pi.gov.br\/sesapi\/category\/noticias\/\" rel=\"category tag\">Not\u00edcias<\/a>","author_info":{"name":"amandasantos","url":"https:\/\/portal.pi.gov.br\/sesapi\/author\/amandasantos\/"},"comments_num":"0 coment\u00e1rio","featured_image_urls_v2":{"full":["https:\/\/portal.pi.gov.br\/sesapi\/wp-content\/uploads\/sites\/101\/2025\/02\/WhatsApp-Image-2025-02-13-at-13.19.52.jpeg",1600,1200,false],"thumbnail":["https:\/\/portal.pi.gov.br\/sesapi\/wp-content\/uploads\/sites\/101\/2025\/02\/WhatsApp-Image-2025-02-13-at-13.19.52-150x150.jpeg",150,150,true],"medium":["https:\/\/portal.pi.gov.br\/sesapi\/wp-content\/uploads\/sites\/101\/2025\/02\/WhatsApp-Image-2025-02-13-at-13.19.52-300x225.jpeg",300,225,true],"medium_large":["https:\/\/portal.pi.gov.br\/sesapi\/wp-content\/uploads\/sites\/101\/2025\/02\/WhatsApp-Image-2025-02-13-at-13.19.52-768x576.jpeg",768,576,true],"large":["https:\/\/portal.pi.gov.br\/sesapi\/wp-content\/uploads\/sites\/101\/2025\/02\/WhatsApp-Image-2025-02-13-at-13.19.52-1024x768.jpeg",887,665,true],"sgg-420":["https:\/\/portal.pi.gov.br\/sesapi\/wp-content\/uploads\/sites\/101\/2025\/02\/WhatsApp-Image-2025-02-13-at-13.19.52-420x315.jpeg",420,315,true],"sgg-540":["https:\/\/portal.pi.gov.br\/sesapi\/wp-content\/uploads\/sites\/101\/2025\/02\/WhatsApp-Image-2025-02-13-at-13.19.52-540x405.jpeg",540,405,true],"sgg-780":["https:\/\/portal.pi.gov.br\/sesapi\/wp-content\/uploads\/sites\/101\/2025\/02\/WhatsApp-Image-2025-02-13-at-13.19.52-780x585.jpeg",780,585,true],"1536x1536":["https:\/\/portal.pi.gov.br\/sesapi\/wp-content\/uploads\/sites\/101\/2025\/02\/WhatsApp-Image-2025-02-13-at-13.19.52-1536x1152.jpeg",1536,1152,true],"2048x2048":["https:\/\/portal.pi.gov.br\/sesapi\/wp-content\/uploads\/sites\/101\/2025\/02\/WhatsApp-Image-2025-02-13-at-13.19.52.jpeg",1600,1200,false],"homepage-slider":["https:\/\/portal.pi.gov.br\/sesapi\/wp-content\/uploads\/sites\/101\/2025\/02\/WhatsApp-Image-2025-02-13-at-13.19.52-1270x500.jpeg",1270,500,true],"homepage-slider-small":["https:\/\/portal.pi.gov.br\/sesapi\/wp-content\/uploads\/sites\/101\/2025\/02\/WhatsApp-Image-2025-02-13-at-13.19.52-947x500.jpeg",947,500,true],"page-top":["https:\/\/portal.pi.gov.br\/sesapi\/wp-content\/uploads\/sites\/101\/2025\/02\/WhatsApp-Image-2025-02-13-at-13.19.52-947x710.jpeg",947,710,true],"page-small":["https:\/\/portal.pi.gov.br\/sesapi\/wp-content\/uploads\/sites\/101\/2025\/02\/WhatsApp-Image-2025-02-13-at-13.19.52-624x468.jpeg",624,468,true],"loop-main":["https:\/\/portal.pi.gov.br\/sesapi\/wp-content\/uploads\/sites\/101\/2025\/02\/WhatsApp-Image-2025-02-13-at-13.19.52-365x240.jpeg",365,240,true],"thumb-gallery-widget":["https:\/\/portal.pi.gov.br\/sesapi\/wp-content\/uploads\/sites\/101\/2025\/02\/WhatsApp-Image-2025-02-13-at-13.19.52-84x56.jpeg",84,56,true]},"post_excerpt_stackable_v2":"<p>O secret\u00e1rio de Estado da Sa\u00fade do Piau\u00ed, Antonio Luiz, apresentou o aplicativo Piau\u00ed Primeira Inf\u00e2ncia no Encontro de Novos Prefeitos e Prefeitas, promovido pelo governo federal, nesta quinta-feira (13), em Bras\u00edlia. A tecnologia inovadora tem como objetivo conectar sa\u00fade, educa\u00e7\u00e3o, assist\u00eancia social e fam\u00edlias, garantindo um desenvolvimento integral e integrado desde a gesta\u00e7\u00e3o at\u00e9 os seis anos de idade. A cidade escolhida como piloto para o aplicativo foi o munic\u00edpio de Lagoa do Piau\u00ed. A partir de 1\u00ba de abril, o app estar\u00e1 dispon\u00edvel para as demais 223 cidades do estado. \u201cO aplicativo se baseia nos cuidados integrais da&hellip;<\/p>\n","category_list_v2":"<a href=\"https:\/\/portal.pi.gov.br\/sesapi\/category\/noticias\/\" rel=\"category tag\">Not\u00edcias<\/a>","author_info_v2":{"name":"amandasantos","url":"https:\/\/portal.pi.gov.br\/sesapi\/author\/amandasantos\/"},"comments_num_v2":"0 coment\u00e1rio","jetpack_featured_media_url":"https:\/\/portal.pi.gov.br\/sesapi\/wp-content\/uploads\/sites\/101\/2025\/02\/WhatsApp-Image-2025-02-13-at-13.19.52.jpeg","_links":{"self":[{"href":"https:\/\/portal.pi.gov.br\/sesapi\/wp-json\/wp\/v2\/posts\/2534"}],"collection":[{"href":"https:\/\/portal.pi.gov.br\/sesapi\/wp-json\/wp\/v2\/posts"}],"about":[{"href":"https:\/\/portal.pi.gov.br\/sesapi\/wp-json\/wp\/v2\/types\/post"}],"author":[{"embeddable":true,"href":"https:\/\/portal.pi.gov.br\/sesapi\/wp-json\/wp\/v2\/users\/1816"}],"replies":[{"embeddable":true,"href":"https:\/\/portal.pi.gov.br\/sesapi\/wp-json\/wp\/v2\/comments?post=2534"}],"version-history":[{"count":1,"href":"https:\/\/portal.pi.gov.br\/sesapi\/wp-json\/wp\/v2\/posts\/2534\/revisions"}],"predecessor-version":[{"id":2536,"href":"https:\/\/portal.pi.gov.br\/sesapi\/wp-json\/wp\/v2\/posts\/2534\/revisions\/2536"}],"wp:featuredmedia":[{"embeddable":true,"href":"https:\/\/portal.pi.gov.br\/sesapi\/wp-json\/wp\/v2\/media\/2535"}],"wp:attachment":[{"href":"https:\/\/portal.pi.gov.br\/sesapi\/wp-json\/wp\/v2\/media?parent=2534"}],"wp:term":[{"taxonomy":"category","embeddable":true,"href":"https:\/\/portal.pi.gov.br\/sesapi\/wp-json\/wp\/v2\/categories?post=2534"},{"taxonomy":"post_tag","embeddable":true,"href":"https:\/\/portal.pi.gov.br\/sesapi\/wp-json\/wp\/v2\/tags?post=2534"}],"curies":[{"name":"wp","href":"https:\/\/api.w.org\/{rel}","templated":true}]}}