{"id":2756,"date":"2025-02-24T11:14:24","date_gmt":"2025-02-24T14:14:24","guid":{"rendered":"https:\/\/portal.pi.gov.br\/sesapi\/?p=2756"},"modified":"2025-02-24T11:28:42","modified_gmt":"2025-02-24T14:28:42","slug":"piaui-primeira-infancia-e-carretinha-da-saude-desenvolvem-acoes-em-lagoa-do-piaui","status":"publish","type":"post","link":"https:\/\/portal.pi.gov.br\/sesapi\/2025\/02\/24\/piaui-primeira-infancia-e-carretinha-da-saude-desenvolvem-acoes-em-lagoa-do-piaui\/","title":{"rendered":"Piau\u00ed Primeira Inf\u00e2ncia e Carretinha da Sa\u00fade desenvolvem a\u00e7\u00f5es em Lagoa do Piau\u00ed"},"content":{"rendered":"\n<p>A Secretaria de Estado da Sa\u00fade do Piau\u00ed (Sesapi) realizou, nesta segunda-feira (24), em Lagoa do Piau\u00ed, uma a\u00e7\u00e3o de referenciamento de fam\u00edlias para o aplicativo Piau\u00ed Primeira Inf\u00e2ncia.<\/p>\n\n\n\n<p>Com 4.810 habitantes, o munic\u00edpio \u00e9 piloto nas a\u00e7\u00f5es do aplicativo, que foi desenvolvido em parceria com a Empresa de Tecnologia do Piau\u00ed (Etipi) e integra o Pacto pelas Crian\u00e7as do Piau\u00ed. O app \u00e9 o primeiro do Brasil a integrar e gerenciar dados das \u00e1reas de sa\u00fade, educa\u00e7\u00e3o e assist\u00eancia social, com o objetivo de promover pol\u00edticas p\u00fablicas voltadas para a primeira inf\u00e2ncia (0 a 6 anos de idade).<\/p>\n\n\n\n<p>Durante a a\u00e7\u00e3o, foi disponibilizado um consult\u00f3rio oftalmol\u00f3gico da Carretinha da Sa\u00fade que ofereceu atendimentos para crian\u00e7as de 0 a 6 anos, com exames de refra\u00e7\u00e3o, biomicroscopia e o teste do olhinho.<\/p>\n\n\n\n<p>Leila Santos, superintendente de Aten\u00e7\u00e3o Prim\u00e1ria \u00e0 Sa\u00fade e Munic\u00edpios da Sesapi, destacou a import\u00e2ncia da a\u00e7\u00e3o, que ser\u00e1 expandida para todo o Piau\u00ed.<br><br> &#8220;Acompanhar o atendimento de futuras m\u00e3es e crian\u00e7as \u00e9 essencial para garantir um futuro mais saud\u00e1vel para o nosso estado. O app Piau\u00ed Primeira Inf\u00e2ncia est\u00e1 em fase de testes, e assim que finalizado, a a\u00e7\u00e3o ser\u00e1 expandida para todas as regi\u00f5es do Piau\u00ed&#8221;, afirmou.<\/p>\n\n\n\n<p><strong>App Piau\u00ed Primeira Inf\u00e2ncia<\/strong><\/p>\n\n\n\n<p>Lan\u00e7ado em dezembro de 2024, o Piau\u00ed Primeira Inf\u00e2ncia re\u00fane informa\u00e7\u00f5es sobre demografia, sa\u00fade, nutri\u00e7\u00e3o adequada, parentalidade, seguran\u00e7a e prote\u00e7\u00e3o, al\u00e9m de educa\u00e7\u00e3o. Com apenas alguns cliques, \u00e9 poss\u00edvel acessar dados como o n\u00famero de crian\u00e7as de 0 a 6 anos no Piau\u00ed: 305.948, o que corresponde a 9,35% da popula\u00e7\u00e3o, superando a m\u00e9dia nacional de 8,92%.<\/p>\n","protected":false},"excerpt":{"rendered":"<p>A Secretaria de Estado da Sa\u00fade do Piau\u00ed (Sesapi) realizou, nesta segunda-feira (24), em Lagoa do Piau\u00ed, uma a\u00e7\u00e3o de referenciamento de fam\u00edlias para o aplicativo Piau\u00ed Primeira Inf\u00e2ncia. Com [&hellip;]<\/p>\n","protected":false},"author":1823,"featured_media":2762,"comment_status":"closed","ping_status":"closed","sticky":false,"template":"","format":"standard","meta":[],"categories":[30],"tags":[59,132,36],"featured_image_urls":{"full":["https:\/\/portal.pi.gov.br\/sesapi\/wp-content\/uploads\/sites\/101\/2025\/02\/WhatsApp-Image-2025-02-24-at-10.57.00.jpeg",1600,1200,false],"thumbnail":["https:\/\/portal.pi.gov.br\/sesapi\/wp-content\/uploads\/sites\/101\/2025\/02\/WhatsApp-Image-2025-02-24-at-10.57.00-150x150.jpeg",150,150,true],"medium":["https:\/\/portal.pi.gov.br\/sesapi\/wp-content\/uploads\/sites\/101\/2025\/02\/WhatsApp-Image-2025-02-24-at-10.57.00-300x225.jpeg",300,225,true],"medium_large":["https:\/\/portal.pi.gov.br\/sesapi\/wp-content\/uploads\/sites\/101\/2025\/02\/WhatsApp-Image-2025-02-24-at-10.57.00-768x576.jpeg",768,576,true],"large":["https:\/\/portal.pi.gov.br\/sesapi\/wp-content\/uploads\/sites\/101\/2025\/02\/WhatsApp-Image-2025-02-24-at-10.57.00-1024x768.jpeg",887,665,true],"sgg-420":["https:\/\/portal.pi.gov.br\/sesapi\/wp-content\/uploads\/sites\/101\/2025\/02\/WhatsApp-Image-2025-02-24-at-10.57.00-420x315.jpeg",420,315,true],"sgg-540":["https:\/\/portal.pi.gov.br\/sesapi\/wp-content\/uploads\/sites\/101\/2025\/02\/WhatsApp-Image-2025-02-24-at-10.57.00-540x405.jpeg",540,405,true],"sgg-780":["https:\/\/portal.pi.gov.br\/sesapi\/wp-content\/uploads\/sites\/101\/2025\/02\/WhatsApp-Image-2025-02-24-at-10.57.00-780x585.jpeg",780,585,true],"1536x1536":["https:\/\/portal.pi.gov.br\/sesapi\/wp-content\/uploads\/sites\/101\/2025\/02\/WhatsApp-Image-2025-02-24-at-10.57.00-1536x1152.jpeg",1536,1152,true],"2048x2048":["https:\/\/portal.pi.gov.br\/sesapi\/wp-content\/uploads\/sites\/101\/2025\/02\/WhatsApp-Image-2025-02-24-at-10.57.00.jpeg",1600,1200,false],"homepage-slider":["https:\/\/portal.pi.gov.br\/sesapi\/wp-content\/uploads\/sites\/101\/2025\/02\/WhatsApp-Image-2025-02-24-at-10.57.00-1270x500.jpeg",1270,500,true],"homepage-slider-small":["https:\/\/portal.pi.gov.br\/sesapi\/wp-content\/uploads\/sites\/101\/2025\/02\/WhatsApp-Image-2025-02-24-at-10.57.00-947x500.jpeg",947,500,true],"page-top":["https:\/\/portal.pi.gov.br\/sesapi\/wp-content\/uploads\/sites\/101\/2025\/02\/WhatsApp-Image-2025-02-24-at-10.57.00-947x710.jpeg",947,710,true],"page-small":["https:\/\/portal.pi.gov.br\/sesapi\/wp-content\/uploads\/sites\/101\/2025\/02\/WhatsApp-Image-2025-02-24-at-10.57.00-624x468.jpeg",624,468,true],"loop-main":["https:\/\/portal.pi.gov.br\/sesapi\/wp-content\/uploads\/sites\/101\/2025\/02\/WhatsApp-Image-2025-02-24-at-10.57.00-365x240.jpeg",365,240,true],"thumb-gallery-widget":["https:\/\/portal.pi.gov.br\/sesapi\/wp-content\/uploads\/sites\/101\/2025\/02\/WhatsApp-Image-2025-02-24-at-10.57.00-84x56.jpeg",84,56,true]},"post_excerpt_stackable":"<p>A Secretaria de Estado da Sa\u00fade do Piau\u00ed (Sesapi) realizou, nesta segunda-feira (24), em Lagoa do Piau\u00ed, uma a\u00e7\u00e3o de referenciamento de fam\u00edlias para o aplicativo Piau\u00ed Primeira Inf\u00e2ncia. Com 4.810 habitantes, o munic\u00edpio \u00e9 piloto nas a\u00e7\u00f5es do aplicativo, que foi desenvolvido em parceria com a Empresa de Tecnologia do Piau\u00ed (Etipi) e integra o Pacto pelas Crian\u00e7as do Piau\u00ed. O app \u00e9 o primeiro do Brasil a integrar e gerenciar dados das \u00e1reas de sa\u00fade, educa\u00e7\u00e3o e assist\u00eancia social, com o objetivo de promover pol\u00edticas p\u00fablicas voltadas para a primeira inf\u00e2ncia (0 a 6 anos de idade). Durante&hellip;<\/p>\n","category_list":"<a href=\"https:\/\/portal.pi.gov.br\/sesapi\/category\/noticias\/\" rel=\"category tag\">Not\u00edcias<\/a>","author_info":{"name":"renatodias","url":"https:\/\/portal.pi.gov.br\/sesapi\/author\/renatodias\/"},"comments_num":"0 coment\u00e1rio","featured_image_urls_v2":{"full":["https:\/\/portal.pi.gov.br\/sesapi\/wp-content\/uploads\/sites\/101\/2025\/02\/WhatsApp-Image-2025-02-24-at-10.57.00.jpeg",1600,1200,false],"thumbnail":["https:\/\/portal.pi.gov.br\/sesapi\/wp-content\/uploads\/sites\/101\/2025\/02\/WhatsApp-Image-2025-02-24-at-10.57.00-150x150.jpeg",150,150,true],"medium":["https:\/\/portal.pi.gov.br\/sesapi\/wp-content\/uploads\/sites\/101\/2025\/02\/WhatsApp-Image-2025-02-24-at-10.57.00-300x225.jpeg",300,225,true],"medium_large":["https:\/\/portal.pi.gov.br\/sesapi\/wp-content\/uploads\/sites\/101\/2025\/02\/WhatsApp-Image-2025-02-24-at-10.57.00-768x576.jpeg",768,576,true],"large":["https:\/\/portal.pi.gov.br\/sesapi\/wp-content\/uploads\/sites\/101\/2025\/02\/WhatsApp-Image-2025-02-24-at-10.57.00-1024x768.jpeg",887,665,true],"sgg-420":["https:\/\/portal.pi.gov.br\/sesapi\/wp-content\/uploads\/sites\/101\/2025\/02\/WhatsApp-Image-2025-02-24-at-10.57.00-420x315.jpeg",420,315,true],"sgg-540":["https:\/\/portal.pi.gov.br\/sesapi\/wp-content\/uploads\/sites\/101\/2025\/02\/WhatsApp-Image-2025-02-24-at-10.57.00-540x405.jpeg",540,405,true],"sgg-780":["https:\/\/portal.pi.gov.br\/sesapi\/wp-content\/uploads\/sites\/101\/2025\/02\/WhatsApp-Image-2025-02-24-at-10.57.00-780x585.jpeg",780,585,true],"1536x1536":["https:\/\/portal.pi.gov.br\/sesapi\/wp-content\/uploads\/sites\/101\/2025\/02\/WhatsApp-Image-2025-02-24-at-10.57.00-1536x1152.jpeg",1536,1152,true],"2048x2048":["https:\/\/portal.pi.gov.br\/sesapi\/wp-content\/uploads\/sites\/101\/2025\/02\/WhatsApp-Image-2025-02-24-at-10.57.00.jpeg",1600,1200,false],"homepage-slider":["https:\/\/portal.pi.gov.br\/sesapi\/wp-content\/uploads\/sites\/101\/2025\/02\/WhatsApp-Image-2025-02-24-at-10.57.00-1270x500.jpeg",1270,500,true],"homepage-slider-small":["https:\/\/portal.pi.gov.br\/sesapi\/wp-content\/uploads\/sites\/101\/2025\/02\/WhatsApp-Image-2025-02-24-at-10.57.00-947x500.jpeg",947,500,true],"page-top":["https:\/\/portal.pi.gov.br\/sesapi\/wp-content\/uploads\/sites\/101\/2025\/02\/WhatsApp-Image-2025-02-24-at-10.57.00-947x710.jpeg",947,710,true],"page-small":["https:\/\/portal.pi.gov.br\/sesapi\/wp-content\/uploads\/sites\/101\/2025\/02\/WhatsApp-Image-2025-02-24-at-10.57.00-624x468.jpeg",624,468,true],"loop-main":["https:\/\/portal.pi.gov.br\/sesapi\/wp-content\/uploads\/sites\/101\/2025\/02\/WhatsApp-Image-2025-02-24-at-10.57.00-365x240.jpeg",365,240,true],"thumb-gallery-widget":["https:\/\/portal.pi.gov.br\/sesapi\/wp-content\/uploads\/sites\/101\/2025\/02\/WhatsApp-Image-2025-02-24-at-10.57.00-84x56.jpeg",84,56,true]},"post_excerpt_stackable_v2":"<p>A Secretaria de Estado da Sa\u00fade do Piau\u00ed (Sesapi) realizou, nesta segunda-feira (24), em Lagoa do Piau\u00ed, uma a\u00e7\u00e3o de referenciamento de fam\u00edlias para o aplicativo Piau\u00ed Primeira Inf\u00e2ncia. Com 4.810 habitantes, o munic\u00edpio \u00e9 piloto nas a\u00e7\u00f5es do aplicativo, que foi desenvolvido em parceria com a Empresa de Tecnologia do Piau\u00ed (Etipi) e integra o Pacto pelas Crian\u00e7as do Piau\u00ed. O app \u00e9 o primeiro do Brasil a integrar e gerenciar dados das \u00e1reas de sa\u00fade, educa\u00e7\u00e3o e assist\u00eancia social, com o objetivo de promover pol\u00edticas p\u00fablicas voltadas para a primeira inf\u00e2ncia (0 a 6 anos de idade). Durante&hellip;<\/p>\n","category_list_v2":"<a href=\"https:\/\/portal.pi.gov.br\/sesapi\/category\/noticias\/\" rel=\"category tag\">Not\u00edcias<\/a>","author_info_v2":{"name":"renatodias","url":"https:\/\/portal.pi.gov.br\/sesapi\/author\/renatodias\/"},"comments_num_v2":"0 coment\u00e1rio","jetpack_featured_media_url":"https:\/\/portal.pi.gov.br\/sesapi\/wp-content\/uploads\/sites\/101\/2025\/02\/WhatsApp-Image-2025-02-24-at-10.57.00.jpeg","_links":{"self":[{"href":"https:\/\/portal.pi.gov.br\/sesapi\/wp-json\/wp\/v2\/posts\/2756"}],"collection":[{"href":"https:\/\/portal.pi.gov.br\/sesapi\/wp-json\/wp\/v2\/posts"}],"about":[{"href":"https:\/\/portal.pi.gov.br\/sesapi\/wp-json\/wp\/v2\/types\/post"}],"author":[{"embeddable":true,"href":"https:\/\/portal.pi.gov.br\/sesapi\/wp-json\/wp\/v2\/users\/1823"}],"replies":[{"embeddable":true,"href":"https:\/\/portal.pi.gov.br\/sesapi\/wp-json\/wp\/v2\/comments?post=2756"}],"version-history":[{"count":3,"href":"https:\/\/portal.pi.gov.br\/sesapi\/wp-json\/wp\/v2\/posts\/2756\/revisions"}],"predecessor-version":[{"id":2776,"href":"https:\/\/portal.pi.gov.br\/sesapi\/wp-json\/wp\/v2\/posts\/2756\/revisions\/2776"}],"wp:featuredmedia":[{"embeddable":true,"href":"https:\/\/portal.pi.gov.br\/sesapi\/wp-json\/wp\/v2\/media\/2762"}],"wp:attachment":[{"href":"https:\/\/portal.pi.gov.br\/sesapi\/wp-json\/wp\/v2\/media?parent=2756"}],"wp:term":[{"taxonomy":"category","embeddable":true,"href":"https:\/\/portal.pi.gov.br\/sesapi\/wp-json\/wp\/v2\/categories?post=2756"},{"taxonomy":"post_tag","embeddable":true,"href":"https:\/\/portal.pi.gov.br\/sesapi\/wp-json\/wp\/v2\/tags?post=2756"}],"curies":[{"name":"wp","href":"https:\/\/api.w.org\/{rel}","templated":true}]}}