{"id":2790,"date":"2025-02-25T14:02:13","date_gmt":"2025-02-25T17:02:13","guid":{"rendered":"https:\/\/portal.pi.gov.br\/sesapi\/?p=2790"},"modified":"2025-02-25T14:02:14","modified_gmt":"2025-02-25T17:02:14","slug":"sesapi-realiza-encontro-intersetorial-de-prevencao-a-gravidez-na-adolescencia","status":"publish","type":"post","link":"https:\/\/portal.pi.gov.br\/sesapi\/2025\/02\/25\/sesapi-realiza-encontro-intersetorial-de-prevencao-a-gravidez-na-adolescencia\/","title":{"rendered":"Sesapi realiza Encontro Intersetorial de Preven\u00e7\u00e3o \u00e0 Gravidez na Adolesc\u00eancia"},"content":{"rendered":"\n<p><\/p>\n\n\n\n<p>A Secretaria de Estado da Sa\u00fade do Piau\u00ed (Sesapi), por meio da Coordena\u00e7\u00e3o de Aten\u00e7\u00e3o \u00e0 Sa\u00fade da Crian\u00e7a e do Adolescente, realizou nesta ter\u00e7a-feira (25) o Encontro Intersetorial de Preven\u00e7\u00e3o \u00e0 Gravidez na Adolesc\u00eancia. O evento reuniu representantes de 40 munic\u00edpios piauienses com percentual acima de 10% de adolescentes gr\u00e1vidas, com o objetivo de desenvolver estrat\u00e9gias e planos municipais para a preven\u00e7\u00e3o e o enfrentamento da gravidez na adolesc\u00eancia.<\/p>\n\n\n\n<p>Desde 2024, o estado conta com um Plano Estadual de Preven\u00e7\u00e3o \u00e0 Gravidez na Adolesc\u00eancia, que tem contribu\u00eddo para a redu\u00e7\u00e3o dos \u00edndices em todos os munic\u00edpios. Em 2022, o Piau\u00ed registrava um percentual de 14,8% de adolescentes gr\u00e1vidas, n\u00famero que diminuiu para 13,8% em 2024, segundo dados do SINASC.<\/p>\n\n\n\n<figure class=\"wp-block-image size-large\"><img decoding=\"async\" loading=\"lazy\" width=\"1024\" height=\"576\" src=\"https:\/\/portal.pi.gov.br\/sesapi\/wp-content\/uploads\/sites\/101\/2025\/02\/WhatsApp-Image-2025-02-25-at-09.40.36-1024x576.jpeg\" alt=\"\" class=\"wp-image-2791\" srcset=\"https:\/\/portal.pi.gov.br\/sesapi\/wp-content\/uploads\/sites\/101\/2025\/02\/WhatsApp-Image-2025-02-25-at-09.40.36-1024x576.jpeg 1024w, https:\/\/portal.pi.gov.br\/sesapi\/wp-content\/uploads\/sites\/101\/2025\/02\/WhatsApp-Image-2025-02-25-at-09.40.36-300x169.jpeg 300w, https:\/\/portal.pi.gov.br\/sesapi\/wp-content\/uploads\/sites\/101\/2025\/02\/WhatsApp-Image-2025-02-25-at-09.40.36-768x432.jpeg 768w, https:\/\/portal.pi.gov.br\/sesapi\/wp-content\/uploads\/sites\/101\/2025\/02\/WhatsApp-Image-2025-02-25-at-09.40.36-420x236.jpeg 420w, https:\/\/portal.pi.gov.br\/sesapi\/wp-content\/uploads\/sites\/101\/2025\/02\/WhatsApp-Image-2025-02-25-at-09.40.36-540x304.jpeg 540w, https:\/\/portal.pi.gov.br\/sesapi\/wp-content\/uploads\/sites\/101\/2025\/02\/WhatsApp-Image-2025-02-25-at-09.40.36-780x439.jpeg 780w, https:\/\/portal.pi.gov.br\/sesapi\/wp-content\/uploads\/sites\/101\/2025\/02\/WhatsApp-Image-2025-02-25-at-09.40.36-1536x864.jpeg 1536w, https:\/\/portal.pi.gov.br\/sesapi\/wp-content\/uploads\/sites\/101\/2025\/02\/WhatsApp-Image-2025-02-25-at-09.40.36-2048x1152.jpeg 2048w, https:\/\/portal.pi.gov.br\/sesapi\/wp-content\/uploads\/sites\/101\/2025\/02\/WhatsApp-Image-2025-02-25-at-09.40.36-947x533.jpeg 947w, https:\/\/portal.pi.gov.br\/sesapi\/wp-content\/uploads\/sites\/101\/2025\/02\/WhatsApp-Image-2025-02-25-at-09.40.36-624x351.jpeg 624w\" sizes=\"(max-width: 1024px) 100vw, 1024px\" \/><\/figure>\n\n\n\n<p>Consola\u00e7\u00e3o Nascimento, coordenadora de Aten\u00e7\u00e3o \u00e0 Sa\u00fade da Crian\u00e7a e do Adolescente da Sesapi, destacou a import\u00e2ncia do trabalho intersetorial na preven\u00e7\u00e3o da gravidez na adolesc\u00eancia.<\/p>\n\n\n\n<p>&#8220;Al\u00e9m dos munic\u00edpios, contamos com a participa\u00e7\u00e3o de representantes da sa\u00fade, educa\u00e7\u00e3o e assist\u00eancia social das esferas estadual e municipal. Todos est\u00e3o trabalhando juntos para criar planos e estrat\u00e9gias efetivas que contribuam para a continuidade da redu\u00e7\u00e3o desse problema de sa\u00fade no nosso estado&#8221;, afirmou a coordenadora.<\/p>\n\n\n\n<figure class=\"wp-block-image size-large\"><img decoding=\"async\" loading=\"lazy\" width=\"1024\" height=\"576\" src=\"https:\/\/portal.pi.gov.br\/sesapi\/wp-content\/uploads\/sites\/101\/2025\/02\/WhatsApp-Image-2025-02-25-at-09.40.38-1024x576.jpeg\" alt=\"\" class=\"wp-image-2792\" srcset=\"https:\/\/portal.pi.gov.br\/sesapi\/wp-content\/uploads\/sites\/101\/2025\/02\/WhatsApp-Image-2025-02-25-at-09.40.38-1024x576.jpeg 1024w, https:\/\/portal.pi.gov.br\/sesapi\/wp-content\/uploads\/sites\/101\/2025\/02\/WhatsApp-Image-2025-02-25-at-09.40.38-300x169.jpeg 300w, https:\/\/portal.pi.gov.br\/sesapi\/wp-content\/uploads\/sites\/101\/2025\/02\/WhatsApp-Image-2025-02-25-at-09.40.38-768x432.jpeg 768w, https:\/\/portal.pi.gov.br\/sesapi\/wp-content\/uploads\/sites\/101\/2025\/02\/WhatsApp-Image-2025-02-25-at-09.40.38-420x236.jpeg 420w, https:\/\/portal.pi.gov.br\/sesapi\/wp-content\/uploads\/sites\/101\/2025\/02\/WhatsApp-Image-2025-02-25-at-09.40.38-540x304.jpeg 540w, https:\/\/portal.pi.gov.br\/sesapi\/wp-content\/uploads\/sites\/101\/2025\/02\/WhatsApp-Image-2025-02-25-at-09.40.38-780x439.jpeg 780w, https:\/\/portal.pi.gov.br\/sesapi\/wp-content\/uploads\/sites\/101\/2025\/02\/WhatsApp-Image-2025-02-25-at-09.40.38-1536x864.jpeg 1536w, https:\/\/portal.pi.gov.br\/sesapi\/wp-content\/uploads\/sites\/101\/2025\/02\/WhatsApp-Image-2025-02-25-at-09.40.38-2048x1152.jpeg 2048w, https:\/\/portal.pi.gov.br\/sesapi\/wp-content\/uploads\/sites\/101\/2025\/02\/WhatsApp-Image-2025-02-25-at-09.40.38-947x533.jpeg 947w, https:\/\/portal.pi.gov.br\/sesapi\/wp-content\/uploads\/sites\/101\/2025\/02\/WhatsApp-Image-2025-02-25-at-09.40.38-624x351.jpeg 624w\" sizes=\"(max-width: 1024px) 100vw, 1024px\" \/><\/figure>\n\n\n\n<p>Entre as estrat\u00e9gias adotadas no enfrentamento est\u00e3o trabalhar a Sa\u00fade sexual e sa\u00fade reprodutiva, a\u00e7\u00f5es de sa\u00fade mental, consulta do adolescente, planejamento participativo, atendimento e identifica\u00e7\u00e3o de viol\u00eancia sexual, caderneta de sa\u00fade do adolescente, vacina\u00e7\u00e3o contra hpv, m\u00e9todos contraceptivos e trabalhamos tbm com a\u00e7\u00f5es intersetoriais e programa sa\u00fade na escola.<\/p>\n","protected":false},"excerpt":{"rendered":"<p>A Secretaria de Estado da Sa\u00fade do Piau\u00ed (Sesapi), por meio da Coordena\u00e7\u00e3o de Aten\u00e7\u00e3o \u00e0 Sa\u00fade da Crian\u00e7a e do Adolescente, realizou nesta ter\u00e7a-feira (25) o Encontro Intersetorial de [&hellip;]<\/p>\n","protected":false},"author":1815,"featured_media":2793,"comment_status":"closed","ping_status":"closed","sticky":false,"template":"","format":"standard","meta":[],"categories":[30],"tags":[43,36],"featured_image_urls":{"full":["https:\/\/portal.pi.gov.br\/sesapi\/wp-content\/uploads\/sites\/101\/2025\/02\/WhatsApp-Image-2025-02-25-at-09.40.37-scaled.jpeg",2560,1440,false],"thumbnail":["https:\/\/portal.pi.gov.br\/sesapi\/wp-content\/uploads\/sites\/101\/2025\/02\/WhatsApp-Image-2025-02-25-at-09.40.37-150x150.jpeg",150,150,true],"medium":["https:\/\/portal.pi.gov.br\/sesapi\/wp-content\/uploads\/sites\/101\/2025\/02\/WhatsApp-Image-2025-02-25-at-09.40.37-300x169.jpeg",300,169,true],"medium_large":["https:\/\/portal.pi.gov.br\/sesapi\/wp-content\/uploads\/sites\/101\/2025\/02\/WhatsApp-Image-2025-02-25-at-09.40.37-768x432.jpeg",768,432,true],"large":["https:\/\/portal.pi.gov.br\/sesapi\/wp-content\/uploads\/sites\/101\/2025\/02\/WhatsApp-Image-2025-02-25-at-09.40.37-1024x576.jpeg",887,499,true],"sgg-420":["https:\/\/portal.pi.gov.br\/sesapi\/wp-content\/uploads\/sites\/101\/2025\/02\/WhatsApp-Image-2025-02-25-at-09.40.37-420x236.jpeg",420,236,true],"sgg-540":["https:\/\/portal.pi.gov.br\/sesapi\/wp-content\/uploads\/sites\/101\/2025\/02\/WhatsApp-Image-2025-02-25-at-09.40.37-540x304.jpeg",540,304,true],"sgg-780":["https:\/\/portal.pi.gov.br\/sesapi\/wp-content\/uploads\/sites\/101\/2025\/02\/WhatsApp-Image-2025-02-25-at-09.40.37-780x439.jpeg",780,439,true],"1536x1536":["https:\/\/portal.pi.gov.br\/sesapi\/wp-content\/uploads\/sites\/101\/2025\/02\/WhatsApp-Image-2025-02-25-at-09.40.37-1536x864.jpeg",1536,864,true],"2048x2048":["https:\/\/portal.pi.gov.br\/sesapi\/wp-content\/uploads\/sites\/101\/2025\/02\/WhatsApp-Image-2025-02-25-at-09.40.37-2048x1152.jpeg",2048,1152,true],"homepage-slider":["https:\/\/portal.pi.gov.br\/sesapi\/wp-content\/uploads\/sites\/101\/2025\/02\/WhatsApp-Image-2025-02-25-at-09.40.37-1270x500.jpeg",1270,500,true],"homepage-slider-small":["https:\/\/portal.pi.gov.br\/sesapi\/wp-content\/uploads\/sites\/101\/2025\/02\/WhatsApp-Image-2025-02-25-at-09.40.37-947x500.jpeg",947,500,true],"page-top":["https:\/\/portal.pi.gov.br\/sesapi\/wp-content\/uploads\/sites\/101\/2025\/02\/WhatsApp-Image-2025-02-25-at-09.40.37-947x533.jpeg",947,533,true],"page-small":["https:\/\/portal.pi.gov.br\/sesapi\/wp-content\/uploads\/sites\/101\/2025\/02\/WhatsApp-Image-2025-02-25-at-09.40.37-624x351.jpeg",624,351,true],"loop-main":["https:\/\/portal.pi.gov.br\/sesapi\/wp-content\/uploads\/sites\/101\/2025\/02\/WhatsApp-Image-2025-02-25-at-09.40.37-365x240.jpeg",365,240,true],"thumb-gallery-widget":["https:\/\/portal.pi.gov.br\/sesapi\/wp-content\/uploads\/sites\/101\/2025\/02\/WhatsApp-Image-2025-02-25-at-09.40.37-84x56.jpeg",84,56,true]},"post_excerpt_stackable":"<p>A Secretaria de Estado da Sa\u00fade do Piau\u00ed (Sesapi), por meio da Coordena\u00e7\u00e3o de Aten\u00e7\u00e3o \u00e0 Sa\u00fade da Crian\u00e7a e do Adolescente, realizou nesta ter\u00e7a-feira (25) o Encontro Intersetorial de Preven\u00e7\u00e3o \u00e0 Gravidez na Adolesc\u00eancia. O evento reuniu representantes de 40 munic\u00edpios piauienses com percentual acima de 10% de adolescentes gr\u00e1vidas, com o objetivo de desenvolver estrat\u00e9gias e planos municipais para a preven\u00e7\u00e3o e o enfrentamento da gravidez na adolesc\u00eancia. Desde 2024, o estado conta com um Plano Estadual de Preven\u00e7\u00e3o \u00e0 Gravidez na Adolesc\u00eancia, que tem contribu\u00eddo para a redu\u00e7\u00e3o dos \u00edndices em todos os munic\u00edpios. Em 2022, o&hellip;<\/p>\n","category_list":"<a href=\"https:\/\/portal.pi.gov.br\/sesapi\/category\/noticias\/\" rel=\"category tag\">Not\u00edcias<\/a>","author_info":{"name":"joaomarcelo","url":"https:\/\/portal.pi.gov.br\/sesapi\/author\/joaomarcelo\/"},"comments_num":"0 coment\u00e1rio","featured_image_urls_v2":{"full":["https:\/\/portal.pi.gov.br\/sesapi\/wp-content\/uploads\/sites\/101\/2025\/02\/WhatsApp-Image-2025-02-25-at-09.40.37-scaled.jpeg",2560,1440,false],"thumbnail":["https:\/\/portal.pi.gov.br\/sesapi\/wp-content\/uploads\/sites\/101\/2025\/02\/WhatsApp-Image-2025-02-25-at-09.40.37-150x150.jpeg",150,150,true],"medium":["https:\/\/portal.pi.gov.br\/sesapi\/wp-content\/uploads\/sites\/101\/2025\/02\/WhatsApp-Image-2025-02-25-at-09.40.37-300x169.jpeg",300,169,true],"medium_large":["https:\/\/portal.pi.gov.br\/sesapi\/wp-content\/uploads\/sites\/101\/2025\/02\/WhatsApp-Image-2025-02-25-at-09.40.37-768x432.jpeg",768,432,true],"large":["https:\/\/portal.pi.gov.br\/sesapi\/wp-content\/uploads\/sites\/101\/2025\/02\/WhatsApp-Image-2025-02-25-at-09.40.37-1024x576.jpeg",887,499,true],"sgg-420":["https:\/\/portal.pi.gov.br\/sesapi\/wp-content\/uploads\/sites\/101\/2025\/02\/WhatsApp-Image-2025-02-25-at-09.40.37-420x236.jpeg",420,236,true],"sgg-540":["https:\/\/portal.pi.gov.br\/sesapi\/wp-content\/uploads\/sites\/101\/2025\/02\/WhatsApp-Image-2025-02-25-at-09.40.37-540x304.jpeg",540,304,true],"sgg-780":["https:\/\/portal.pi.gov.br\/sesapi\/wp-content\/uploads\/sites\/101\/2025\/02\/WhatsApp-Image-2025-02-25-at-09.40.37-780x439.jpeg",780,439,true],"1536x1536":["https:\/\/portal.pi.gov.br\/sesapi\/wp-content\/uploads\/sites\/101\/2025\/02\/WhatsApp-Image-2025-02-25-at-09.40.37-1536x864.jpeg",1536,864,true],"2048x2048":["https:\/\/portal.pi.gov.br\/sesapi\/wp-content\/uploads\/sites\/101\/2025\/02\/WhatsApp-Image-2025-02-25-at-09.40.37-2048x1152.jpeg",2048,1152,true],"homepage-slider":["https:\/\/portal.pi.gov.br\/sesapi\/wp-content\/uploads\/sites\/101\/2025\/02\/WhatsApp-Image-2025-02-25-at-09.40.37-1270x500.jpeg",1270,500,true],"homepage-slider-small":["https:\/\/portal.pi.gov.br\/sesapi\/wp-content\/uploads\/sites\/101\/2025\/02\/WhatsApp-Image-2025-02-25-at-09.40.37-947x500.jpeg",947,500,true],"page-top":["https:\/\/portal.pi.gov.br\/sesapi\/wp-content\/uploads\/sites\/101\/2025\/02\/WhatsApp-Image-2025-02-25-at-09.40.37-947x533.jpeg",947,533,true],"page-small":["https:\/\/portal.pi.gov.br\/sesapi\/wp-content\/uploads\/sites\/101\/2025\/02\/WhatsApp-Image-2025-02-25-at-09.40.37-624x351.jpeg",624,351,true],"loop-main":["https:\/\/portal.pi.gov.br\/sesapi\/wp-content\/uploads\/sites\/101\/2025\/02\/WhatsApp-Image-2025-02-25-at-09.40.37-365x240.jpeg",365,240,true],"thumb-gallery-widget":["https:\/\/portal.pi.gov.br\/sesapi\/wp-content\/uploads\/sites\/101\/2025\/02\/WhatsApp-Image-2025-02-25-at-09.40.37-84x56.jpeg",84,56,true]},"post_excerpt_stackable_v2":"<p>A Secretaria de Estado da Sa\u00fade do Piau\u00ed (Sesapi), por meio da Coordena\u00e7\u00e3o de Aten\u00e7\u00e3o \u00e0 Sa\u00fade da Crian\u00e7a e do Adolescente, realizou nesta ter\u00e7a-feira (25) o Encontro Intersetorial de Preven\u00e7\u00e3o \u00e0 Gravidez na Adolesc\u00eancia. O evento reuniu representantes de 40 munic\u00edpios piauienses com percentual acima de 10% de adolescentes gr\u00e1vidas, com o objetivo de desenvolver estrat\u00e9gias e planos municipais para a preven\u00e7\u00e3o e o enfrentamento da gravidez na adolesc\u00eancia. Desde 2024, o estado conta com um Plano Estadual de Preven\u00e7\u00e3o \u00e0 Gravidez na Adolesc\u00eancia, que tem contribu\u00eddo para a redu\u00e7\u00e3o dos \u00edndices em todos os munic\u00edpios. Em 2022, o&hellip;<\/p>\n","category_list_v2":"<a href=\"https:\/\/portal.pi.gov.br\/sesapi\/category\/noticias\/\" rel=\"category tag\">Not\u00edcias<\/a>","author_info_v2":{"name":"joaomarcelo","url":"https:\/\/portal.pi.gov.br\/sesapi\/author\/joaomarcelo\/"},"comments_num_v2":"0 coment\u00e1rio","jetpack_featured_media_url":"https:\/\/portal.pi.gov.br\/sesapi\/wp-content\/uploads\/sites\/101\/2025\/02\/WhatsApp-Image-2025-02-25-at-09.40.37-scaled.jpeg","_links":{"self":[{"href":"https:\/\/portal.pi.gov.br\/sesapi\/wp-json\/wp\/v2\/posts\/2790"}],"collection":[{"href":"https:\/\/portal.pi.gov.br\/sesapi\/wp-json\/wp\/v2\/posts"}],"about":[{"href":"https:\/\/portal.pi.gov.br\/sesapi\/wp-json\/wp\/v2\/types\/post"}],"author":[{"embeddable":true,"href":"https:\/\/portal.pi.gov.br\/sesapi\/wp-json\/wp\/v2\/users\/1815"}],"replies":[{"embeddable":true,"href":"https:\/\/portal.pi.gov.br\/sesapi\/wp-json\/wp\/v2\/comments?post=2790"}],"version-history":[{"count":1,"href":"https:\/\/portal.pi.gov.br\/sesapi\/wp-json\/wp\/v2\/posts\/2790\/revisions"}],"predecessor-version":[{"id":2794,"href":"https:\/\/portal.pi.gov.br\/sesapi\/wp-json\/wp\/v2\/posts\/2790\/revisions\/2794"}],"wp:featuredmedia":[{"embeddable":true,"href":"https:\/\/portal.pi.gov.br\/sesapi\/wp-json\/wp\/v2\/media\/2793"}],"wp:attachment":[{"href":"https:\/\/portal.pi.gov.br\/sesapi\/wp-json\/wp\/v2\/media?parent=2790"}],"wp:term":[{"taxonomy":"category","embeddable":true,"href":"https:\/\/portal.pi.gov.br\/sesapi\/wp-json\/wp\/v2\/categories?post=2790"},{"taxonomy":"post_tag","embeddable":true,"href":"https:\/\/portal.pi.gov.br\/sesapi\/wp-json\/wp\/v2\/tags?post=2790"}],"curies":[{"name":"wp","href":"https:\/\/api.w.org\/{rel}","templated":true}]}}