{"id":2921,"date":"2025-03-10T13:13:51","date_gmt":"2025-03-10T16:13:51","guid":{"rendered":"https:\/\/portal.pi.gov.br\/sesapi\/?p=2921"},"modified":"2025-03-11T08:57:16","modified_gmt":"2025-03-11T11:57:16","slug":"sesapi-abre-inscricoes-para-curso-de-formacao-em-auriculoterapia-para-profissionais-da-atencao-primaria-a-saude","status":"publish","type":"post","link":"https:\/\/portal.pi.gov.br\/sesapi\/2025\/03\/10\/sesapi-abre-inscricoes-para-curso-de-formacao-em-auriculoterapia-para-profissionais-da-atencao-primaria-a-saude\/","title":{"rendered":"Sesapi abre inscri\u00e7\u00f5es para curso de forma\u00e7\u00e3o em Auriculoterapia para profissionais da Aten\u00e7\u00e3o Prim\u00e1ria \u00e0 Sa\u00fade"},"content":{"rendered":"\n<p><\/p>\n\n\n\n<p>A Secretaria de Estado da Sa\u00fade (Sesapi), em parceria com a Universidade Federal de Santa Catarina, realizar\u00e1 um curso de forma\u00e7\u00e3o em Auriculoterapia voltado para profissionais da Aten\u00e7\u00e3o Prim\u00e1ria \u00e0 Sa\u00fade. Os interessados podem se inscrever por meio do link <a href=\"http:\/\/bit.ly\/43h0HfA\">http:\/\/bit.ly\/43h0HfA<\/a> at\u00e9 o dia 27 de mar\u00e7o.<\/p>\n\n\n\n<p>Podem participar profissionais de n\u00edvel superior que atuam nas Equipes de Sa\u00fade da Fam\u00edlia, eMulti, Centros de Sa\u00fade, Centros de Aten\u00e7\u00e3o Psicossocial (CAPS), Consult\u00f3rio na Rua, Academia da Sa\u00fade e servi\u00e7os de reabilita\u00e7\u00e3o.<\/p>\n\n\n\n<p>O curso \u00e9 resultado de um conv\u00eanio com o Minist\u00e9rio da Sa\u00fade, por meio da Coordena\u00e7\u00e3o Nacional de Pr\u00e1ticas Integrativas e Complementares em Sa\u00fade (CNPICS\/DAB\/SAS).<\/p>\n\n\n\n<p>A capacita\u00e7\u00e3o ser\u00e1 dividida em duas etapas:<\/p>\n\n\n\n<ul>\n<li>Primeira etapa: Ensino a dist\u00e2ncia (EAD), com 75 horas de carga hor\u00e1ria, distribu\u00eddas em cinco m\u00f3dulos sequenciais.<\/li>\n\n\n\n<li>Segunda etapa: Aulas presenciais em Teresina, nos dias 20 e 21 de junho, com carga hor\u00e1ria de 5 horas.<\/li>\n<\/ul>\n\n\n\n<p>Foram disponibilizadas 150 vagas para profissionais piauienses.<\/p>\n\n\n\n<p>A auriculoterapia \u00e9 uma t\u00e9cnica terap\u00eautica baseada na estimula\u00e7\u00e3o de pontos espec\u00edficos da orelha, geralmente por meio de sementes vegetais esf\u00e9ricas aderidas \u00e0 pele, sendo associada \u00e0 medicina tradicional chinesa.<\/p>\n\n\n\n<p>Mais informa\u00e7\u00f5es:<br>Contato: (86) 99413-6781 \u2013 Claudenice Santos, t\u00e9cnica da GAPS\/SESAPI.<\/p>\n\n\n\n<p><\/p>\n","protected":false},"excerpt":{"rendered":"<p>A Secretaria de Estado da Sa\u00fade (Sesapi), em parceria com a Universidade Federal de Santa Catarina, realizar\u00e1 um curso de forma\u00e7\u00e3o em Auriculoterapia voltado para profissionais da Aten\u00e7\u00e3o Prim\u00e1ria \u00e0 [&hellip;]<\/p>\n","protected":false},"author":1815,"featured_media":2922,"comment_status":"closed","ping_status":"closed","sticky":false,"template":"","format":"standard","meta":[],"categories":[30],"tags":[43,36],"featured_image_urls":{"full":["https:\/\/portal.pi.gov.br\/sesapi\/wp-content\/uploads\/sites\/101\/2025\/03\/WhatsApp-Image-2025-03-10-at-09.34.19.jpeg",1080,1080,false],"thumbnail":["https:\/\/portal.pi.gov.br\/sesapi\/wp-content\/uploads\/sites\/101\/2025\/03\/WhatsApp-Image-2025-03-10-at-09.34.19-150x150.jpeg",150,150,true],"medium":["https:\/\/portal.pi.gov.br\/sesapi\/wp-content\/uploads\/sites\/101\/2025\/03\/WhatsApp-Image-2025-03-10-at-09.34.19-300x300.jpeg",300,300,true],"medium_large":["https:\/\/portal.pi.gov.br\/sesapi\/wp-content\/uploads\/sites\/101\/2025\/03\/WhatsApp-Image-2025-03-10-at-09.34.19-768x768.jpeg",768,768,true],"large":["https:\/\/portal.pi.gov.br\/sesapi\/wp-content\/uploads\/sites\/101\/2025\/03\/WhatsApp-Image-2025-03-10-at-09.34.19-1024x1024.jpeg",887,887,true],"sgg-420":["https:\/\/portal.pi.gov.br\/sesapi\/wp-content\/uploads\/sites\/101\/2025\/03\/WhatsApp-Image-2025-03-10-at-09.34.19-420x420.jpeg",420,420,true],"sgg-540":["https:\/\/portal.pi.gov.br\/sesapi\/wp-content\/uploads\/sites\/101\/2025\/03\/WhatsApp-Image-2025-03-10-at-09.34.19-540x540.jpeg",540,540,true],"sgg-780":["https:\/\/portal.pi.gov.br\/sesapi\/wp-content\/uploads\/sites\/101\/2025\/03\/WhatsApp-Image-2025-03-10-at-09.34.19-780x780.jpeg",780,780,true],"1536x1536":["https:\/\/portal.pi.gov.br\/sesapi\/wp-content\/uploads\/sites\/101\/2025\/03\/WhatsApp-Image-2025-03-10-at-09.34.19.jpeg",1080,1080,false],"2048x2048":["https:\/\/portal.pi.gov.br\/sesapi\/wp-content\/uploads\/sites\/101\/2025\/03\/WhatsApp-Image-2025-03-10-at-09.34.19.jpeg",1080,1080,false],"homepage-slider":["https:\/\/portal.pi.gov.br\/sesapi\/wp-content\/uploads\/sites\/101\/2025\/03\/WhatsApp-Image-2025-03-10-at-09.34.19-1080x500.jpeg",1080,500,true],"homepage-slider-small":["https:\/\/portal.pi.gov.br\/sesapi\/wp-content\/uploads\/sites\/101\/2025\/03\/WhatsApp-Image-2025-03-10-at-09.34.19-947x500.jpeg",947,500,true],"page-top":["https:\/\/portal.pi.gov.br\/sesapi\/wp-content\/uploads\/sites\/101\/2025\/03\/WhatsApp-Image-2025-03-10-at-09.34.19-947x947.jpeg",947,947,true],"page-small":["https:\/\/portal.pi.gov.br\/sesapi\/wp-content\/uploads\/sites\/101\/2025\/03\/WhatsApp-Image-2025-03-10-at-09.34.19-624x624.jpeg",624,624,true],"loop-main":["https:\/\/portal.pi.gov.br\/sesapi\/wp-content\/uploads\/sites\/101\/2025\/03\/WhatsApp-Image-2025-03-10-at-09.34.19-365x240.jpeg",365,240,true],"thumb-gallery-widget":["https:\/\/portal.pi.gov.br\/sesapi\/wp-content\/uploads\/sites\/101\/2025\/03\/WhatsApp-Image-2025-03-10-at-09.34.19-84x56.jpeg",84,56,true]},"post_excerpt_stackable":"<p>A Secretaria de Estado da Sa\u00fade (Sesapi), em parceria com a Universidade Federal de Santa Catarina, realizar\u00e1 um curso de forma\u00e7\u00e3o em Auriculoterapia voltado para profissionais da Aten\u00e7\u00e3o Prim\u00e1ria \u00e0 Sa\u00fade. Os interessados podem se inscrever por meio do link http:\/\/bit.ly\/43h0HfA at\u00e9 o dia 27 de mar\u00e7o. Podem participar profissionais de n\u00edvel superior que atuam nas Equipes de Sa\u00fade da Fam\u00edlia, eMulti, Centros de Sa\u00fade, Centros de Aten\u00e7\u00e3o Psicossocial (CAPS), Consult\u00f3rio na Rua, Academia da Sa\u00fade e servi\u00e7os de reabilita\u00e7\u00e3o. O curso \u00e9 resultado de um conv\u00eanio com o Minist\u00e9rio da Sa\u00fade, por meio da Coordena\u00e7\u00e3o Nacional de Pr\u00e1ticas Integrativas&hellip;<\/p>\n","category_list":"<a href=\"https:\/\/portal.pi.gov.br\/sesapi\/category\/noticias\/\" rel=\"category tag\">Not\u00edcias<\/a>","author_info":{"name":"joaomarcelo","url":"https:\/\/portal.pi.gov.br\/sesapi\/author\/joaomarcelo\/"},"comments_num":"0 coment\u00e1rio","featured_image_urls_v2":{"full":["https:\/\/portal.pi.gov.br\/sesapi\/wp-content\/uploads\/sites\/101\/2025\/03\/WhatsApp-Image-2025-03-10-at-09.34.19.jpeg",1080,1080,false],"thumbnail":["https:\/\/portal.pi.gov.br\/sesapi\/wp-content\/uploads\/sites\/101\/2025\/03\/WhatsApp-Image-2025-03-10-at-09.34.19-150x150.jpeg",150,150,true],"medium":["https:\/\/portal.pi.gov.br\/sesapi\/wp-content\/uploads\/sites\/101\/2025\/03\/WhatsApp-Image-2025-03-10-at-09.34.19-300x300.jpeg",300,300,true],"medium_large":["https:\/\/portal.pi.gov.br\/sesapi\/wp-content\/uploads\/sites\/101\/2025\/03\/WhatsApp-Image-2025-03-10-at-09.34.19-768x768.jpeg",768,768,true],"large":["https:\/\/portal.pi.gov.br\/sesapi\/wp-content\/uploads\/sites\/101\/2025\/03\/WhatsApp-Image-2025-03-10-at-09.34.19-1024x1024.jpeg",887,887,true],"sgg-420":["https:\/\/portal.pi.gov.br\/sesapi\/wp-content\/uploads\/sites\/101\/2025\/03\/WhatsApp-Image-2025-03-10-at-09.34.19-420x420.jpeg",420,420,true],"sgg-540":["https:\/\/portal.pi.gov.br\/sesapi\/wp-content\/uploads\/sites\/101\/2025\/03\/WhatsApp-Image-2025-03-10-at-09.34.19-540x540.jpeg",540,540,true],"sgg-780":["https:\/\/portal.pi.gov.br\/sesapi\/wp-content\/uploads\/sites\/101\/2025\/03\/WhatsApp-Image-2025-03-10-at-09.34.19-780x780.jpeg",780,780,true],"1536x1536":["https:\/\/portal.pi.gov.br\/sesapi\/wp-content\/uploads\/sites\/101\/2025\/03\/WhatsApp-Image-2025-03-10-at-09.34.19.jpeg",1080,1080,false],"2048x2048":["https:\/\/portal.pi.gov.br\/sesapi\/wp-content\/uploads\/sites\/101\/2025\/03\/WhatsApp-Image-2025-03-10-at-09.34.19.jpeg",1080,1080,false],"homepage-slider":["https:\/\/portal.pi.gov.br\/sesapi\/wp-content\/uploads\/sites\/101\/2025\/03\/WhatsApp-Image-2025-03-10-at-09.34.19-1080x500.jpeg",1080,500,true],"homepage-slider-small":["https:\/\/portal.pi.gov.br\/sesapi\/wp-content\/uploads\/sites\/101\/2025\/03\/WhatsApp-Image-2025-03-10-at-09.34.19-947x500.jpeg",947,500,true],"page-top":["https:\/\/portal.pi.gov.br\/sesapi\/wp-content\/uploads\/sites\/101\/2025\/03\/WhatsApp-Image-2025-03-10-at-09.34.19-947x947.jpeg",947,947,true],"page-small":["https:\/\/portal.pi.gov.br\/sesapi\/wp-content\/uploads\/sites\/101\/2025\/03\/WhatsApp-Image-2025-03-10-at-09.34.19-624x624.jpeg",624,624,true],"loop-main":["https:\/\/portal.pi.gov.br\/sesapi\/wp-content\/uploads\/sites\/101\/2025\/03\/WhatsApp-Image-2025-03-10-at-09.34.19-365x240.jpeg",365,240,true],"thumb-gallery-widget":["https:\/\/portal.pi.gov.br\/sesapi\/wp-content\/uploads\/sites\/101\/2025\/03\/WhatsApp-Image-2025-03-10-at-09.34.19-84x56.jpeg",84,56,true]},"post_excerpt_stackable_v2":"<p>A Secretaria de Estado da Sa\u00fade (Sesapi), em parceria com a Universidade Federal de Santa Catarina, realizar\u00e1 um curso de forma\u00e7\u00e3o em Auriculoterapia voltado para profissionais da Aten\u00e7\u00e3o Prim\u00e1ria \u00e0 Sa\u00fade. Os interessados podem se inscrever por meio do link http:\/\/bit.ly\/43h0HfA at\u00e9 o dia 27 de mar\u00e7o. Podem participar profissionais de n\u00edvel superior que atuam nas Equipes de Sa\u00fade da Fam\u00edlia, eMulti, Centros de Sa\u00fade, Centros de Aten\u00e7\u00e3o Psicossocial (CAPS), Consult\u00f3rio na Rua, Academia da Sa\u00fade e servi\u00e7os de reabilita\u00e7\u00e3o. O curso \u00e9 resultado de um conv\u00eanio com o Minist\u00e9rio da Sa\u00fade, por meio da Coordena\u00e7\u00e3o Nacional de Pr\u00e1ticas Integrativas&hellip;<\/p>\n","category_list_v2":"<a href=\"https:\/\/portal.pi.gov.br\/sesapi\/category\/noticias\/\" rel=\"category tag\">Not\u00edcias<\/a>","author_info_v2":{"name":"joaomarcelo","url":"https:\/\/portal.pi.gov.br\/sesapi\/author\/joaomarcelo\/"},"comments_num_v2":"0 coment\u00e1rio","jetpack_featured_media_url":"https:\/\/portal.pi.gov.br\/sesapi\/wp-content\/uploads\/sites\/101\/2025\/03\/WhatsApp-Image-2025-03-10-at-09.34.19.jpeg","_links":{"self":[{"href":"https:\/\/portal.pi.gov.br\/sesapi\/wp-json\/wp\/v2\/posts\/2921"}],"collection":[{"href":"https:\/\/portal.pi.gov.br\/sesapi\/wp-json\/wp\/v2\/posts"}],"about":[{"href":"https:\/\/portal.pi.gov.br\/sesapi\/wp-json\/wp\/v2\/types\/post"}],"author":[{"embeddable":true,"href":"https:\/\/portal.pi.gov.br\/sesapi\/wp-json\/wp\/v2\/users\/1815"}],"replies":[{"embeddable":true,"href":"https:\/\/portal.pi.gov.br\/sesapi\/wp-json\/wp\/v2\/comments?post=2921"}],"version-history":[{"count":2,"href":"https:\/\/portal.pi.gov.br\/sesapi\/wp-json\/wp\/v2\/posts\/2921\/revisions"}],"predecessor-version":[{"id":2941,"href":"https:\/\/portal.pi.gov.br\/sesapi\/wp-json\/wp\/v2\/posts\/2921\/revisions\/2941"}],"wp:featuredmedia":[{"embeddable":true,"href":"https:\/\/portal.pi.gov.br\/sesapi\/wp-json\/wp\/v2\/media\/2922"}],"wp:attachment":[{"href":"https:\/\/portal.pi.gov.br\/sesapi\/wp-json\/wp\/v2\/media?parent=2921"}],"wp:term":[{"taxonomy":"category","embeddable":true,"href":"https:\/\/portal.pi.gov.br\/sesapi\/wp-json\/wp\/v2\/categories?post=2921"},{"taxonomy":"post_tag","embeddable":true,"href":"https:\/\/portal.pi.gov.br\/sesapi\/wp-json\/wp\/v2\/tags?post=2921"}],"curies":[{"name":"wp","href":"https:\/\/api.w.org\/{rel}","templated":true}]}}