{"id":3487,"date":"2025-04-11T12:01:50","date_gmt":"2025-04-11T15:01:50","guid":{"rendered":"https:\/\/portal.pi.gov.br\/sesapi\/?p=3487"},"modified":"2025-04-11T12:01:51","modified_gmt":"2025-04-11T15:01:51","slug":"novo-hospital-regional-de-picos-realiza-capacitacao-em-ventilacao-mecanica","status":"publish","type":"post","link":"https:\/\/portal.pi.gov.br\/sesapi\/2025\/04\/11\/novo-hospital-regional-de-picos-realiza-capacitacao-em-ventilacao-mecanica\/","title":{"rendered":"Novo Hospital Regional de Picos realiza capacita\u00e7\u00e3o em ventila\u00e7\u00e3o mec\u00e2nica"},"content":{"rendered":"\n<p><\/p>\n\n\n\n<p>O Novo Hospital Regional de Picos promoveu uma capacita\u00e7\u00e3o em ventila\u00e7\u00e3o mec\u00e2nica para a equipe multiprofissional da unidade. Participaram da a\u00e7\u00e3o enfermeiros, t\u00e9cnicos de enfermagem, fisioterapeutas e m\u00e9dicos que atuam nas Unidades de Interna\u00e7\u00e3o, na Unidade de Terapia Intensiva (UTI) e no Centro Cir\u00fargico do hospital.<\/p>\n\n\n\n<p>A qualifica\u00e7\u00e3o abordou desde os princ\u00edpios b\u00e1sicos at\u00e9 aspectos avan\u00e7ados da monitoriza\u00e7\u00e3o pulmonar. Foram discutidos os procedimentos de admiss\u00e3o de pacientes em ventila\u00e7\u00e3o invasiva, os diferentes modos e par\u00e2metros ventilat\u00f3rios, al\u00e9m da interpreta\u00e7\u00e3o dos sinais cl\u00ednicos dos pacientes \u2014 fator essencial para a adequada escolha da terapia em cada caso.<\/p>\n\n\n\n<figure class=\"wp-block-image size-large\"><img decoding=\"async\" loading=\"lazy\" width=\"1024\" height=\"576\" src=\"https:\/\/portal.pi.gov.br\/sesapi\/wp-content\/uploads\/sites\/101\/2025\/04\/WhatsApp-Image-2025-04-11-at-11.21.45-1024x576.jpeg\" alt=\"\" class=\"wp-image-3488\" srcset=\"https:\/\/portal.pi.gov.br\/sesapi\/wp-content\/uploads\/sites\/101\/2025\/04\/WhatsApp-Image-2025-04-11-at-11.21.45-1024x576.jpeg 1024w, https:\/\/portal.pi.gov.br\/sesapi\/wp-content\/uploads\/sites\/101\/2025\/04\/WhatsApp-Image-2025-04-11-at-11.21.45-300x169.jpeg 300w, https:\/\/portal.pi.gov.br\/sesapi\/wp-content\/uploads\/sites\/101\/2025\/04\/WhatsApp-Image-2025-04-11-at-11.21.45-768x432.jpeg 768w, https:\/\/portal.pi.gov.br\/sesapi\/wp-content\/uploads\/sites\/101\/2025\/04\/WhatsApp-Image-2025-04-11-at-11.21.45-420x236.jpeg 420w, https:\/\/portal.pi.gov.br\/sesapi\/wp-content\/uploads\/sites\/101\/2025\/04\/WhatsApp-Image-2025-04-11-at-11.21.45-540x304.jpeg 540w, https:\/\/portal.pi.gov.br\/sesapi\/wp-content\/uploads\/sites\/101\/2025\/04\/WhatsApp-Image-2025-04-11-at-11.21.45-780x439.jpeg 780w, https:\/\/portal.pi.gov.br\/sesapi\/wp-content\/uploads\/sites\/101\/2025\/04\/WhatsApp-Image-2025-04-11-at-11.21.45-947x533.jpeg 947w, https:\/\/portal.pi.gov.br\/sesapi\/wp-content\/uploads\/sites\/101\/2025\/04\/WhatsApp-Image-2025-04-11-at-11.21.45-624x351.jpeg 624w, https:\/\/portal.pi.gov.br\/sesapi\/wp-content\/uploads\/sites\/101\/2025\/04\/WhatsApp-Image-2025-04-11-at-11.21.45.jpeg 1280w\" sizes=\"(max-width: 1024px) 100vw, 1024px\" \/><\/figure>\n\n\n\n<p>\u201cA iniciativa evidencia o compromisso do hospital com a educa\u00e7\u00e3o continuada e a excel\u00eancia na aplica\u00e7\u00e3o de tecnologias em sa\u00fade&#8221;, destaca Ricardo Barros, fisioterapeuta especialista e ministrante do treinamento.<\/p>\n\n\n\n<p>O treinamento teve como objetivo qualificar, de forma integrada, os profissionais que atuam na assist\u00eancia direta ao paciente, com foco na aplica\u00e7\u00e3o de t\u00e9cnicas e tecnologias de ponta. A a\u00e7\u00e3o refor\u00e7a a seguran\u00e7a no uso dos equipamentos, otimiza protocolos de assist\u00eancia e eleva o padr\u00e3o do cuidado ao paciente cr\u00edtico.<\/p>\n\n\n\n<figure class=\"wp-block-image size-large\"><img decoding=\"async\" loading=\"lazy\" width=\"1024\" height=\"576\" src=\"https:\/\/portal.pi.gov.br\/sesapi\/wp-content\/uploads\/sites\/101\/2025\/04\/WhatsApp-Image-2025-04-11-at-11.21.44-1024x576.jpeg\" alt=\"\" class=\"wp-image-3489\" srcset=\"https:\/\/portal.pi.gov.br\/sesapi\/wp-content\/uploads\/sites\/101\/2025\/04\/WhatsApp-Image-2025-04-11-at-11.21.44-1024x576.jpeg 1024w, https:\/\/portal.pi.gov.br\/sesapi\/wp-content\/uploads\/sites\/101\/2025\/04\/WhatsApp-Image-2025-04-11-at-11.21.44-300x169.jpeg 300w, https:\/\/portal.pi.gov.br\/sesapi\/wp-content\/uploads\/sites\/101\/2025\/04\/WhatsApp-Image-2025-04-11-at-11.21.44-768x432.jpeg 768w, https:\/\/portal.pi.gov.br\/sesapi\/wp-content\/uploads\/sites\/101\/2025\/04\/WhatsApp-Image-2025-04-11-at-11.21.44-420x236.jpeg 420w, https:\/\/portal.pi.gov.br\/sesapi\/wp-content\/uploads\/sites\/101\/2025\/04\/WhatsApp-Image-2025-04-11-at-11.21.44-540x304.jpeg 540w, https:\/\/portal.pi.gov.br\/sesapi\/wp-content\/uploads\/sites\/101\/2025\/04\/WhatsApp-Image-2025-04-11-at-11.21.44-780x439.jpeg 780w, https:\/\/portal.pi.gov.br\/sesapi\/wp-content\/uploads\/sites\/101\/2025\/04\/WhatsApp-Image-2025-04-11-at-11.21.44-947x533.jpeg 947w, https:\/\/portal.pi.gov.br\/sesapi\/wp-content\/uploads\/sites\/101\/2025\/04\/WhatsApp-Image-2025-04-11-at-11.21.44-624x351.jpeg 624w, https:\/\/portal.pi.gov.br\/sesapi\/wp-content\/uploads\/sites\/101\/2025\/04\/WhatsApp-Image-2025-04-11-at-11.21.44.jpeg 1280w\" sizes=\"(max-width: 1024px) 100vw, 1024px\" \/><\/figure>\n\n\n\n<p>\u201cNo contexto dos equipamentos de ventila\u00e7\u00e3o pulmonar, essa capacita\u00e7\u00e3o se torna ainda mais essencial, pois impacta diretamente na efic\u00e1cia do suporte respirat\u00f3rio e na tomada de decis\u00f5es da equipe assistencial\u201d, explica Maur\u00edcio Hokama, engenheiro cl\u00ednico do NHRP.<\/p>\n\n\n\n<p>Este foi o segundo treinamento sobre ventila\u00e7\u00e3o pulmonar realizado pela institui\u00e7\u00e3o. \u201cNosso objetivo \u00e9 garantir que cada profissional tenha acesso \u00e0s melhores pr\u00e1ticas e recursos, assegurando um atendimento mais seguro, eficaz e humano para nossos pacientes. Estamos sempre buscando aprimorar nossos servi\u00e7os e fortalecer parcerias que nos ajudem a oferecer um cuidado cada vez mais completo e resolutivo\u201d, afirma Sauma Guimar\u00e3es, coordenadora administrativa do Novo Hospital Regional de Picos, que \u00e9 administrado pela Sociedade Brasileira Caminho de Damasco (SBCD), em parceria com o Governo do Piau\u00ed e a Secretaria de Estado da Sa\u00fade (Sesapi).<\/p>\n","protected":false},"excerpt":{"rendered":"<p>O Novo Hospital Regional de Picos promoveu uma capacita\u00e7\u00e3o em ventila\u00e7\u00e3o mec\u00e2nica para a equipe multiprofissional da unidade. Participaram da a\u00e7\u00e3o enfermeiros, t\u00e9cnicos de enfermagem, fisioterapeutas e m\u00e9dicos que atuam [&hellip;]<\/p>\n","protected":false},"author":1815,"featured_media":3490,"comment_status":"closed","ping_status":"closed","sticky":false,"template":"","format":"standard","meta":[],"categories":[30],"tags":[73,81,43,36],"featured_image_urls":{"full":["https:\/\/portal.pi.gov.br\/sesapi\/wp-content\/uploads\/sites\/101\/2025\/04\/WhatsApp-Image-2025-04-11-at-11.21.44-1.jpeg",1280,720,false],"thumbnail":["https:\/\/portal.pi.gov.br\/sesapi\/wp-content\/uploads\/sites\/101\/2025\/04\/WhatsApp-Image-2025-04-11-at-11.21.44-1-150x150.jpeg",150,150,true],"medium":["https:\/\/portal.pi.gov.br\/sesapi\/wp-content\/uploads\/sites\/101\/2025\/04\/WhatsApp-Image-2025-04-11-at-11.21.44-1-300x169.jpeg",300,169,true],"medium_large":["https:\/\/portal.pi.gov.br\/sesapi\/wp-content\/uploads\/sites\/101\/2025\/04\/WhatsApp-Image-2025-04-11-at-11.21.44-1-768x432.jpeg",768,432,true],"large":["https:\/\/portal.pi.gov.br\/sesapi\/wp-content\/uploads\/sites\/101\/2025\/04\/WhatsApp-Image-2025-04-11-at-11.21.44-1-1024x576.jpeg",887,499,true],"sgg-420":["https:\/\/portal.pi.gov.br\/sesapi\/wp-content\/uploads\/sites\/101\/2025\/04\/WhatsApp-Image-2025-04-11-at-11.21.44-1-420x236.jpeg",420,236,true],"sgg-540":["https:\/\/portal.pi.gov.br\/sesapi\/wp-content\/uploads\/sites\/101\/2025\/04\/WhatsApp-Image-2025-04-11-at-11.21.44-1-540x304.jpeg",540,304,true],"sgg-780":["https:\/\/portal.pi.gov.br\/sesapi\/wp-content\/uploads\/sites\/101\/2025\/04\/WhatsApp-Image-2025-04-11-at-11.21.44-1-780x439.jpeg",780,439,true],"1536x1536":["https:\/\/portal.pi.gov.br\/sesapi\/wp-content\/uploads\/sites\/101\/2025\/04\/WhatsApp-Image-2025-04-11-at-11.21.44-1.jpeg",1280,720,false],"2048x2048":["https:\/\/portal.pi.gov.br\/sesapi\/wp-content\/uploads\/sites\/101\/2025\/04\/WhatsApp-Image-2025-04-11-at-11.21.44-1.jpeg",1280,720,false],"homepage-slider":["https:\/\/portal.pi.gov.br\/sesapi\/wp-content\/uploads\/sites\/101\/2025\/04\/WhatsApp-Image-2025-04-11-at-11.21.44-1-1270x500.jpeg",1270,500,true],"homepage-slider-small":["https:\/\/portal.pi.gov.br\/sesapi\/wp-content\/uploads\/sites\/101\/2025\/04\/WhatsApp-Image-2025-04-11-at-11.21.44-1-947x500.jpeg",947,500,true],"page-top":["https:\/\/portal.pi.gov.br\/sesapi\/wp-content\/uploads\/sites\/101\/2025\/04\/WhatsApp-Image-2025-04-11-at-11.21.44-1-947x533.jpeg",947,533,true],"page-small":["https:\/\/portal.pi.gov.br\/sesapi\/wp-content\/uploads\/sites\/101\/2025\/04\/WhatsApp-Image-2025-04-11-at-11.21.44-1-624x351.jpeg",624,351,true],"loop-main":["https:\/\/portal.pi.gov.br\/sesapi\/wp-content\/uploads\/sites\/101\/2025\/04\/WhatsApp-Image-2025-04-11-at-11.21.44-1-365x240.jpeg",365,240,true],"thumb-gallery-widget":["https:\/\/portal.pi.gov.br\/sesapi\/wp-content\/uploads\/sites\/101\/2025\/04\/WhatsApp-Image-2025-04-11-at-11.21.44-1-84x56.jpeg",84,56,true]},"post_excerpt_stackable":"<p>O Novo Hospital Regional de Picos promoveu uma capacita\u00e7\u00e3o em ventila\u00e7\u00e3o mec\u00e2nica para a equipe multiprofissional da unidade. Participaram da a\u00e7\u00e3o enfermeiros, t\u00e9cnicos de enfermagem, fisioterapeutas e m\u00e9dicos que atuam nas Unidades de Interna\u00e7\u00e3o, na Unidade de Terapia Intensiva (UTI) e no Centro Cir\u00fargico do hospital. A qualifica\u00e7\u00e3o abordou desde os princ\u00edpios b\u00e1sicos at\u00e9 aspectos avan\u00e7ados da monitoriza\u00e7\u00e3o pulmonar. Foram discutidos os procedimentos de admiss\u00e3o de pacientes em ventila\u00e7\u00e3o invasiva, os diferentes modos e par\u00e2metros ventilat\u00f3rios, al\u00e9m da interpreta\u00e7\u00e3o dos sinais cl\u00ednicos dos pacientes \u2014 fator essencial para a adequada escolha da terapia em cada caso. \u201cA iniciativa evidencia o&hellip;<\/p>\n","category_list":"<a href=\"https:\/\/portal.pi.gov.br\/sesapi\/category\/noticias\/\" rel=\"category tag\">Not\u00edcias<\/a>","author_info":{"name":"joaomarcelo","url":"https:\/\/portal.pi.gov.br\/sesapi\/author\/joaomarcelo\/"},"comments_num":"0 coment\u00e1rio","featured_image_urls_v2":{"full":["https:\/\/portal.pi.gov.br\/sesapi\/wp-content\/uploads\/sites\/101\/2025\/04\/WhatsApp-Image-2025-04-11-at-11.21.44-1.jpeg",1280,720,false],"thumbnail":["https:\/\/portal.pi.gov.br\/sesapi\/wp-content\/uploads\/sites\/101\/2025\/04\/WhatsApp-Image-2025-04-11-at-11.21.44-1-150x150.jpeg",150,150,true],"medium":["https:\/\/portal.pi.gov.br\/sesapi\/wp-content\/uploads\/sites\/101\/2025\/04\/WhatsApp-Image-2025-04-11-at-11.21.44-1-300x169.jpeg",300,169,true],"medium_large":["https:\/\/portal.pi.gov.br\/sesapi\/wp-content\/uploads\/sites\/101\/2025\/04\/WhatsApp-Image-2025-04-11-at-11.21.44-1-768x432.jpeg",768,432,true],"large":["https:\/\/portal.pi.gov.br\/sesapi\/wp-content\/uploads\/sites\/101\/2025\/04\/WhatsApp-Image-2025-04-11-at-11.21.44-1-1024x576.jpeg",887,499,true],"sgg-420":["https:\/\/portal.pi.gov.br\/sesapi\/wp-content\/uploads\/sites\/101\/2025\/04\/WhatsApp-Image-2025-04-11-at-11.21.44-1-420x236.jpeg",420,236,true],"sgg-540":["https:\/\/portal.pi.gov.br\/sesapi\/wp-content\/uploads\/sites\/101\/2025\/04\/WhatsApp-Image-2025-04-11-at-11.21.44-1-540x304.jpeg",540,304,true],"sgg-780":["https:\/\/portal.pi.gov.br\/sesapi\/wp-content\/uploads\/sites\/101\/2025\/04\/WhatsApp-Image-2025-04-11-at-11.21.44-1-780x439.jpeg",780,439,true],"1536x1536":["https:\/\/portal.pi.gov.br\/sesapi\/wp-content\/uploads\/sites\/101\/2025\/04\/WhatsApp-Image-2025-04-11-at-11.21.44-1.jpeg",1280,720,false],"2048x2048":["https:\/\/portal.pi.gov.br\/sesapi\/wp-content\/uploads\/sites\/101\/2025\/04\/WhatsApp-Image-2025-04-11-at-11.21.44-1.jpeg",1280,720,false],"homepage-slider":["https:\/\/portal.pi.gov.br\/sesapi\/wp-content\/uploads\/sites\/101\/2025\/04\/WhatsApp-Image-2025-04-11-at-11.21.44-1-1270x500.jpeg",1270,500,true],"homepage-slider-small":["https:\/\/portal.pi.gov.br\/sesapi\/wp-content\/uploads\/sites\/101\/2025\/04\/WhatsApp-Image-2025-04-11-at-11.21.44-1-947x500.jpeg",947,500,true],"page-top":["https:\/\/portal.pi.gov.br\/sesapi\/wp-content\/uploads\/sites\/101\/2025\/04\/WhatsApp-Image-2025-04-11-at-11.21.44-1-947x533.jpeg",947,533,true],"page-small":["https:\/\/portal.pi.gov.br\/sesapi\/wp-content\/uploads\/sites\/101\/2025\/04\/WhatsApp-Image-2025-04-11-at-11.21.44-1-624x351.jpeg",624,351,true],"loop-main":["https:\/\/portal.pi.gov.br\/sesapi\/wp-content\/uploads\/sites\/101\/2025\/04\/WhatsApp-Image-2025-04-11-at-11.21.44-1-365x240.jpeg",365,240,true],"thumb-gallery-widget":["https:\/\/portal.pi.gov.br\/sesapi\/wp-content\/uploads\/sites\/101\/2025\/04\/WhatsApp-Image-2025-04-11-at-11.21.44-1-84x56.jpeg",84,56,true]},"post_excerpt_stackable_v2":"<p>O Novo Hospital Regional de Picos promoveu uma capacita\u00e7\u00e3o em ventila\u00e7\u00e3o mec\u00e2nica para a equipe multiprofissional da unidade. Participaram da a\u00e7\u00e3o enfermeiros, t\u00e9cnicos de enfermagem, fisioterapeutas e m\u00e9dicos que atuam nas Unidades de Interna\u00e7\u00e3o, na Unidade de Terapia Intensiva (UTI) e no Centro Cir\u00fargico do hospital. A qualifica\u00e7\u00e3o abordou desde os princ\u00edpios b\u00e1sicos at\u00e9 aspectos avan\u00e7ados da monitoriza\u00e7\u00e3o pulmonar. Foram discutidos os procedimentos de admiss\u00e3o de pacientes em ventila\u00e7\u00e3o invasiva, os diferentes modos e par\u00e2metros ventilat\u00f3rios, al\u00e9m da interpreta\u00e7\u00e3o dos sinais cl\u00ednicos dos pacientes \u2014 fator essencial para a adequada escolha da terapia em cada caso. \u201cA iniciativa evidencia o&hellip;<\/p>\n","category_list_v2":"<a href=\"https:\/\/portal.pi.gov.br\/sesapi\/category\/noticias\/\" rel=\"category tag\">Not\u00edcias<\/a>","author_info_v2":{"name":"joaomarcelo","url":"https:\/\/portal.pi.gov.br\/sesapi\/author\/joaomarcelo\/"},"comments_num_v2":"0 coment\u00e1rio","jetpack_featured_media_url":"https:\/\/portal.pi.gov.br\/sesapi\/wp-content\/uploads\/sites\/101\/2025\/04\/WhatsApp-Image-2025-04-11-at-11.21.44-1.jpeg","_links":{"self":[{"href":"https:\/\/portal.pi.gov.br\/sesapi\/wp-json\/wp\/v2\/posts\/3487"}],"collection":[{"href":"https:\/\/portal.pi.gov.br\/sesapi\/wp-json\/wp\/v2\/posts"}],"about":[{"href":"https:\/\/portal.pi.gov.br\/sesapi\/wp-json\/wp\/v2\/types\/post"}],"author":[{"embeddable":true,"href":"https:\/\/portal.pi.gov.br\/sesapi\/wp-json\/wp\/v2\/users\/1815"}],"replies":[{"embeddable":true,"href":"https:\/\/portal.pi.gov.br\/sesapi\/wp-json\/wp\/v2\/comments?post=3487"}],"version-history":[{"count":1,"href":"https:\/\/portal.pi.gov.br\/sesapi\/wp-json\/wp\/v2\/posts\/3487\/revisions"}],"predecessor-version":[{"id":3494,"href":"https:\/\/portal.pi.gov.br\/sesapi\/wp-json\/wp\/v2\/posts\/3487\/revisions\/3494"}],"wp:featuredmedia":[{"embeddable":true,"href":"https:\/\/portal.pi.gov.br\/sesapi\/wp-json\/wp\/v2\/media\/3490"}],"wp:attachment":[{"href":"https:\/\/portal.pi.gov.br\/sesapi\/wp-json\/wp\/v2\/media?parent=3487"}],"wp:term":[{"taxonomy":"category","embeddable":true,"href":"https:\/\/portal.pi.gov.br\/sesapi\/wp-json\/wp\/v2\/categories?post=3487"},{"taxonomy":"post_tag","embeddable":true,"href":"https:\/\/portal.pi.gov.br\/sesapi\/wp-json\/wp\/v2\/tags?post=3487"}],"curies":[{"name":"wp","href":"https:\/\/api.w.org\/{rel}","templated":true}]}}