{"id":3570,"date":"2025-04-15T15:56:30","date_gmt":"2025-04-15T18:56:30","guid":{"rendered":"https:\/\/portal.pi.gov.br\/sesapi\/?p=3570"},"modified":"2025-04-15T15:56:30","modified_gmt":"2025-04-15T18:56:30","slug":"heda-adota-protocolo-de-higiene-oral-para-pacientes-em-estado-critico","status":"publish","type":"post","link":"https:\/\/portal.pi.gov.br\/sesapi\/2025\/04\/15\/heda-adota-protocolo-de-higiene-oral-para-pacientes-em-estado-critico\/","title":{"rendered":"HEDA adota protocolo de higiene oral para pacientes em estado cr\u00edtico"},"content":{"rendered":"\n<p><\/p>\n\n\n\n<p>Por: Ascom HEDA<\/p>\n\n\n\n<p><\/p>\n\n\n\n<p>O Hospital Estadual Dirceu Arcoverde (HEDA), deu in\u00edcio \u00e0 implementa\u00e7\u00e3o de um protocolo espec\u00edfico de higiene oral voltado para pacientes cr\u00edticos internados em Unidades de Terapia Intensiva (UTIs). A medida, que tamb\u00e9m est\u00e1 sendo aplicada no Anexo II \u2013 Hospital Nossa Senhora de F\u00e1tima (HNSF), tem como objetivo qualificar a assist\u00eancia prestada a pessoas em estado grave.<\/p>\n\n\n\n<p>Voltado especialmente para pacientes que fazem uso de ventila\u00e7\u00e3o mec\u00e2nica ou n\u00e3o conseguem realizar sua higiene de forma aut\u00f4noma, o protocolo prev\u00ea uma rotina padronizada de cuidados odontol\u00f3gicos realizados pela equipe de Enfermagem. O treinamento, que contemplou tanto aspectos te\u00f3ricos quanto pr\u00e1ticos, foi ministrado com base em diretrizes de melhores pr\u00e1ticas hospitalares.<\/p>\n\n\n\n<p>\u201cA higiene oral \u00e9 frequentemente negligenciada no ambiente hospitalar, mas sua aus\u00eancia pode aumentar consideravelmente o risco de infec\u00e7\u00f5es, como a pneumonia associada \u00e0 ventila\u00e7\u00e3o mec\u00e2nica (PAV) \u2013 uma das principais causas de complica\u00e7\u00f5es em UTIs\u201d, explica o cirurgi\u00e3o-dentista Mauro de C\u00e1ssio, que atua na unidade. Segundo ele, a iniciativa representa um avan\u00e7o importante para a seguran\u00e7a do paciente e para a consolida\u00e7\u00e3o de uma cultura de cuidado integral.<\/p>\n\n\n\n<figure class=\"wp-block-image size-full\"><img decoding=\"async\" loading=\"lazy\" width=\"960\" height=\"699\" src=\"https:\/\/portal.pi.gov.br\/sesapi\/wp-content\/uploads\/sites\/101\/2025\/04\/22ca6b65-c7e6-44d2-8459-dc2e265a4783.jpg\" alt=\"\" class=\"wp-image-3572\" srcset=\"https:\/\/portal.pi.gov.br\/sesapi\/wp-content\/uploads\/sites\/101\/2025\/04\/22ca6b65-c7e6-44d2-8459-dc2e265a4783.jpg 960w, https:\/\/portal.pi.gov.br\/sesapi\/wp-content\/uploads\/sites\/101\/2025\/04\/22ca6b65-c7e6-44d2-8459-dc2e265a4783-300x218.jpg 300w, https:\/\/portal.pi.gov.br\/sesapi\/wp-content\/uploads\/sites\/101\/2025\/04\/22ca6b65-c7e6-44d2-8459-dc2e265a4783-768x559.jpg 768w, https:\/\/portal.pi.gov.br\/sesapi\/wp-content\/uploads\/sites\/101\/2025\/04\/22ca6b65-c7e6-44d2-8459-dc2e265a4783-420x306.jpg 420w, https:\/\/portal.pi.gov.br\/sesapi\/wp-content\/uploads\/sites\/101\/2025\/04\/22ca6b65-c7e6-44d2-8459-dc2e265a4783-540x393.jpg 540w, https:\/\/portal.pi.gov.br\/sesapi\/wp-content\/uploads\/sites\/101\/2025\/04\/22ca6b65-c7e6-44d2-8459-dc2e265a4783-780x568.jpg 780w, https:\/\/portal.pi.gov.br\/sesapi\/wp-content\/uploads\/sites\/101\/2025\/04\/22ca6b65-c7e6-44d2-8459-dc2e265a4783-947x690.jpg 947w, https:\/\/portal.pi.gov.br\/sesapi\/wp-content\/uploads\/sites\/101\/2025\/04\/22ca6b65-c7e6-44d2-8459-dc2e265a4783-624x454.jpg 624w\" sizes=\"(max-width: 960px) 100vw, 960px\" \/><\/figure>\n\n\n\n<p>A capacita\u00e7\u00e3o dos profissionais que atuam nas UTIs marca a primeira fase da implementa\u00e7\u00e3o do protocolo. A proposta \u00e9 que a abordagem seja cont\u00ednua e progressiva, com ciclos regulares de treinamento e monitoramento. \u201cNosso foco \u00e9 garantir que a equipe esteja constantemente atualizada, assegurando que os procedimentos sejam executados de forma correta e eficiente\u201d, pontua o especialista.<\/p>\n\n\n\n<p>Para o diretor t\u00e9cnico do HEDA, Dr. Carlos Teixeira, a incorpora\u00e7\u00e3o desse tipo de cuidado ao cotidiano hospitalar representa uma mudan\u00e7a de paradigma. \u201cEstamos promovendo um cuidado mais completo, que valoriza a sa\u00fade bucal como parte do bem-estar geral do paciente. A ideia \u00e9 aprimorar continuamente os processos e oferecer um atendimento cada vez mais qualificado e resolutivo\u201d, afirma.<\/p>\n\n\n\n<p>O protocolo tamb\u00e9m se alinha \u00e0s diretrizes de seguran\u00e7a do paciente recomendadas por institui\u00e7\u00f5es de sa\u00fade nacionais e internacionais. A expectativa \u00e9 que a nova abordagem contribua para a redu\u00e7\u00e3o de complica\u00e7\u00f5es infecciosas e, consequentemente, para a melhoria dos indicadores de recupera\u00e7\u00e3o em terapia intensiva.<\/p>\n","protected":false},"excerpt":{"rendered":"<p>Por: Ascom HEDA O Hospital Estadual Dirceu Arcoverde (HEDA), deu in\u00edcio \u00e0 implementa\u00e7\u00e3o de um protocolo espec\u00edfico de higiene oral voltado para pacientes cr\u00edticos internados em Unidades de Terapia Intensiva [&hellip;]<\/p>\n","protected":false},"author":1814,"featured_media":3573,"comment_status":"closed","ping_status":"closed","sticky":false,"template":"","format":"standard","meta":[],"categories":[30],"tags":[36],"featured_image_urls":{"full":["https:\/\/portal.pi.gov.br\/sesapi\/wp-content\/uploads\/sites\/101\/2025\/04\/b7b40264-5c89-4e66-a18b-7e2bf7f8ddf0.jpg",960,757,false],"thumbnail":["https:\/\/portal.pi.gov.br\/sesapi\/wp-content\/uploads\/sites\/101\/2025\/04\/b7b40264-5c89-4e66-a18b-7e2bf7f8ddf0-150x150.jpg",150,150,true],"medium":["https:\/\/portal.pi.gov.br\/sesapi\/wp-content\/uploads\/sites\/101\/2025\/04\/b7b40264-5c89-4e66-a18b-7e2bf7f8ddf0-300x237.jpg",300,237,true],"medium_large":["https:\/\/portal.pi.gov.br\/sesapi\/wp-content\/uploads\/sites\/101\/2025\/04\/b7b40264-5c89-4e66-a18b-7e2bf7f8ddf0-768x606.jpg",768,606,true],"large":["https:\/\/portal.pi.gov.br\/sesapi\/wp-content\/uploads\/sites\/101\/2025\/04\/b7b40264-5c89-4e66-a18b-7e2bf7f8ddf0.jpg",887,699,false],"sgg-420":["https:\/\/portal.pi.gov.br\/sesapi\/wp-content\/uploads\/sites\/101\/2025\/04\/b7b40264-5c89-4e66-a18b-7e2bf7f8ddf0-420x331.jpg",420,331,true],"sgg-540":["https:\/\/portal.pi.gov.br\/sesapi\/wp-content\/uploads\/sites\/101\/2025\/04\/b7b40264-5c89-4e66-a18b-7e2bf7f8ddf0-540x426.jpg",540,426,true],"sgg-780":["https:\/\/portal.pi.gov.br\/sesapi\/wp-content\/uploads\/sites\/101\/2025\/04\/b7b40264-5c89-4e66-a18b-7e2bf7f8ddf0-780x615.jpg",780,615,true],"1536x1536":["https:\/\/portal.pi.gov.br\/sesapi\/wp-content\/uploads\/sites\/101\/2025\/04\/b7b40264-5c89-4e66-a18b-7e2bf7f8ddf0.jpg",960,757,false],"2048x2048":["https:\/\/portal.pi.gov.br\/sesapi\/wp-content\/uploads\/sites\/101\/2025\/04\/b7b40264-5c89-4e66-a18b-7e2bf7f8ddf0.jpg",960,757,false],"homepage-slider":["https:\/\/portal.pi.gov.br\/sesapi\/wp-content\/uploads\/sites\/101\/2025\/04\/b7b40264-5c89-4e66-a18b-7e2bf7f8ddf0-960x500.jpg",960,500,true],"homepage-slider-small":["https:\/\/portal.pi.gov.br\/sesapi\/wp-content\/uploads\/sites\/101\/2025\/04\/b7b40264-5c89-4e66-a18b-7e2bf7f8ddf0-947x500.jpg",947,500,true],"page-top":["https:\/\/portal.pi.gov.br\/sesapi\/wp-content\/uploads\/sites\/101\/2025\/04\/b7b40264-5c89-4e66-a18b-7e2bf7f8ddf0-947x747.jpg",947,747,true],"page-small":["https:\/\/portal.pi.gov.br\/sesapi\/wp-content\/uploads\/sites\/101\/2025\/04\/b7b40264-5c89-4e66-a18b-7e2bf7f8ddf0-624x492.jpg",624,492,true],"loop-main":["https:\/\/portal.pi.gov.br\/sesapi\/wp-content\/uploads\/sites\/101\/2025\/04\/b7b40264-5c89-4e66-a18b-7e2bf7f8ddf0-365x240.jpg",365,240,true],"thumb-gallery-widget":["https:\/\/portal.pi.gov.br\/sesapi\/wp-content\/uploads\/sites\/101\/2025\/04\/b7b40264-5c89-4e66-a18b-7e2bf7f8ddf0-84x56.jpg",84,56,true]},"post_excerpt_stackable":"<p>Por: Ascom HEDA O Hospital Estadual Dirceu Arcoverde (HEDA), deu in\u00edcio \u00e0 implementa\u00e7\u00e3o de um protocolo espec\u00edfico de higiene oral voltado para pacientes cr\u00edticos internados em Unidades de Terapia Intensiva (UTIs). A medida, que tamb\u00e9m est\u00e1 sendo aplicada no Anexo II \u2013 Hospital Nossa Senhora de F\u00e1tima (HNSF), tem como objetivo qualificar a assist\u00eancia prestada a pessoas em estado grave. Voltado especialmente para pacientes que fazem uso de ventila\u00e7\u00e3o mec\u00e2nica ou n\u00e3o conseguem realizar sua higiene de forma aut\u00f4noma, o protocolo prev\u00ea uma rotina padronizada de cuidados odontol\u00f3gicos realizados pela equipe de Enfermagem. O treinamento, que contemplou tanto aspectos te\u00f3ricos&hellip;<\/p>\n","category_list":"<a href=\"https:\/\/portal.pi.gov.br\/sesapi\/category\/noticias\/\" rel=\"category tag\">Not\u00edcias<\/a>","author_info":{"name":"elisangelapegado","url":"https:\/\/portal.pi.gov.br\/sesapi\/author\/elisangelapegado\/"},"comments_num":"0 coment\u00e1rio","featured_image_urls_v2":{"full":["https:\/\/portal.pi.gov.br\/sesapi\/wp-content\/uploads\/sites\/101\/2025\/04\/b7b40264-5c89-4e66-a18b-7e2bf7f8ddf0.jpg",960,757,false],"thumbnail":["https:\/\/portal.pi.gov.br\/sesapi\/wp-content\/uploads\/sites\/101\/2025\/04\/b7b40264-5c89-4e66-a18b-7e2bf7f8ddf0-150x150.jpg",150,150,true],"medium":["https:\/\/portal.pi.gov.br\/sesapi\/wp-content\/uploads\/sites\/101\/2025\/04\/b7b40264-5c89-4e66-a18b-7e2bf7f8ddf0-300x237.jpg",300,237,true],"medium_large":["https:\/\/portal.pi.gov.br\/sesapi\/wp-content\/uploads\/sites\/101\/2025\/04\/b7b40264-5c89-4e66-a18b-7e2bf7f8ddf0-768x606.jpg",768,606,true],"large":["https:\/\/portal.pi.gov.br\/sesapi\/wp-content\/uploads\/sites\/101\/2025\/04\/b7b40264-5c89-4e66-a18b-7e2bf7f8ddf0.jpg",887,699,false],"sgg-420":["https:\/\/portal.pi.gov.br\/sesapi\/wp-content\/uploads\/sites\/101\/2025\/04\/b7b40264-5c89-4e66-a18b-7e2bf7f8ddf0-420x331.jpg",420,331,true],"sgg-540":["https:\/\/portal.pi.gov.br\/sesapi\/wp-content\/uploads\/sites\/101\/2025\/04\/b7b40264-5c89-4e66-a18b-7e2bf7f8ddf0-540x426.jpg",540,426,true],"sgg-780":["https:\/\/portal.pi.gov.br\/sesapi\/wp-content\/uploads\/sites\/101\/2025\/04\/b7b40264-5c89-4e66-a18b-7e2bf7f8ddf0-780x615.jpg",780,615,true],"1536x1536":["https:\/\/portal.pi.gov.br\/sesapi\/wp-content\/uploads\/sites\/101\/2025\/04\/b7b40264-5c89-4e66-a18b-7e2bf7f8ddf0.jpg",960,757,false],"2048x2048":["https:\/\/portal.pi.gov.br\/sesapi\/wp-content\/uploads\/sites\/101\/2025\/04\/b7b40264-5c89-4e66-a18b-7e2bf7f8ddf0.jpg",960,757,false],"homepage-slider":["https:\/\/portal.pi.gov.br\/sesapi\/wp-content\/uploads\/sites\/101\/2025\/04\/b7b40264-5c89-4e66-a18b-7e2bf7f8ddf0-960x500.jpg",960,500,true],"homepage-slider-small":["https:\/\/portal.pi.gov.br\/sesapi\/wp-content\/uploads\/sites\/101\/2025\/04\/b7b40264-5c89-4e66-a18b-7e2bf7f8ddf0-947x500.jpg",947,500,true],"page-top":["https:\/\/portal.pi.gov.br\/sesapi\/wp-content\/uploads\/sites\/101\/2025\/04\/b7b40264-5c89-4e66-a18b-7e2bf7f8ddf0-947x747.jpg",947,747,true],"page-small":["https:\/\/portal.pi.gov.br\/sesapi\/wp-content\/uploads\/sites\/101\/2025\/04\/b7b40264-5c89-4e66-a18b-7e2bf7f8ddf0-624x492.jpg",624,492,true],"loop-main":["https:\/\/portal.pi.gov.br\/sesapi\/wp-content\/uploads\/sites\/101\/2025\/04\/b7b40264-5c89-4e66-a18b-7e2bf7f8ddf0-365x240.jpg",365,240,true],"thumb-gallery-widget":["https:\/\/portal.pi.gov.br\/sesapi\/wp-content\/uploads\/sites\/101\/2025\/04\/b7b40264-5c89-4e66-a18b-7e2bf7f8ddf0-84x56.jpg",84,56,true]},"post_excerpt_stackable_v2":"<p>Por: Ascom HEDA O Hospital Estadual Dirceu Arcoverde (HEDA), deu in\u00edcio \u00e0 implementa\u00e7\u00e3o de um protocolo espec\u00edfico de higiene oral voltado para pacientes cr\u00edticos internados em Unidades de Terapia Intensiva (UTIs). A medida, que tamb\u00e9m est\u00e1 sendo aplicada no Anexo II \u2013 Hospital Nossa Senhora de F\u00e1tima (HNSF), tem como objetivo qualificar a assist\u00eancia prestada a pessoas em estado grave. Voltado especialmente para pacientes que fazem uso de ventila\u00e7\u00e3o mec\u00e2nica ou n\u00e3o conseguem realizar sua higiene de forma aut\u00f4noma, o protocolo prev\u00ea uma rotina padronizada de cuidados odontol\u00f3gicos realizados pela equipe de Enfermagem. O treinamento, que contemplou tanto aspectos te\u00f3ricos&hellip;<\/p>\n","category_list_v2":"<a href=\"https:\/\/portal.pi.gov.br\/sesapi\/category\/noticias\/\" rel=\"category tag\">Not\u00edcias<\/a>","author_info_v2":{"name":"elisangelapegado","url":"https:\/\/portal.pi.gov.br\/sesapi\/author\/elisangelapegado\/"},"comments_num_v2":"0 coment\u00e1rio","jetpack_featured_media_url":"https:\/\/portal.pi.gov.br\/sesapi\/wp-content\/uploads\/sites\/101\/2025\/04\/b7b40264-5c89-4e66-a18b-7e2bf7f8ddf0.jpg","_links":{"self":[{"href":"https:\/\/portal.pi.gov.br\/sesapi\/wp-json\/wp\/v2\/posts\/3570"}],"collection":[{"href":"https:\/\/portal.pi.gov.br\/sesapi\/wp-json\/wp\/v2\/posts"}],"about":[{"href":"https:\/\/portal.pi.gov.br\/sesapi\/wp-json\/wp\/v2\/types\/post"}],"author":[{"embeddable":true,"href":"https:\/\/portal.pi.gov.br\/sesapi\/wp-json\/wp\/v2\/users\/1814"}],"replies":[{"embeddable":true,"href":"https:\/\/portal.pi.gov.br\/sesapi\/wp-json\/wp\/v2\/comments?post=3570"}],"version-history":[{"count":1,"href":"https:\/\/portal.pi.gov.br\/sesapi\/wp-json\/wp\/v2\/posts\/3570\/revisions"}],"predecessor-version":[{"id":3574,"href":"https:\/\/portal.pi.gov.br\/sesapi\/wp-json\/wp\/v2\/posts\/3570\/revisions\/3574"}],"wp:featuredmedia":[{"embeddable":true,"href":"https:\/\/portal.pi.gov.br\/sesapi\/wp-json\/wp\/v2\/media\/3573"}],"wp:attachment":[{"href":"https:\/\/portal.pi.gov.br\/sesapi\/wp-json\/wp\/v2\/media?parent=3570"}],"wp:term":[{"taxonomy":"category","embeddable":true,"href":"https:\/\/portal.pi.gov.br\/sesapi\/wp-json\/wp\/v2\/categories?post=3570"},{"taxonomy":"post_tag","embeddable":true,"href":"https:\/\/portal.pi.gov.br\/sesapi\/wp-json\/wp\/v2\/tags?post=3570"}],"curies":[{"name":"wp","href":"https:\/\/api.w.org\/{rel}","templated":true}]}}