{"id":4126,"date":"2025-05-20T12:43:39","date_gmt":"2025-05-20T15:43:39","guid":{"rendered":"https:\/\/portal.pi.gov.br\/sesapi\/?p=4126"},"modified":"2025-05-20T12:43:40","modified_gmt":"2025-05-20T15:43:40","slug":"sesapi-inicia-implantacao-do-nucleo-de-vigilancia-epidemiologica-em-esperantina","status":"publish","type":"post","link":"https:\/\/portal.pi.gov.br\/sesapi\/2025\/05\/20\/sesapi-inicia-implantacao-do-nucleo-de-vigilancia-epidemiologica-em-esperantina\/","title":{"rendered":"Sesapi inicia implanta\u00e7\u00e3o do n\u00facleo de vigil\u00e2ncia epidemiol\u00f3gica em Esperantina"},"content":{"rendered":"\n<p><\/p>\n\n\n\n<p>A Secretaria de Estado da Sa\u00fade (Sesapi), por meio da sua coordena\u00e7\u00e3o de epidemiologia, deu in\u00edcio na \u00faltima sexta-feira (16) ao processo de implanta\u00e7\u00e3o do n\u00facleo de vigil\u00e2ncia epidemiol\u00f3gica no munic\u00edpio de Esperantina. O n\u00facleo ser\u00e1 implantado no Hospital Estadual J\u00falio Hartman e \u00e9 mais uma etapa de expans\u00e3o da rede de vigil\u00e2ncia epidemiol\u00f3gica que a Sesapi vem promovendo pelo estado.<\/p>\n\n\n\n<p>O Processo de implanta\u00e7\u00e3o teve in\u00edcio com a reuni\u00e3o dos t\u00e9cnicos da Sesapi juntamente com a equipe de profissionais da unidade hospitalar sobre o funcionamento do n\u00facleo e a import\u00e2ncia da integra\u00e7\u00e3o com as demais \u00e1reas do hospital.<\/p>\n\n\n\n<p>A conclus\u00e3o do processo de implanta\u00e7\u00e3o do n\u00facleo ajudara a vigil\u00e2ncia epidemiol\u00f3gica estadual no processo de capta\u00e7\u00e3o e qualifica\u00e7\u00e3o das informa\u00e7\u00f5es coletadas, agilizando a chegada de dados e o acompanhamento de casos, permitindo que a Sesapi tome decis\u00f5es de forma mais \u00e1gil e apropriadas para cada situa\u00e7\u00e3o epidemiol\u00f3gica.<\/p>\n\n\n\n<p>&#8220;Teremos uma vigil\u00e2ncia mais forte presente no nosso estado, permitindo que a Sesapi esteja apta a uma tomada de decis\u00f5es mais assertiva para as situa\u00e7\u00f5es identificadas pelos nossos n\u00facleos de vigil\u00e2ncia&#8221;, explica a coordenadora de epidemiologia da Sesapi, Am\u00e9lia Costa.<\/p>\n\n\n\n<p>As pr\u00f3ximas etapas da implanta\u00e7\u00e3o seguir\u00e1 com a estrutura\u00e7\u00e3o do n\u00facleo e a capacita\u00e7\u00e3o dos profissionais que atuaram no registro de casos e na vigil\u00e2ncia.<\/p>\n","protected":false},"excerpt":{"rendered":"<p>A Secretaria de Estado da Sa\u00fade (Sesapi), por meio da sua coordena\u00e7\u00e3o de epidemiologia, deu in\u00edcio na \u00faltima sexta-feira (16) ao processo de implanta\u00e7\u00e3o do n\u00facleo de vigil\u00e2ncia epidemiol\u00f3gica no [&hellip;]<\/p>\n","protected":false},"author":1815,"featured_media":4127,"comment_status":"closed","ping_status":"closed","sticky":false,"template":"","format":"standard","meta":[],"categories":[30],"tags":[43,36,212],"featured_image_urls":{"full":["https:\/\/portal.pi.gov.br\/sesapi\/wp-content\/uploads\/sites\/101\/2025\/05\/WhatsApp-Image-2025-05-20-at-11.14.09.jpeg",1486,954,false],"thumbnail":["https:\/\/portal.pi.gov.br\/sesapi\/wp-content\/uploads\/sites\/101\/2025\/05\/WhatsApp-Image-2025-05-20-at-11.14.09-150x150.jpeg",150,150,true],"medium":["https:\/\/portal.pi.gov.br\/sesapi\/wp-content\/uploads\/sites\/101\/2025\/05\/WhatsApp-Image-2025-05-20-at-11.14.09-300x193.jpeg",300,193,true],"medium_large":["https:\/\/portal.pi.gov.br\/sesapi\/wp-content\/uploads\/sites\/101\/2025\/05\/WhatsApp-Image-2025-05-20-at-11.14.09-768x493.jpeg",768,493,true],"large":["https:\/\/portal.pi.gov.br\/sesapi\/wp-content\/uploads\/sites\/101\/2025\/05\/WhatsApp-Image-2025-05-20-at-11.14.09-1024x657.jpeg",887,569,true],"sgg-420":["https:\/\/portal.pi.gov.br\/sesapi\/wp-content\/uploads\/sites\/101\/2025\/05\/WhatsApp-Image-2025-05-20-at-11.14.09-420x270.jpeg",420,270,true],"sgg-540":["https:\/\/portal.pi.gov.br\/sesapi\/wp-content\/uploads\/sites\/101\/2025\/05\/WhatsApp-Image-2025-05-20-at-11.14.09-540x347.jpeg",540,347,true],"sgg-780":["https:\/\/portal.pi.gov.br\/sesapi\/wp-content\/uploads\/sites\/101\/2025\/05\/WhatsApp-Image-2025-05-20-at-11.14.09-780x501.jpeg",780,501,true],"1536x1536":["https:\/\/portal.pi.gov.br\/sesapi\/wp-content\/uploads\/sites\/101\/2025\/05\/WhatsApp-Image-2025-05-20-at-11.14.09.jpeg",1486,954,false],"2048x2048":["https:\/\/portal.pi.gov.br\/sesapi\/wp-content\/uploads\/sites\/101\/2025\/05\/WhatsApp-Image-2025-05-20-at-11.14.09.jpeg",1486,954,false],"homepage-slider":["https:\/\/portal.pi.gov.br\/sesapi\/wp-content\/uploads\/sites\/101\/2025\/05\/WhatsApp-Image-2025-05-20-at-11.14.09-1270x500.jpeg",1270,500,true],"homepage-slider-small":["https:\/\/portal.pi.gov.br\/sesapi\/wp-content\/uploads\/sites\/101\/2025\/05\/WhatsApp-Image-2025-05-20-at-11.14.09-947x500.jpeg",947,500,true],"page-top":["https:\/\/portal.pi.gov.br\/sesapi\/wp-content\/uploads\/sites\/101\/2025\/05\/WhatsApp-Image-2025-05-20-at-11.14.09-947x608.jpeg",947,608,true],"page-small":["https:\/\/portal.pi.gov.br\/sesapi\/wp-content\/uploads\/sites\/101\/2025\/05\/WhatsApp-Image-2025-05-20-at-11.14.09-624x401.jpeg",624,401,true],"loop-main":["https:\/\/portal.pi.gov.br\/sesapi\/wp-content\/uploads\/sites\/101\/2025\/05\/WhatsApp-Image-2025-05-20-at-11.14.09-365x240.jpeg",365,240,true],"thumb-gallery-widget":["https:\/\/portal.pi.gov.br\/sesapi\/wp-content\/uploads\/sites\/101\/2025\/05\/WhatsApp-Image-2025-05-20-at-11.14.09-84x56.jpeg",84,56,true]},"post_excerpt_stackable":"<p>A Secretaria de Estado da Sa\u00fade (Sesapi), por meio da sua coordena\u00e7\u00e3o de epidemiologia, deu in\u00edcio na \u00faltima sexta-feira (16) ao processo de implanta\u00e7\u00e3o do n\u00facleo de vigil\u00e2ncia epidemiol\u00f3gica no munic\u00edpio de Esperantina. O n\u00facleo ser\u00e1 implantado no Hospital Estadual J\u00falio Hartman e \u00e9 mais uma etapa de expans\u00e3o da rede de vigil\u00e2ncia epidemiol\u00f3gica que a Sesapi vem promovendo pelo estado. O Processo de implanta\u00e7\u00e3o teve in\u00edcio com a reuni\u00e3o dos t\u00e9cnicos da Sesapi juntamente com a equipe de profissionais da unidade hospitalar sobre o funcionamento do n\u00facleo e a import\u00e2ncia da integra\u00e7\u00e3o com as demais \u00e1reas do hospital. A&hellip;<\/p>\n","category_list":"<a href=\"https:\/\/portal.pi.gov.br\/sesapi\/category\/noticias\/\" rel=\"category tag\">Not\u00edcias<\/a>","author_info":{"name":"joaomarcelo","url":"https:\/\/portal.pi.gov.br\/sesapi\/author\/joaomarcelo\/"},"comments_num":"0 coment\u00e1rio","featured_image_urls_v2":{"full":["https:\/\/portal.pi.gov.br\/sesapi\/wp-content\/uploads\/sites\/101\/2025\/05\/WhatsApp-Image-2025-05-20-at-11.14.09.jpeg",1486,954,false],"thumbnail":["https:\/\/portal.pi.gov.br\/sesapi\/wp-content\/uploads\/sites\/101\/2025\/05\/WhatsApp-Image-2025-05-20-at-11.14.09-150x150.jpeg",150,150,true],"medium":["https:\/\/portal.pi.gov.br\/sesapi\/wp-content\/uploads\/sites\/101\/2025\/05\/WhatsApp-Image-2025-05-20-at-11.14.09-300x193.jpeg",300,193,true],"medium_large":["https:\/\/portal.pi.gov.br\/sesapi\/wp-content\/uploads\/sites\/101\/2025\/05\/WhatsApp-Image-2025-05-20-at-11.14.09-768x493.jpeg",768,493,true],"large":["https:\/\/portal.pi.gov.br\/sesapi\/wp-content\/uploads\/sites\/101\/2025\/05\/WhatsApp-Image-2025-05-20-at-11.14.09-1024x657.jpeg",887,569,true],"sgg-420":["https:\/\/portal.pi.gov.br\/sesapi\/wp-content\/uploads\/sites\/101\/2025\/05\/WhatsApp-Image-2025-05-20-at-11.14.09-420x270.jpeg",420,270,true],"sgg-540":["https:\/\/portal.pi.gov.br\/sesapi\/wp-content\/uploads\/sites\/101\/2025\/05\/WhatsApp-Image-2025-05-20-at-11.14.09-540x347.jpeg",540,347,true],"sgg-780":["https:\/\/portal.pi.gov.br\/sesapi\/wp-content\/uploads\/sites\/101\/2025\/05\/WhatsApp-Image-2025-05-20-at-11.14.09-780x501.jpeg",780,501,true],"1536x1536":["https:\/\/portal.pi.gov.br\/sesapi\/wp-content\/uploads\/sites\/101\/2025\/05\/WhatsApp-Image-2025-05-20-at-11.14.09.jpeg",1486,954,false],"2048x2048":["https:\/\/portal.pi.gov.br\/sesapi\/wp-content\/uploads\/sites\/101\/2025\/05\/WhatsApp-Image-2025-05-20-at-11.14.09.jpeg",1486,954,false],"homepage-slider":["https:\/\/portal.pi.gov.br\/sesapi\/wp-content\/uploads\/sites\/101\/2025\/05\/WhatsApp-Image-2025-05-20-at-11.14.09-1270x500.jpeg",1270,500,true],"homepage-slider-small":["https:\/\/portal.pi.gov.br\/sesapi\/wp-content\/uploads\/sites\/101\/2025\/05\/WhatsApp-Image-2025-05-20-at-11.14.09-947x500.jpeg",947,500,true],"page-top":["https:\/\/portal.pi.gov.br\/sesapi\/wp-content\/uploads\/sites\/101\/2025\/05\/WhatsApp-Image-2025-05-20-at-11.14.09-947x608.jpeg",947,608,true],"page-small":["https:\/\/portal.pi.gov.br\/sesapi\/wp-content\/uploads\/sites\/101\/2025\/05\/WhatsApp-Image-2025-05-20-at-11.14.09-624x401.jpeg",624,401,true],"loop-main":["https:\/\/portal.pi.gov.br\/sesapi\/wp-content\/uploads\/sites\/101\/2025\/05\/WhatsApp-Image-2025-05-20-at-11.14.09-365x240.jpeg",365,240,true],"thumb-gallery-widget":["https:\/\/portal.pi.gov.br\/sesapi\/wp-content\/uploads\/sites\/101\/2025\/05\/WhatsApp-Image-2025-05-20-at-11.14.09-84x56.jpeg",84,56,true]},"post_excerpt_stackable_v2":"<p>A Secretaria de Estado da Sa\u00fade (Sesapi), por meio da sua coordena\u00e7\u00e3o de epidemiologia, deu in\u00edcio na \u00faltima sexta-feira (16) ao processo de implanta\u00e7\u00e3o do n\u00facleo de vigil\u00e2ncia epidemiol\u00f3gica no munic\u00edpio de Esperantina. O n\u00facleo ser\u00e1 implantado no Hospital Estadual J\u00falio Hartman e \u00e9 mais uma etapa de expans\u00e3o da rede de vigil\u00e2ncia epidemiol\u00f3gica que a Sesapi vem promovendo pelo estado. O Processo de implanta\u00e7\u00e3o teve in\u00edcio com a reuni\u00e3o dos t\u00e9cnicos da Sesapi juntamente com a equipe de profissionais da unidade hospitalar sobre o funcionamento do n\u00facleo e a import\u00e2ncia da integra\u00e7\u00e3o com as demais \u00e1reas do hospital. A&hellip;<\/p>\n","category_list_v2":"<a href=\"https:\/\/portal.pi.gov.br\/sesapi\/category\/noticias\/\" rel=\"category tag\">Not\u00edcias<\/a>","author_info_v2":{"name":"joaomarcelo","url":"https:\/\/portal.pi.gov.br\/sesapi\/author\/joaomarcelo\/"},"comments_num_v2":"0 coment\u00e1rio","jetpack_featured_media_url":"https:\/\/portal.pi.gov.br\/sesapi\/wp-content\/uploads\/sites\/101\/2025\/05\/WhatsApp-Image-2025-05-20-at-11.14.09.jpeg","_links":{"self":[{"href":"https:\/\/portal.pi.gov.br\/sesapi\/wp-json\/wp\/v2\/posts\/4126"}],"collection":[{"href":"https:\/\/portal.pi.gov.br\/sesapi\/wp-json\/wp\/v2\/posts"}],"about":[{"href":"https:\/\/portal.pi.gov.br\/sesapi\/wp-json\/wp\/v2\/types\/post"}],"author":[{"embeddable":true,"href":"https:\/\/portal.pi.gov.br\/sesapi\/wp-json\/wp\/v2\/users\/1815"}],"replies":[{"embeddable":true,"href":"https:\/\/portal.pi.gov.br\/sesapi\/wp-json\/wp\/v2\/comments?post=4126"}],"version-history":[{"count":1,"href":"https:\/\/portal.pi.gov.br\/sesapi\/wp-json\/wp\/v2\/posts\/4126\/revisions"}],"predecessor-version":[{"id":4128,"href":"https:\/\/portal.pi.gov.br\/sesapi\/wp-json\/wp\/v2\/posts\/4126\/revisions\/4128"}],"wp:featuredmedia":[{"embeddable":true,"href":"https:\/\/portal.pi.gov.br\/sesapi\/wp-json\/wp\/v2\/media\/4127"}],"wp:attachment":[{"href":"https:\/\/portal.pi.gov.br\/sesapi\/wp-json\/wp\/v2\/media?parent=4126"}],"wp:term":[{"taxonomy":"category","embeddable":true,"href":"https:\/\/portal.pi.gov.br\/sesapi\/wp-json\/wp\/v2\/categories?post=4126"},{"taxonomy":"post_tag","embeddable":true,"href":"https:\/\/portal.pi.gov.br\/sesapi\/wp-json\/wp\/v2\/tags?post=4126"}],"curies":[{"name":"wp","href":"https:\/\/api.w.org\/{rel}","templated":true}]}}