{"id":4634,"date":"2025-06-22T16:29:05","date_gmt":"2025-06-22T19:29:05","guid":{"rendered":"https:\/\/portal.pi.gov.br\/sesapi\/?p=4634"},"modified":"2025-06-22T16:30:42","modified_gmt":"2025-06-22T19:30:42","slug":"mais-de-300-candidatos-realizam-primeira-etapa-de-processo-seletivo-para-nova-maternidade","status":"publish","type":"post","link":"https:\/\/portal.pi.gov.br\/sesapi\/2025\/06\/22\/mais-de-300-candidatos-realizam-primeira-etapa-de-processo-seletivo-para-nova-maternidade\/","title":{"rendered":"Mais de 300 candidatos realizam primeira etapa de processo seletivo para Nova Maternidade"},"content":{"rendered":"\n<p>Com mais de 360 participantes, a primeira fase do processo seletivo para Enfermeiros(a) e T\u00e9cnico(a) de Enfermagem da Nova Maternidade Dona Evangelina Rosa (NMDER) foi realizada neste domingo (22), no CETI Professora Maria de Lourdes Rebelo. Os candidatos participaram de uma prova objetiva com 20 quest\u00f5es espec\u00edficas para cada \u00e1rea. A lista de classificados para a segunda etapa (entrevistas) ser\u00e1 divulgada no dia 1\u00ba de julho.<\/p>\n\n\n\n<p>O Superintendente Executivo da Associa\u00e7\u00e3o Reabilitar, Aderson Luz, destaca a parceria com a Secretaria de Estado de Educa\u00e7\u00e3o (Seduc) na log\u00edstica deste processo seletivo. \u201cToda sele\u00e7\u00e3o \u00e9 realizada com o m\u00e1ximo compromisso em ser transparente e ter a responsabilidade com todos os candidatos. Especialmente neste processo seletivo, contamos com a parceria da Seduc, que disponibilizou uma unidade escolar para receber, da melhor forma, os mais de 300 candidatos classificados para a primeira etapa\u201d, destaca.<\/p>\n\n\n\n<p>O Edital visa a forma\u00e7\u00e3o de cadastro reserva para cargos em n\u00edvel t\u00e9cnico e superior: Enfermeiro(a) obstetra; Enfermeiro(a) Centro Cir\u00fargico (CC); Enfermeiro(a) para Servi\u00e7o de Atendimentos \u00e0s v\u00edtimas de viol\u00eancia sexual (SAMVVIS); Enfermeiro(a) para Unidade de Terapia Intensiva Materna (UTIM); Enfermeiro(a) Neonatologista e T\u00e9cnico(a) de Enfermagem.<\/p>\n\n\n\n<p>Para a gerente de Desenvolvimento Humano da Associa\u00e7\u00e3o Reabilitar, Kelly Meireles, o recorde de inscri\u00e7\u00f5es demonstra o grande interesse e engajamento dos profissionais em fazer parte da equipe da Nova Maternidade. \u201cRecebemos, com muita felicidade, 364 candidatos hoje para aplicar a prova objetiva. Esse n\u00famero expressivo reflete o reconhecimento da import\u00e2ncia da NMDER para o Piau\u00ed. Assim, reafirmamos nossa miss\u00e3o de garantir a integridade do processo em todas as suas etapas\u201d, celebra.<\/p>\n\n\n\n<p>Conforme o cronograma dispon\u00edvel no Edital, candidatos aprovados na primeira fase passar\u00e3o por an\u00e1lise curricular e entrevista. A divulga\u00e7\u00e3o do gabarito da prova objetiva acontecer\u00e1 no dia 23 de junho. Em caso de duvidas ou mais informa\u00e7\u00f5es, os candidatos devem utilizar o endere\u00e7o de e-mail: duvidaprocessoseletivo@reabilitar.org.br.<\/p>\n","protected":false},"excerpt":{"rendered":"<p>Com mais de 360 participantes, a primeira fase do processo seletivo para Enfermeiros(a) e T\u00e9cnico(a) de Enfermagem da Nova Maternidade Dona Evangelina Rosa (NMDER) foi realizada neste domingo (22), no [&hellip;]<\/p>\n","protected":false},"author":1816,"featured_media":4635,"comment_status":"closed","ping_status":"closed","sticky":false,"template":"","format":"standard","meta":[],"categories":[30],"tags":[],"featured_image_urls":{"full":["https:\/\/portal.pi.gov.br\/sesapi\/wp-content\/uploads\/sites\/101\/2025\/06\/160abecc-4f43-41f7-9d75-81fa0faca8f3.jpg",1600,1200,false],"thumbnail":["https:\/\/portal.pi.gov.br\/sesapi\/wp-content\/uploads\/sites\/101\/2025\/06\/160abecc-4f43-41f7-9d75-81fa0faca8f3-150x150.jpg",150,150,true],"medium":["https:\/\/portal.pi.gov.br\/sesapi\/wp-content\/uploads\/sites\/101\/2025\/06\/160abecc-4f43-41f7-9d75-81fa0faca8f3-300x225.jpg",300,225,true],"medium_large":["https:\/\/portal.pi.gov.br\/sesapi\/wp-content\/uploads\/sites\/101\/2025\/06\/160abecc-4f43-41f7-9d75-81fa0faca8f3-768x576.jpg",768,576,true],"large":["https:\/\/portal.pi.gov.br\/sesapi\/wp-content\/uploads\/sites\/101\/2025\/06\/160abecc-4f43-41f7-9d75-81fa0faca8f3-1024x768.jpg",887,665,true],"sgg-420":["https:\/\/portal.pi.gov.br\/sesapi\/wp-content\/uploads\/sites\/101\/2025\/06\/160abecc-4f43-41f7-9d75-81fa0faca8f3-420x315.jpg",420,315,true],"sgg-540":["https:\/\/portal.pi.gov.br\/sesapi\/wp-content\/uploads\/sites\/101\/2025\/06\/160abecc-4f43-41f7-9d75-81fa0faca8f3-540x405.jpg",540,405,true],"sgg-780":["https:\/\/portal.pi.gov.br\/sesapi\/wp-content\/uploads\/sites\/101\/2025\/06\/160abecc-4f43-41f7-9d75-81fa0faca8f3-780x585.jpg",780,585,true],"1536x1536":["https:\/\/portal.pi.gov.br\/sesapi\/wp-content\/uploads\/sites\/101\/2025\/06\/160abecc-4f43-41f7-9d75-81fa0faca8f3-1536x1152.jpg",1536,1152,true],"2048x2048":["https:\/\/portal.pi.gov.br\/sesapi\/wp-content\/uploads\/sites\/101\/2025\/06\/160abecc-4f43-41f7-9d75-81fa0faca8f3.jpg",1600,1200,false],"homepage-slider":["https:\/\/portal.pi.gov.br\/sesapi\/wp-content\/uploads\/sites\/101\/2025\/06\/160abecc-4f43-41f7-9d75-81fa0faca8f3-1270x500.jpg",1270,500,true],"homepage-slider-small":["https:\/\/portal.pi.gov.br\/sesapi\/wp-content\/uploads\/sites\/101\/2025\/06\/160abecc-4f43-41f7-9d75-81fa0faca8f3-947x500.jpg",947,500,true],"page-top":["https:\/\/portal.pi.gov.br\/sesapi\/wp-content\/uploads\/sites\/101\/2025\/06\/160abecc-4f43-41f7-9d75-81fa0faca8f3-947x710.jpg",947,710,true],"page-small":["https:\/\/portal.pi.gov.br\/sesapi\/wp-content\/uploads\/sites\/101\/2025\/06\/160abecc-4f43-41f7-9d75-81fa0faca8f3-624x468.jpg",624,468,true],"loop-main":["https:\/\/portal.pi.gov.br\/sesapi\/wp-content\/uploads\/sites\/101\/2025\/06\/160abecc-4f43-41f7-9d75-81fa0faca8f3-365x240.jpg",365,240,true],"thumb-gallery-widget":["https:\/\/portal.pi.gov.br\/sesapi\/wp-content\/uploads\/sites\/101\/2025\/06\/160abecc-4f43-41f7-9d75-81fa0faca8f3-84x56.jpg",84,56,true]},"post_excerpt_stackable":"<p>Com mais de 360 participantes, a primeira fase do processo seletivo para Enfermeiros(a) e T\u00e9cnico(a) de Enfermagem da Nova Maternidade Dona Evangelina Rosa (NMDER) foi realizada neste domingo (22), no CETI Professora Maria de Lourdes Rebelo. Os candidatos participaram de uma prova objetiva com 20 quest\u00f5es espec\u00edficas para cada \u00e1rea. A lista de classificados para a segunda etapa (entrevistas) ser\u00e1 divulgada no dia 1\u00ba de julho. O Superintendente Executivo da Associa\u00e7\u00e3o Reabilitar, Aderson Luz, destaca a parceria com a Secretaria de Estado de Educa\u00e7\u00e3o (Seduc) na log\u00edstica deste processo seletivo. \u201cToda sele\u00e7\u00e3o \u00e9 realizada com o m\u00e1ximo compromisso em ser&hellip;<\/p>\n","category_list":"<a href=\"https:\/\/portal.pi.gov.br\/sesapi\/category\/noticias\/\" rel=\"category tag\">Not\u00edcias<\/a>","author_info":{"name":"amandasantos","url":"https:\/\/portal.pi.gov.br\/sesapi\/author\/amandasantos\/"},"comments_num":"0 coment\u00e1rio","featured_image_urls_v2":{"full":["https:\/\/portal.pi.gov.br\/sesapi\/wp-content\/uploads\/sites\/101\/2025\/06\/160abecc-4f43-41f7-9d75-81fa0faca8f3.jpg",1600,1200,false],"thumbnail":["https:\/\/portal.pi.gov.br\/sesapi\/wp-content\/uploads\/sites\/101\/2025\/06\/160abecc-4f43-41f7-9d75-81fa0faca8f3-150x150.jpg",150,150,true],"medium":["https:\/\/portal.pi.gov.br\/sesapi\/wp-content\/uploads\/sites\/101\/2025\/06\/160abecc-4f43-41f7-9d75-81fa0faca8f3-300x225.jpg",300,225,true],"medium_large":["https:\/\/portal.pi.gov.br\/sesapi\/wp-content\/uploads\/sites\/101\/2025\/06\/160abecc-4f43-41f7-9d75-81fa0faca8f3-768x576.jpg",768,576,true],"large":["https:\/\/portal.pi.gov.br\/sesapi\/wp-content\/uploads\/sites\/101\/2025\/06\/160abecc-4f43-41f7-9d75-81fa0faca8f3-1024x768.jpg",887,665,true],"sgg-420":["https:\/\/portal.pi.gov.br\/sesapi\/wp-content\/uploads\/sites\/101\/2025\/06\/160abecc-4f43-41f7-9d75-81fa0faca8f3-420x315.jpg",420,315,true],"sgg-540":["https:\/\/portal.pi.gov.br\/sesapi\/wp-content\/uploads\/sites\/101\/2025\/06\/160abecc-4f43-41f7-9d75-81fa0faca8f3-540x405.jpg",540,405,true],"sgg-780":["https:\/\/portal.pi.gov.br\/sesapi\/wp-content\/uploads\/sites\/101\/2025\/06\/160abecc-4f43-41f7-9d75-81fa0faca8f3-780x585.jpg",780,585,true],"1536x1536":["https:\/\/portal.pi.gov.br\/sesapi\/wp-content\/uploads\/sites\/101\/2025\/06\/160abecc-4f43-41f7-9d75-81fa0faca8f3-1536x1152.jpg",1536,1152,true],"2048x2048":["https:\/\/portal.pi.gov.br\/sesapi\/wp-content\/uploads\/sites\/101\/2025\/06\/160abecc-4f43-41f7-9d75-81fa0faca8f3.jpg",1600,1200,false],"homepage-slider":["https:\/\/portal.pi.gov.br\/sesapi\/wp-content\/uploads\/sites\/101\/2025\/06\/160abecc-4f43-41f7-9d75-81fa0faca8f3-1270x500.jpg",1270,500,true],"homepage-slider-small":["https:\/\/portal.pi.gov.br\/sesapi\/wp-content\/uploads\/sites\/101\/2025\/06\/160abecc-4f43-41f7-9d75-81fa0faca8f3-947x500.jpg",947,500,true],"page-top":["https:\/\/portal.pi.gov.br\/sesapi\/wp-content\/uploads\/sites\/101\/2025\/06\/160abecc-4f43-41f7-9d75-81fa0faca8f3-947x710.jpg",947,710,true],"page-small":["https:\/\/portal.pi.gov.br\/sesapi\/wp-content\/uploads\/sites\/101\/2025\/06\/160abecc-4f43-41f7-9d75-81fa0faca8f3-624x468.jpg",624,468,true],"loop-main":["https:\/\/portal.pi.gov.br\/sesapi\/wp-content\/uploads\/sites\/101\/2025\/06\/160abecc-4f43-41f7-9d75-81fa0faca8f3-365x240.jpg",365,240,true],"thumb-gallery-widget":["https:\/\/portal.pi.gov.br\/sesapi\/wp-content\/uploads\/sites\/101\/2025\/06\/160abecc-4f43-41f7-9d75-81fa0faca8f3-84x56.jpg",84,56,true]},"post_excerpt_stackable_v2":"<p>Com mais de 360 participantes, a primeira fase do processo seletivo para Enfermeiros(a) e T\u00e9cnico(a) de Enfermagem da Nova Maternidade Dona Evangelina Rosa (NMDER) foi realizada neste domingo (22), no CETI Professora Maria de Lourdes Rebelo. Os candidatos participaram de uma prova objetiva com 20 quest\u00f5es espec\u00edficas para cada \u00e1rea. A lista de classificados para a segunda etapa (entrevistas) ser\u00e1 divulgada no dia 1\u00ba de julho. O Superintendente Executivo da Associa\u00e7\u00e3o Reabilitar, Aderson Luz, destaca a parceria com a Secretaria de Estado de Educa\u00e7\u00e3o (Seduc) na log\u00edstica deste processo seletivo. \u201cToda sele\u00e7\u00e3o \u00e9 realizada com o m\u00e1ximo compromisso em ser&hellip;<\/p>\n","category_list_v2":"<a href=\"https:\/\/portal.pi.gov.br\/sesapi\/category\/noticias\/\" rel=\"category tag\">Not\u00edcias<\/a>","author_info_v2":{"name":"amandasantos","url":"https:\/\/portal.pi.gov.br\/sesapi\/author\/amandasantos\/"},"comments_num_v2":"0 coment\u00e1rio","jetpack_featured_media_url":"https:\/\/portal.pi.gov.br\/sesapi\/wp-content\/uploads\/sites\/101\/2025\/06\/160abecc-4f43-41f7-9d75-81fa0faca8f3.jpg","_links":{"self":[{"href":"https:\/\/portal.pi.gov.br\/sesapi\/wp-json\/wp\/v2\/posts\/4634"}],"collection":[{"href":"https:\/\/portal.pi.gov.br\/sesapi\/wp-json\/wp\/v2\/posts"}],"about":[{"href":"https:\/\/portal.pi.gov.br\/sesapi\/wp-json\/wp\/v2\/types\/post"}],"author":[{"embeddable":true,"href":"https:\/\/portal.pi.gov.br\/sesapi\/wp-json\/wp\/v2\/users\/1816"}],"replies":[{"embeddable":true,"href":"https:\/\/portal.pi.gov.br\/sesapi\/wp-json\/wp\/v2\/comments?post=4634"}],"version-history":[{"count":1,"href":"https:\/\/portal.pi.gov.br\/sesapi\/wp-json\/wp\/v2\/posts\/4634\/revisions"}],"predecessor-version":[{"id":4636,"href":"https:\/\/portal.pi.gov.br\/sesapi\/wp-json\/wp\/v2\/posts\/4634\/revisions\/4636"}],"wp:featuredmedia":[{"embeddable":true,"href":"https:\/\/portal.pi.gov.br\/sesapi\/wp-json\/wp\/v2\/media\/4635"}],"wp:attachment":[{"href":"https:\/\/portal.pi.gov.br\/sesapi\/wp-json\/wp\/v2\/media?parent=4634"}],"wp:term":[{"taxonomy":"category","embeddable":true,"href":"https:\/\/portal.pi.gov.br\/sesapi\/wp-json\/wp\/v2\/categories?post=4634"},{"taxonomy":"post_tag","embeddable":true,"href":"https:\/\/portal.pi.gov.br\/sesapi\/wp-json\/wp\/v2\/tags?post=4634"}],"curies":[{"name":"wp","href":"https:\/\/api.w.org\/{rel}","templated":true}]}}