{"id":6184,"date":"2025-09-15T09:10:52","date_gmt":"2025-09-15T12:10:52","guid":{"rendered":"https:\/\/portal.pi.gov.br\/sesapi\/?p=6184"},"modified":"2025-09-15T09:12:07","modified_gmt":"2025-09-15T12:12:07","slug":"esp-pi-participa-de-formacao-nacional-para-qualificacao-de-tutores-em-saude","status":"publish","type":"post","link":"https:\/\/portal.pi.gov.br\/sesapi\/2025\/09\/15\/esp-pi-participa-de-formacao-nacional-para-qualificacao-de-tutores-em-saude\/","title":{"rendered":"ESP\/PI participa de forma\u00e7\u00e3o nacional para qualifica\u00e7\u00e3o de tutores em sa\u00fade"},"content":{"rendered":"\n<p>A Escola de Sa\u00fade P\u00fablica do Piau\u00ed (ESP\/PI) participou de mais uma etapa do ciclo formativo do Curso de Especializa\u00e7\u00e3o em Preceptoria para a Educa\u00e7\u00e3o Profissional em Sa\u00fade, realizado em Salvador (BA). A a\u00e7\u00e3o integra o programa federal Mais Sa\u00fade com Agente, promovido pela Escola Polit\u00e9cnica de Sa\u00fade Joaquim Ven\u00e2ncio (EPSJV\/Fiocruz), em parceria com o Minist\u00e9rio da Sa\u00fade, por meio da Secretaria de Gest\u00e3o do Trabalho e da Educa\u00e7\u00e3o na Sa\u00fade (SGTES\/MS).<\/p>\n\n\n\n<p>O curso tem como objetivo qualificar os Tutores de Apoio \u00e0 Aprendizagem (TAA), profissionais respons\u00e1veis por acompanhar a forma\u00e7\u00e3o t\u00e9cnica dos agentes comunit\u00e1rios de sa\u00fade (ACS) e agentes de combate \u00e0s endemias (ACE). No Piau\u00ed, foram selecionados 31 tutores, que atuar\u00e3o em todas as regi\u00f5es do estado, apoiando preceptores e fortalecendo a integra\u00e7\u00e3o entre a Aten\u00e7\u00e3o Prim\u00e1ria \u00e0 Sa\u00fade e a Vigil\u00e2ncia em Sa\u00fade \u2013 \u00e1reas estrat\u00e9gicas para o fortalecimento do Sistema \u00danico de Sa\u00fade (SUS).<\/p>\n\n\n\n<figure class=\"wp-block-image size-large\"><img decoding=\"async\" loading=\"lazy\" width=\"1024\" height=\"768\" src=\"https:\/\/portal.pi.gov.br\/sesapi\/wp-content\/uploads\/sites\/101\/2025\/09\/WhatsApp-Image-2025-09-15-at-08.11.35-1024x768.jpeg\" alt=\"\" class=\"wp-image-6185\" srcset=\"https:\/\/portal.pi.gov.br\/sesapi\/wp-content\/uploads\/sites\/101\/2025\/09\/WhatsApp-Image-2025-09-15-at-08.11.35-1024x768.jpeg 1024w, https:\/\/portal.pi.gov.br\/sesapi\/wp-content\/uploads\/sites\/101\/2025\/09\/WhatsApp-Image-2025-09-15-at-08.11.35-300x225.jpeg 300w, https:\/\/portal.pi.gov.br\/sesapi\/wp-content\/uploads\/sites\/101\/2025\/09\/WhatsApp-Image-2025-09-15-at-08.11.35-768x576.jpeg 768w, https:\/\/portal.pi.gov.br\/sesapi\/wp-content\/uploads\/sites\/101\/2025\/09\/WhatsApp-Image-2025-09-15-at-08.11.35-420x315.jpeg 420w, https:\/\/portal.pi.gov.br\/sesapi\/wp-content\/uploads\/sites\/101\/2025\/09\/WhatsApp-Image-2025-09-15-at-08.11.35-540x405.jpeg 540w, https:\/\/portal.pi.gov.br\/sesapi\/wp-content\/uploads\/sites\/101\/2025\/09\/WhatsApp-Image-2025-09-15-at-08.11.35-780x585.jpeg 780w, https:\/\/portal.pi.gov.br\/sesapi\/wp-content\/uploads\/sites\/101\/2025\/09\/WhatsApp-Image-2025-09-15-at-08.11.35-1536x1152.jpeg 1536w, https:\/\/portal.pi.gov.br\/sesapi\/wp-content\/uploads\/sites\/101\/2025\/09\/WhatsApp-Image-2025-09-15-at-08.11.35-947x710.jpeg 947w, https:\/\/portal.pi.gov.br\/sesapi\/wp-content\/uploads\/sites\/101\/2025\/09\/WhatsApp-Image-2025-09-15-at-08.11.35-624x468.jpeg 624w, https:\/\/portal.pi.gov.br\/sesapi\/wp-content\/uploads\/sites\/101\/2025\/09\/WhatsApp-Image-2025-09-15-at-08.11.35.jpeg 1600w\" sizes=\"(max-width: 1024px) 100vw, 1024px\" \/><figcaption class=\"wp-element-caption\"><br>A Escola de Sa\u00fade P\u00fablica participou de mais uma etapa do ciclo formativo do Curso de Especializa\u00e7\u00e3o em Preceptoria para a Educa\u00e7\u00e3o Profissional em Sa\u00fade<\/figcaption><\/figure>\n\n\n\n<p>A programa\u00e7\u00e3o contou com oficinas, rodas de conversa e debates sobre pr\u00e1ticas educativas, metodologias ativas de ensino-aprendizagem e estrat\u00e9gias de acompanhamento dos profissionais em seus territ\u00f3rios. O encontro teve a presen\u00e7a de representantes do Minist\u00e9rio da Sa\u00fade, da Fiocruz e da coordena\u00e7\u00e3o estadual do projeto, que ressaltaram a relev\u00e2ncia da forma\u00e7\u00e3o continuada como instrumento de valoriza\u00e7\u00e3o dos trabalhadores do SUS.<\/p>\n\n\n\n<p>A ESP\/PI desempenha papel estrat\u00e9gico na condu\u00e7\u00e3o do projeto no estado, garantindo suporte pedag\u00f3gico, t\u00e9cnico e institucional \u00e0s turmas distribu\u00eddas nas quatro macrorregi\u00f5es de sa\u00fade: Litor\u00e2nea, Entre Rios, Cerrados e Vale do Guaribas. A iniciativa faz parte de um esfor\u00e7o nacional para a qualifica\u00e7\u00e3o permanente da for\u00e7a de trabalho do SUS, com impacto direto na melhoria da aten\u00e7\u00e3o b\u00e1sica e das a\u00e7\u00f5es de vigil\u00e2ncia em sa\u00fade.<\/p>\n","protected":false},"excerpt":{"rendered":"<p>A Escola de Sa\u00fade P\u00fablica do Piau\u00ed (ESP\/PI) participou de mais uma etapa do ciclo formativo do Curso de Especializa\u00e7\u00e3o em Preceptoria para a Educa\u00e7\u00e3o Profissional em Sa\u00fade, realizado em [&hellip;]<\/p>\n","protected":false},"author":1808,"featured_media":6185,"comment_status":"closed","ping_status":"closed","sticky":false,"template":"","format":"standard","meta":[],"categories":[30],"tags":[198,247],"featured_image_urls":{"full":["https:\/\/portal.pi.gov.br\/sesapi\/wp-content\/uploads\/sites\/101\/2025\/09\/WhatsApp-Image-2025-09-15-at-08.11.35.jpeg",1600,1200,false],"thumbnail":["https:\/\/portal.pi.gov.br\/sesapi\/wp-content\/uploads\/sites\/101\/2025\/09\/WhatsApp-Image-2025-09-15-at-08.11.35-150x150.jpeg",150,150,true],"medium":["https:\/\/portal.pi.gov.br\/sesapi\/wp-content\/uploads\/sites\/101\/2025\/09\/WhatsApp-Image-2025-09-15-at-08.11.35-300x225.jpeg",300,225,true],"medium_large":["https:\/\/portal.pi.gov.br\/sesapi\/wp-content\/uploads\/sites\/101\/2025\/09\/WhatsApp-Image-2025-09-15-at-08.11.35-768x576.jpeg",768,576,true],"large":["https:\/\/portal.pi.gov.br\/sesapi\/wp-content\/uploads\/sites\/101\/2025\/09\/WhatsApp-Image-2025-09-15-at-08.11.35-1024x768.jpeg",887,665,true],"sgg-420":["https:\/\/portal.pi.gov.br\/sesapi\/wp-content\/uploads\/sites\/101\/2025\/09\/WhatsApp-Image-2025-09-15-at-08.11.35-420x315.jpeg",420,315,true],"sgg-540":["https:\/\/portal.pi.gov.br\/sesapi\/wp-content\/uploads\/sites\/101\/2025\/09\/WhatsApp-Image-2025-09-15-at-08.11.35-540x405.jpeg",540,405,true],"sgg-780":["https:\/\/portal.pi.gov.br\/sesapi\/wp-content\/uploads\/sites\/101\/2025\/09\/WhatsApp-Image-2025-09-15-at-08.11.35-780x585.jpeg",780,585,true],"1536x1536":["https:\/\/portal.pi.gov.br\/sesapi\/wp-content\/uploads\/sites\/101\/2025\/09\/WhatsApp-Image-2025-09-15-at-08.11.35-1536x1152.jpeg",1536,1152,true],"2048x2048":["https:\/\/portal.pi.gov.br\/sesapi\/wp-content\/uploads\/sites\/101\/2025\/09\/WhatsApp-Image-2025-09-15-at-08.11.35.jpeg",1600,1200,false],"homepage-slider":["https:\/\/portal.pi.gov.br\/sesapi\/wp-content\/uploads\/sites\/101\/2025\/09\/WhatsApp-Image-2025-09-15-at-08.11.35-1270x500.jpeg",1270,500,true],"homepage-slider-small":["https:\/\/portal.pi.gov.br\/sesapi\/wp-content\/uploads\/sites\/101\/2025\/09\/WhatsApp-Image-2025-09-15-at-08.11.35-947x500.jpeg",947,500,true],"page-top":["https:\/\/portal.pi.gov.br\/sesapi\/wp-content\/uploads\/sites\/101\/2025\/09\/WhatsApp-Image-2025-09-15-at-08.11.35-947x710.jpeg",947,710,true],"page-small":["https:\/\/portal.pi.gov.br\/sesapi\/wp-content\/uploads\/sites\/101\/2025\/09\/WhatsApp-Image-2025-09-15-at-08.11.35-624x468.jpeg",624,468,true],"loop-main":["https:\/\/portal.pi.gov.br\/sesapi\/wp-content\/uploads\/sites\/101\/2025\/09\/WhatsApp-Image-2025-09-15-at-08.11.35-365x240.jpeg",365,240,true],"thumb-gallery-widget":["https:\/\/portal.pi.gov.br\/sesapi\/wp-content\/uploads\/sites\/101\/2025\/09\/WhatsApp-Image-2025-09-15-at-08.11.35-84x56.jpeg",84,56,true]},"post_excerpt_stackable":"<p>A Escola de Sa\u00fade P\u00fablica do Piau\u00ed (ESP\/PI) participou de mais uma etapa do ciclo formativo do Curso de Especializa\u00e7\u00e3o em Preceptoria para a Educa\u00e7\u00e3o Profissional em Sa\u00fade, realizado em Salvador (BA). A a\u00e7\u00e3o integra o programa federal Mais Sa\u00fade com Agente, promovido pela Escola Polit\u00e9cnica de Sa\u00fade Joaquim Ven\u00e2ncio (EPSJV\/Fiocruz), em parceria com o Minist\u00e9rio da Sa\u00fade, por meio da Secretaria de Gest\u00e3o do Trabalho e da Educa\u00e7\u00e3o na Sa\u00fade (SGTES\/MS). O curso tem como objetivo qualificar os Tutores de Apoio \u00e0 Aprendizagem (TAA), profissionais respons\u00e1veis por acompanhar a forma\u00e7\u00e3o t\u00e9cnica dos agentes comunit\u00e1rios de sa\u00fade (ACS) e agentes&hellip;<\/p>\n","category_list":"<a href=\"https:\/\/portal.pi.gov.br\/sesapi\/category\/noticias\/\" rel=\"category tag\">Not\u00edcias<\/a>","author_info":{"name":"herlonpereira","url":"https:\/\/portal.pi.gov.br\/sesapi\/author\/herlonpereira\/"},"comments_num":"0 coment\u00e1rio","featured_image_urls_v2":{"full":["https:\/\/portal.pi.gov.br\/sesapi\/wp-content\/uploads\/sites\/101\/2025\/09\/WhatsApp-Image-2025-09-15-at-08.11.35.jpeg",1600,1200,false],"thumbnail":["https:\/\/portal.pi.gov.br\/sesapi\/wp-content\/uploads\/sites\/101\/2025\/09\/WhatsApp-Image-2025-09-15-at-08.11.35-150x150.jpeg",150,150,true],"medium":["https:\/\/portal.pi.gov.br\/sesapi\/wp-content\/uploads\/sites\/101\/2025\/09\/WhatsApp-Image-2025-09-15-at-08.11.35-300x225.jpeg",300,225,true],"medium_large":["https:\/\/portal.pi.gov.br\/sesapi\/wp-content\/uploads\/sites\/101\/2025\/09\/WhatsApp-Image-2025-09-15-at-08.11.35-768x576.jpeg",768,576,true],"large":["https:\/\/portal.pi.gov.br\/sesapi\/wp-content\/uploads\/sites\/101\/2025\/09\/WhatsApp-Image-2025-09-15-at-08.11.35-1024x768.jpeg",887,665,true],"sgg-420":["https:\/\/portal.pi.gov.br\/sesapi\/wp-content\/uploads\/sites\/101\/2025\/09\/WhatsApp-Image-2025-09-15-at-08.11.35-420x315.jpeg",420,315,true],"sgg-540":["https:\/\/portal.pi.gov.br\/sesapi\/wp-content\/uploads\/sites\/101\/2025\/09\/WhatsApp-Image-2025-09-15-at-08.11.35-540x405.jpeg",540,405,true],"sgg-780":["https:\/\/portal.pi.gov.br\/sesapi\/wp-content\/uploads\/sites\/101\/2025\/09\/WhatsApp-Image-2025-09-15-at-08.11.35-780x585.jpeg",780,585,true],"1536x1536":["https:\/\/portal.pi.gov.br\/sesapi\/wp-content\/uploads\/sites\/101\/2025\/09\/WhatsApp-Image-2025-09-15-at-08.11.35-1536x1152.jpeg",1536,1152,true],"2048x2048":["https:\/\/portal.pi.gov.br\/sesapi\/wp-content\/uploads\/sites\/101\/2025\/09\/WhatsApp-Image-2025-09-15-at-08.11.35.jpeg",1600,1200,false],"homepage-slider":["https:\/\/portal.pi.gov.br\/sesapi\/wp-content\/uploads\/sites\/101\/2025\/09\/WhatsApp-Image-2025-09-15-at-08.11.35-1270x500.jpeg",1270,500,true],"homepage-slider-small":["https:\/\/portal.pi.gov.br\/sesapi\/wp-content\/uploads\/sites\/101\/2025\/09\/WhatsApp-Image-2025-09-15-at-08.11.35-947x500.jpeg",947,500,true],"page-top":["https:\/\/portal.pi.gov.br\/sesapi\/wp-content\/uploads\/sites\/101\/2025\/09\/WhatsApp-Image-2025-09-15-at-08.11.35-947x710.jpeg",947,710,true],"page-small":["https:\/\/portal.pi.gov.br\/sesapi\/wp-content\/uploads\/sites\/101\/2025\/09\/WhatsApp-Image-2025-09-15-at-08.11.35-624x468.jpeg",624,468,true],"loop-main":["https:\/\/portal.pi.gov.br\/sesapi\/wp-content\/uploads\/sites\/101\/2025\/09\/WhatsApp-Image-2025-09-15-at-08.11.35-365x240.jpeg",365,240,true],"thumb-gallery-widget":["https:\/\/portal.pi.gov.br\/sesapi\/wp-content\/uploads\/sites\/101\/2025\/09\/WhatsApp-Image-2025-09-15-at-08.11.35-84x56.jpeg",84,56,true]},"post_excerpt_stackable_v2":"<p>A Escola de Sa\u00fade P\u00fablica do Piau\u00ed (ESP\/PI) participou de mais uma etapa do ciclo formativo do Curso de Especializa\u00e7\u00e3o em Preceptoria para a Educa\u00e7\u00e3o Profissional em Sa\u00fade, realizado em Salvador (BA). A a\u00e7\u00e3o integra o programa federal Mais Sa\u00fade com Agente, promovido pela Escola Polit\u00e9cnica de Sa\u00fade Joaquim Ven\u00e2ncio (EPSJV\/Fiocruz), em parceria com o Minist\u00e9rio da Sa\u00fade, por meio da Secretaria de Gest\u00e3o do Trabalho e da Educa\u00e7\u00e3o na Sa\u00fade (SGTES\/MS). O curso tem como objetivo qualificar os Tutores de Apoio \u00e0 Aprendizagem (TAA), profissionais respons\u00e1veis por acompanhar a forma\u00e7\u00e3o t\u00e9cnica dos agentes comunit\u00e1rios de sa\u00fade (ACS) e agentes&hellip;<\/p>\n","category_list_v2":"<a href=\"https:\/\/portal.pi.gov.br\/sesapi\/category\/noticias\/\" rel=\"category tag\">Not\u00edcias<\/a>","author_info_v2":{"name":"herlonpereira","url":"https:\/\/portal.pi.gov.br\/sesapi\/author\/herlonpereira\/"},"comments_num_v2":"0 coment\u00e1rio","jetpack_featured_media_url":"https:\/\/portal.pi.gov.br\/sesapi\/wp-content\/uploads\/sites\/101\/2025\/09\/WhatsApp-Image-2025-09-15-at-08.11.35.jpeg","_links":{"self":[{"href":"https:\/\/portal.pi.gov.br\/sesapi\/wp-json\/wp\/v2\/posts\/6184"}],"collection":[{"href":"https:\/\/portal.pi.gov.br\/sesapi\/wp-json\/wp\/v2\/posts"}],"about":[{"href":"https:\/\/portal.pi.gov.br\/sesapi\/wp-json\/wp\/v2\/types\/post"}],"author":[{"embeddable":true,"href":"https:\/\/portal.pi.gov.br\/sesapi\/wp-json\/wp\/v2\/users\/1808"}],"replies":[{"embeddable":true,"href":"https:\/\/portal.pi.gov.br\/sesapi\/wp-json\/wp\/v2\/comments?post=6184"}],"version-history":[{"count":2,"href":"https:\/\/portal.pi.gov.br\/sesapi\/wp-json\/wp\/v2\/posts\/6184\/revisions"}],"predecessor-version":[{"id":6187,"href":"https:\/\/portal.pi.gov.br\/sesapi\/wp-json\/wp\/v2\/posts\/6184\/revisions\/6187"}],"wp:featuredmedia":[{"embeddable":true,"href":"https:\/\/portal.pi.gov.br\/sesapi\/wp-json\/wp\/v2\/media\/6185"}],"wp:attachment":[{"href":"https:\/\/portal.pi.gov.br\/sesapi\/wp-json\/wp\/v2\/media?parent=6184"}],"wp:term":[{"taxonomy":"category","embeddable":true,"href":"https:\/\/portal.pi.gov.br\/sesapi\/wp-json\/wp\/v2\/categories?post=6184"},{"taxonomy":"post_tag","embeddable":true,"href":"https:\/\/portal.pi.gov.br\/sesapi\/wp-json\/wp\/v2\/tags?post=6184"}],"curies":[{"name":"wp","href":"https:\/\/api.w.org\/{rel}","templated":true}]}}