{"id":8548,"date":"2026-01-19T10:12:01","date_gmt":"2026-01-19T13:12:01","guid":{"rendered":"https:\/\/portal.pi.gov.br\/sesapi\/?p=8548"},"modified":"2026-01-19T10:12:02","modified_gmt":"2026-01-19T13:12:02","slug":"governador-apresenta-resultados-dos-indicadores-de-saude-publica-do-piaui-na-terca-feira","status":"publish","type":"post","link":"https:\/\/portal.pi.gov.br\/sesapi\/2026\/01\/19\/governador-apresenta-resultados-dos-indicadores-de-saude-publica-do-piaui-na-terca-feira\/","title":{"rendered":"Governador apresenta resultados dos indicadores de Sa\u00fade P\u00fablica do Piau\u00ed na ter\u00e7a-feira"},"content":{"rendered":"\n<p>A Secretaria de Estado da Sa\u00fade do Piau\u00ed (Sesapi) informa a mudan\u00e7a da data da Apresenta\u00e7\u00e3o dos Indicadores da Sa\u00fade P\u00fablica do Piau\u00ed &#8211; Ano 2025. Agora, os \u00edndices ser\u00e3o apresentados na ter\u00e7a-feira (20), \u00e0s 11h, no Sal\u00e3o Branco do Pal\u00e1cio de Karnak.<\/p>\n\n\n\n<p>Durante a exposi\u00e7\u00e3o ser\u00e3o destacadas iniciativas voltadas \u00e0 amplia\u00e7\u00e3o da assist\u00eancia, moderniza\u00e7\u00e3o de unidades de sa\u00fade e fortalecimento de programas estrat\u00e9gicos. \u201cEste ser\u00e1 um momento de prestar contas \u00e0 popula\u00e7\u00e3o do Piau\u00ed, e apresentar o compromisso da pasta em garantir transpar\u00eancia na gest\u00e3o e continuidade \u00e0s pol\u00edticas p\u00fablicas voltadas ao aprimoramento do atendimento ao nosso povo\u201d, lembra o secret\u00e1rio de Estado da Sa\u00fade, Antonio Luiz.<\/p>\n\n\n\n<figure class=\"wp-block-image size-large\"><img decoding=\"async\" loading=\"lazy\" width=\"1024\" height=\"683\" src=\"https:\/\/portal.pi.gov.br\/sesapi\/wp-content\/uploads\/sites\/101\/2026\/01\/Comemoracao-1-milhao-de-atendimentos-Piaui-Saude-Digital-05-1024x683.jpeg\" alt=\"\" class=\"wp-image-8542\" srcset=\"https:\/\/portal.pi.gov.br\/sesapi\/wp-content\/uploads\/sites\/101\/2026\/01\/Comemoracao-1-milhao-de-atendimentos-Piaui-Saude-Digital-05-1024x683.jpeg 1024w, https:\/\/portal.pi.gov.br\/sesapi\/wp-content\/uploads\/sites\/101\/2026\/01\/Comemoracao-1-milhao-de-atendimentos-Piaui-Saude-Digital-05-300x200.jpeg 300w, https:\/\/portal.pi.gov.br\/sesapi\/wp-content\/uploads\/sites\/101\/2026\/01\/Comemoracao-1-milhao-de-atendimentos-Piaui-Saude-Digital-05-768x512.jpeg 768w, https:\/\/portal.pi.gov.br\/sesapi\/wp-content\/uploads\/sites\/101\/2026\/01\/Comemoracao-1-milhao-de-atendimentos-Piaui-Saude-Digital-05-420x280.jpeg 420w, https:\/\/portal.pi.gov.br\/sesapi\/wp-content\/uploads\/sites\/101\/2026\/01\/Comemoracao-1-milhao-de-atendimentos-Piaui-Saude-Digital-05-540x360.jpeg 540w, https:\/\/portal.pi.gov.br\/sesapi\/wp-content\/uploads\/sites\/101\/2026\/01\/Comemoracao-1-milhao-de-atendimentos-Piaui-Saude-Digital-05-780x520.jpeg 780w, https:\/\/portal.pi.gov.br\/sesapi\/wp-content\/uploads\/sites\/101\/2026\/01\/Comemoracao-1-milhao-de-atendimentos-Piaui-Saude-Digital-05-947x632.jpeg 947w, https:\/\/portal.pi.gov.br\/sesapi\/wp-content\/uploads\/sites\/101\/2026\/01\/Comemoracao-1-milhao-de-atendimentos-Piaui-Saude-Digital-05-624x416.jpeg 624w, https:\/\/portal.pi.gov.br\/sesapi\/wp-content\/uploads\/sites\/101\/2026\/01\/Comemoracao-1-milhao-de-atendimentos-Piaui-Saude-Digital-05-84x56.jpeg 84w, https:\/\/portal.pi.gov.br\/sesapi\/wp-content\/uploads\/sites\/101\/2026\/01\/Comemoracao-1-milhao-de-atendimentos-Piaui-Saude-Digital-05.jpeg 1280w\" sizes=\"(max-width: 1024px) 100vw, 1024px\" \/><\/figure>\n\n\n\n<p>Outro destaque \u00e9 o programa Piau\u00ed Sa\u00fade Digital, que alcan\u00e7ou a marca de 1.306.956 atendimentos desde sua implanta\u00e7\u00e3o, em abril de 2023. Desse total, 192.787 foram teleconsultas com cl\u00ednico geral, 117.910 especialistas e 996.259 telelaudos.<\/p>\n\n\n\n<p>A mortalidade infantil no Piau\u00ed \u00e9 outro destaque a ser apresentado, com uma redu\u00e7\u00e3o de 13,3%.&nbsp; \u201cNosso o objetivo \u00e9 dar continuidade aos investimentos e melhorias, garantindo que a rede p\u00fablica de sa\u00fade do Piau\u00ed continue sendo refer\u00eancia em qualidade\u201d, refor\u00e7a Antonio Luiz.<\/p>\n","protected":false},"excerpt":{"rendered":"<p>A Secretaria de Estado da Sa\u00fade do Piau\u00ed (Sesapi) informa a mudan\u00e7a da data da Apresenta\u00e7\u00e3o dos Indicadores da Sa\u00fade P\u00fablica do Piau\u00ed &#8211; Ano 2025. Agora, os \u00edndices ser\u00e3o [&hellip;]<\/p>\n","protected":false},"author":1816,"featured_media":8542,"comment_status":"closed","ping_status":"closed","sticky":false,"template":"","format":"standard","meta":[],"categories":[30],"tags":[],"featured_image_urls":{"full":["https:\/\/portal.pi.gov.br\/sesapi\/wp-content\/uploads\/sites\/101\/2026\/01\/Comemoracao-1-milhao-de-atendimentos-Piaui-Saude-Digital-05.jpeg",1280,854,false],"thumbnail":["https:\/\/portal.pi.gov.br\/sesapi\/wp-content\/uploads\/sites\/101\/2026\/01\/Comemoracao-1-milhao-de-atendimentos-Piaui-Saude-Digital-05-150x150.jpeg",150,150,true],"medium":["https:\/\/portal.pi.gov.br\/sesapi\/wp-content\/uploads\/sites\/101\/2026\/01\/Comemoracao-1-milhao-de-atendimentos-Piaui-Saude-Digital-05-300x200.jpeg",300,200,true],"medium_large":["https:\/\/portal.pi.gov.br\/sesapi\/wp-content\/uploads\/sites\/101\/2026\/01\/Comemoracao-1-milhao-de-atendimentos-Piaui-Saude-Digital-05-768x512.jpeg",768,512,true],"large":["https:\/\/portal.pi.gov.br\/sesapi\/wp-content\/uploads\/sites\/101\/2026\/01\/Comemoracao-1-milhao-de-atendimentos-Piaui-Saude-Digital-05-1024x683.jpeg",887,592,true],"sgg-420":["https:\/\/portal.pi.gov.br\/sesapi\/wp-content\/uploads\/sites\/101\/2026\/01\/Comemoracao-1-milhao-de-atendimentos-Piaui-Saude-Digital-05-420x280.jpeg",420,280,true],"sgg-540":["https:\/\/portal.pi.gov.br\/sesapi\/wp-content\/uploads\/sites\/101\/2026\/01\/Comemoracao-1-milhao-de-atendimentos-Piaui-Saude-Digital-05-540x360.jpeg",540,360,true],"sgg-780":["https:\/\/portal.pi.gov.br\/sesapi\/wp-content\/uploads\/sites\/101\/2026\/01\/Comemoracao-1-milhao-de-atendimentos-Piaui-Saude-Digital-05-780x520.jpeg",780,520,true],"1536x1536":["https:\/\/portal.pi.gov.br\/sesapi\/wp-content\/uploads\/sites\/101\/2026\/01\/Comemoracao-1-milhao-de-atendimentos-Piaui-Saude-Digital-05.jpeg",1280,854,false],"2048x2048":["https:\/\/portal.pi.gov.br\/sesapi\/wp-content\/uploads\/sites\/101\/2026\/01\/Comemoracao-1-milhao-de-atendimentos-Piaui-Saude-Digital-05.jpeg",1280,854,false],"homepage-slider":["https:\/\/portal.pi.gov.br\/sesapi\/wp-content\/uploads\/sites\/101\/2026\/01\/Comemoracao-1-milhao-de-atendimentos-Piaui-Saude-Digital-05-1270x500.jpeg",1270,500,true],"homepage-slider-small":["https:\/\/portal.pi.gov.br\/sesapi\/wp-content\/uploads\/sites\/101\/2026\/01\/Comemoracao-1-milhao-de-atendimentos-Piaui-Saude-Digital-05-947x500.jpeg",947,500,true],"page-top":["https:\/\/portal.pi.gov.br\/sesapi\/wp-content\/uploads\/sites\/101\/2026\/01\/Comemoracao-1-milhao-de-atendimentos-Piaui-Saude-Digital-05-947x632.jpeg",947,632,true],"page-small":["https:\/\/portal.pi.gov.br\/sesapi\/wp-content\/uploads\/sites\/101\/2026\/01\/Comemoracao-1-milhao-de-atendimentos-Piaui-Saude-Digital-05-624x416.jpeg",624,416,true],"loop-main":["https:\/\/portal.pi.gov.br\/sesapi\/wp-content\/uploads\/sites\/101\/2026\/01\/Comemoracao-1-milhao-de-atendimentos-Piaui-Saude-Digital-05-365x240.jpeg",365,240,true],"thumb-gallery-widget":["https:\/\/portal.pi.gov.br\/sesapi\/wp-content\/uploads\/sites\/101\/2026\/01\/Comemoracao-1-milhao-de-atendimentos-Piaui-Saude-Digital-05-84x56.jpeg",84,56,true]},"post_excerpt_stackable":"<p>A Secretaria de Estado da Sa\u00fade do Piau\u00ed (Sesapi) informa a mudan\u00e7a da data da Apresenta\u00e7\u00e3o dos Indicadores da Sa\u00fade P\u00fablica do Piau\u00ed &#8211; Ano 2025. Agora, os \u00edndices ser\u00e3o apresentados na ter\u00e7a-feira (20), \u00e0s 11h, no Sal\u00e3o Branco do Pal\u00e1cio de Karnak. Durante a exposi\u00e7\u00e3o ser\u00e3o destacadas iniciativas voltadas \u00e0 amplia\u00e7\u00e3o da assist\u00eancia, moderniza\u00e7\u00e3o de unidades de sa\u00fade e fortalecimento de programas estrat\u00e9gicos. \u201cEste ser\u00e1 um momento de prestar contas \u00e0 popula\u00e7\u00e3o do Piau\u00ed, e apresentar o compromisso da pasta em garantir transpar\u00eancia na gest\u00e3o e continuidade \u00e0s pol\u00edticas p\u00fablicas voltadas ao aprimoramento do atendimento ao nosso povo\u201d, lembra&hellip;<\/p>\n","category_list":"<a href=\"https:\/\/portal.pi.gov.br\/sesapi\/category\/noticias\/\" rel=\"category tag\">Not\u00edcias<\/a>","author_info":{"name":"amandasantos","url":"https:\/\/portal.pi.gov.br\/sesapi\/author\/amandasantos\/"},"comments_num":"0 coment\u00e1rio","featured_image_urls_v2":{"full":["https:\/\/portal.pi.gov.br\/sesapi\/wp-content\/uploads\/sites\/101\/2026\/01\/Comemoracao-1-milhao-de-atendimentos-Piaui-Saude-Digital-05.jpeg",1280,854,false],"thumbnail":["https:\/\/portal.pi.gov.br\/sesapi\/wp-content\/uploads\/sites\/101\/2026\/01\/Comemoracao-1-milhao-de-atendimentos-Piaui-Saude-Digital-05-150x150.jpeg",150,150,true],"medium":["https:\/\/portal.pi.gov.br\/sesapi\/wp-content\/uploads\/sites\/101\/2026\/01\/Comemoracao-1-milhao-de-atendimentos-Piaui-Saude-Digital-05-300x200.jpeg",300,200,true],"medium_large":["https:\/\/portal.pi.gov.br\/sesapi\/wp-content\/uploads\/sites\/101\/2026\/01\/Comemoracao-1-milhao-de-atendimentos-Piaui-Saude-Digital-05-768x512.jpeg",768,512,true],"large":["https:\/\/portal.pi.gov.br\/sesapi\/wp-content\/uploads\/sites\/101\/2026\/01\/Comemoracao-1-milhao-de-atendimentos-Piaui-Saude-Digital-05-1024x683.jpeg",887,592,true],"sgg-420":["https:\/\/portal.pi.gov.br\/sesapi\/wp-content\/uploads\/sites\/101\/2026\/01\/Comemoracao-1-milhao-de-atendimentos-Piaui-Saude-Digital-05-420x280.jpeg",420,280,true],"sgg-540":["https:\/\/portal.pi.gov.br\/sesapi\/wp-content\/uploads\/sites\/101\/2026\/01\/Comemoracao-1-milhao-de-atendimentos-Piaui-Saude-Digital-05-540x360.jpeg",540,360,true],"sgg-780":["https:\/\/portal.pi.gov.br\/sesapi\/wp-content\/uploads\/sites\/101\/2026\/01\/Comemoracao-1-milhao-de-atendimentos-Piaui-Saude-Digital-05-780x520.jpeg",780,520,true],"1536x1536":["https:\/\/portal.pi.gov.br\/sesapi\/wp-content\/uploads\/sites\/101\/2026\/01\/Comemoracao-1-milhao-de-atendimentos-Piaui-Saude-Digital-05.jpeg",1280,854,false],"2048x2048":["https:\/\/portal.pi.gov.br\/sesapi\/wp-content\/uploads\/sites\/101\/2026\/01\/Comemoracao-1-milhao-de-atendimentos-Piaui-Saude-Digital-05.jpeg",1280,854,false],"homepage-slider":["https:\/\/portal.pi.gov.br\/sesapi\/wp-content\/uploads\/sites\/101\/2026\/01\/Comemoracao-1-milhao-de-atendimentos-Piaui-Saude-Digital-05-1270x500.jpeg",1270,500,true],"homepage-slider-small":["https:\/\/portal.pi.gov.br\/sesapi\/wp-content\/uploads\/sites\/101\/2026\/01\/Comemoracao-1-milhao-de-atendimentos-Piaui-Saude-Digital-05-947x500.jpeg",947,500,true],"page-top":["https:\/\/portal.pi.gov.br\/sesapi\/wp-content\/uploads\/sites\/101\/2026\/01\/Comemoracao-1-milhao-de-atendimentos-Piaui-Saude-Digital-05-947x632.jpeg",947,632,true],"page-small":["https:\/\/portal.pi.gov.br\/sesapi\/wp-content\/uploads\/sites\/101\/2026\/01\/Comemoracao-1-milhao-de-atendimentos-Piaui-Saude-Digital-05-624x416.jpeg",624,416,true],"loop-main":["https:\/\/portal.pi.gov.br\/sesapi\/wp-content\/uploads\/sites\/101\/2026\/01\/Comemoracao-1-milhao-de-atendimentos-Piaui-Saude-Digital-05-365x240.jpeg",365,240,true],"thumb-gallery-widget":["https:\/\/portal.pi.gov.br\/sesapi\/wp-content\/uploads\/sites\/101\/2026\/01\/Comemoracao-1-milhao-de-atendimentos-Piaui-Saude-Digital-05-84x56.jpeg",84,56,true]},"post_excerpt_stackable_v2":"<p>A Secretaria de Estado da Sa\u00fade do Piau\u00ed (Sesapi) informa a mudan\u00e7a da data da Apresenta\u00e7\u00e3o dos Indicadores da Sa\u00fade P\u00fablica do Piau\u00ed &#8211; Ano 2025. Agora, os \u00edndices ser\u00e3o apresentados na ter\u00e7a-feira (20), \u00e0s 11h, no Sal\u00e3o Branco do Pal\u00e1cio de Karnak. Durante a exposi\u00e7\u00e3o ser\u00e3o destacadas iniciativas voltadas \u00e0 amplia\u00e7\u00e3o da assist\u00eancia, moderniza\u00e7\u00e3o de unidades de sa\u00fade e fortalecimento de programas estrat\u00e9gicos. \u201cEste ser\u00e1 um momento de prestar contas \u00e0 popula\u00e7\u00e3o do Piau\u00ed, e apresentar o compromisso da pasta em garantir transpar\u00eancia na gest\u00e3o e continuidade \u00e0s pol\u00edticas p\u00fablicas voltadas ao aprimoramento do atendimento ao nosso povo\u201d, lembra&hellip;<\/p>\n","category_list_v2":"<a href=\"https:\/\/portal.pi.gov.br\/sesapi\/category\/noticias\/\" rel=\"category tag\">Not\u00edcias<\/a>","author_info_v2":{"name":"amandasantos","url":"https:\/\/portal.pi.gov.br\/sesapi\/author\/amandasantos\/"},"comments_num_v2":"0 coment\u00e1rio","jetpack_featured_media_url":"https:\/\/portal.pi.gov.br\/sesapi\/wp-content\/uploads\/sites\/101\/2026\/01\/Comemoracao-1-milhao-de-atendimentos-Piaui-Saude-Digital-05.jpeg","_links":{"self":[{"href":"https:\/\/portal.pi.gov.br\/sesapi\/wp-json\/wp\/v2\/posts\/8548"}],"collection":[{"href":"https:\/\/portal.pi.gov.br\/sesapi\/wp-json\/wp\/v2\/posts"}],"about":[{"href":"https:\/\/portal.pi.gov.br\/sesapi\/wp-json\/wp\/v2\/types\/post"}],"author":[{"embeddable":true,"href":"https:\/\/portal.pi.gov.br\/sesapi\/wp-json\/wp\/v2\/users\/1816"}],"replies":[{"embeddable":true,"href":"https:\/\/portal.pi.gov.br\/sesapi\/wp-json\/wp\/v2\/comments?post=8548"}],"version-history":[{"count":1,"href":"https:\/\/portal.pi.gov.br\/sesapi\/wp-json\/wp\/v2\/posts\/8548\/revisions"}],"predecessor-version":[{"id":8549,"href":"https:\/\/portal.pi.gov.br\/sesapi\/wp-json\/wp\/v2\/posts\/8548\/revisions\/8549"}],"wp:featuredmedia":[{"embeddable":true,"href":"https:\/\/portal.pi.gov.br\/sesapi\/wp-json\/wp\/v2\/media\/8542"}],"wp:attachment":[{"href":"https:\/\/portal.pi.gov.br\/sesapi\/wp-json\/wp\/v2\/media?parent=8548"}],"wp:term":[{"taxonomy":"category","embeddable":true,"href":"https:\/\/portal.pi.gov.br\/sesapi\/wp-json\/wp\/v2\/categories?post=8548"},{"taxonomy":"post_tag","embeddable":true,"href":"https:\/\/portal.pi.gov.br\/sesapi\/wp-json\/wp\/v2\/tags?post=8548"}],"curies":[{"name":"wp","href":"https:\/\/api.w.org\/{rel}","templated":true}]}}