{"id":9229,"date":"2026-03-09T13:44:24","date_gmt":"2026-03-09T16:44:24","guid":{"rendered":"https:\/\/portal.pi.gov.br\/sesapi\/?p=9229"},"modified":"2026-03-09T13:46:54","modified_gmt":"2026-03-09T16:46:54","slug":"heda-forma-11-novos-especialistas-no-programa-de-residencia-medica-em-2026","status":"publish","type":"post","link":"https:\/\/portal.pi.gov.br\/sesapi\/2026\/03\/09\/heda-forma-11-novos-especialistas-no-programa-de-residencia-medica-em-2026\/","title":{"rendered":"HEDA forma 11 novos especialistas no Programa de Resid\u00eancia M\u00e9dica, em 2026"},"content":{"rendered":"\n<p>Por: Camila Neto\/Ascom HEDA<\/p>\n\n\n\n<p>O Hospital Estadual Dirceu Arcoverde (HEDA), em Parna\u00edba, realizou a cerim\u00f4nia de formatura da Turma 2026 do Programa de Resid\u00eancia M\u00e9dica, em 26 de fevereiro, no pr\u00e9dio do Curso de Medicina da Universidade Federal do Delta do Parna\u00edba (UFDPar). O momento marca o encerramento de uma etapa fundamental na trajet\u00f3ria profissional dos m\u00e9dicos residentes, reunindo gestores, coordenadores, familiares e convidados.<\/p>\n\n\n\n<p>Em 2026, o Programa de Resid\u00eancia M\u00e9dica do HEDA, unidade gerida pelo Instituto Sa\u00fade e Cidadania (ISAC), com apoio da Secretaria de Estado da Sa\u00fade do Piau\u00ed (Sesapi), completa 9 anos de implanta\u00e7\u00e3o e consolida sua contribui\u00e7\u00e3o para a qualifica\u00e7\u00e3o profissional e excel\u00eancia da assist\u00eancia prestada \u00e0 popula\u00e7\u00e3o.<\/p>\n\n\n\n<figure class=\"wp-block-image size-large\"><img decoding=\"async\" loading=\"lazy\" width=\"1024\" height=\"683\" src=\"https:\/\/portal.pi.gov.br\/sesapi\/wp-content\/uploads\/sites\/101\/2026\/03\/WhatsApp-Image-2026-03-09-at-13.25.10-1024x683.jpeg\" alt=\"\" class=\"wp-image-9231\" srcset=\"https:\/\/portal.pi.gov.br\/sesapi\/wp-content\/uploads\/sites\/101\/2026\/03\/WhatsApp-Image-2026-03-09-at-13.25.10-1024x683.jpeg 1024w, https:\/\/portal.pi.gov.br\/sesapi\/wp-content\/uploads\/sites\/101\/2026\/03\/WhatsApp-Image-2026-03-09-at-13.25.10-300x200.jpeg 300w, https:\/\/portal.pi.gov.br\/sesapi\/wp-content\/uploads\/sites\/101\/2026\/03\/WhatsApp-Image-2026-03-09-at-13.25.10-768x512.jpeg 768w, https:\/\/portal.pi.gov.br\/sesapi\/wp-content\/uploads\/sites\/101\/2026\/03\/WhatsApp-Image-2026-03-09-at-13.25.10-420x280.jpeg 420w, https:\/\/portal.pi.gov.br\/sesapi\/wp-content\/uploads\/sites\/101\/2026\/03\/WhatsApp-Image-2026-03-09-at-13.25.10-540x360.jpeg 540w, https:\/\/portal.pi.gov.br\/sesapi\/wp-content\/uploads\/sites\/101\/2026\/03\/WhatsApp-Image-2026-03-09-at-13.25.10-780x520.jpeg 780w, https:\/\/portal.pi.gov.br\/sesapi\/wp-content\/uploads\/sites\/101\/2026\/03\/WhatsApp-Image-2026-03-09-at-13.25.10-947x631.jpeg 947w, https:\/\/portal.pi.gov.br\/sesapi\/wp-content\/uploads\/sites\/101\/2026\/03\/WhatsApp-Image-2026-03-09-at-13.25.10-624x416.jpeg 624w, https:\/\/portal.pi.gov.br\/sesapi\/wp-content\/uploads\/sites\/101\/2026\/03\/WhatsApp-Image-2026-03-09-at-13.25.10-84x56.jpeg 84w, https:\/\/portal.pi.gov.br\/sesapi\/wp-content\/uploads\/sites\/101\/2026\/03\/WhatsApp-Image-2026-03-09-at-13.25.10.jpeg 1536w\" sizes=\"(max-width: 1024px) 100vw, 1024px\" \/><\/figure>\n\n\n\n<p>\u201cCada residente que conclui essa jornada leva consigo mais do que apenas conhecimento t\u00e9cnico, tamb\u00e9m carrega a viv\u00eancia de uma gest\u00e3o que preza pela humaniza\u00e7\u00e3o, responsabilidade e excel\u00eancia\u201d, destaca Wal Fran\u00e7a, diretora-geral do HEDA. \u201c\u00c9 uma honra e grande orgulho para o HEDA participar dessa trajet\u00f3ria e contribuir com a forma\u00e7\u00e3o de novos especialistas\u201d, acrescenta.<\/p>\n\n\n\n<p>A import\u00e2ncia da qualifica\u00e7\u00e3o cont\u00ednua dos profissionais foi o destaque na fala do Dr. Carlos Teixeira, diretor t\u00e9cnico do hospital. \u201cFormar especialistas \u00e9 investir diretamente na qualidade da assist\u00eancia prestada \u00e0 popula\u00e7\u00e3o e a Resid\u00eancia M\u00e9dica \u00e9 um dos pilares fundamentais dessa forma\u00e7\u00e3o pr\u00e1tica e do compromisso com a vida\u201d, afirma.<\/p>\n\n\n\n<p>Para o Dr. Jo\u00e3o Maria Correia, coordenador do programa, \u201ca Resid\u00eancia M\u00e9dica \u00e9 um per\u00edodo intenso de aprendizado, amadurecimento e compromisso com a pr\u00e1tica baseada em evid\u00eancias\u201d e que \u201cver os residentes concluindo essa etapa \u00e9 motivo de grande satisfa\u00e7\u00e3o\u201d, enfatizando tamb\u00e9m o papel da supervis\u00e3o e da forma\u00e7\u00e3o \u00e9tica durante o programa.<\/p>\n\n\n\n<ul>\n<li><strong>Fortalecimento do atendimento hospitalar<\/strong><\/li>\n<\/ul>\n\n\n\n<p>A formatura reflete a conquista individual de cada residente, assim como o esfor\u00e7o coletivo que constr\u00f3i um futuro promissor para a medicina na regi\u00e3o norte do Piau\u00ed. A solenidade celebrou dedica\u00e7\u00e3o, supera\u00e7\u00e3o e compromisso com a forma\u00e7\u00e3o de especialistas em \u00e1reas estrat\u00e9gicas para o fortalecimento do atendimento hospitalar.<br>Durante o evento, os oradores ressaltaram a relev\u00e2ncia da resid\u00eancia na consolida\u00e7\u00e3o da identidade profissional e na prepara\u00e7\u00e3o para os desafios di\u00e1rios da pr\u00e1tica m\u00e9dica, relembrando os desafios vividos ao longo da especializa\u00e7\u00e3o e emocionando os presentes.<\/p>\n\n\n\n<p>\u201cVivemos dias de muita responsabilidade, decis\u00f5es dif\u00edceis e crescimento profissional\u201d, discursou o m\u00e9dico Fernando C\u00e1ssio, representando os formandos em Terapia Intensiva. \u201cEm alguns momentos, pensamos em desistir, mas a miss\u00e3o de cuidar e o apoio que recebemos foram maiores. Estamos saindo mais preparados, mais humanos e ainda mais comprometidos com o cuidado ao paciente\u201d, disse.<\/p>\n\n\n\n<p>A cerim\u00f4nia simboliza a conclus\u00e3o de uma especializa\u00e7\u00e3o e o fortalecimento da assist\u00eancia em sa\u00fade na regi\u00e3o, reafirmando o compromisso da Sesapi e do ISAC com a forma\u00e7\u00e3o de profissionais altamente qualificados e com a oferta de um atendimento cada vez mais resolutivo \u00e0 popula\u00e7\u00e3o.<\/p>\n","protected":false},"excerpt":{"rendered":"<p>Por: Camila Neto\/Ascom HEDA O Hospital Estadual Dirceu Arcoverde (HEDA), em Parna\u00edba, realizou a cerim\u00f4nia de formatura da Turma 2026 do Programa de Resid\u00eancia M\u00e9dica, em 26 de fevereiro, no [&hellip;]<\/p>\n","protected":false},"author":1823,"featured_media":9230,"comment_status":"closed","ping_status":"closed","sticky":false,"template":"","format":"standard","meta":[],"categories":[30,1],"tags":[142,43,36],"featured_image_urls":{"full":["https:\/\/portal.pi.gov.br\/sesapi\/wp-content\/uploads\/sites\/101\/2026\/03\/WhatsApp-Image-2026-03-09-at-13.25.12.jpeg",1600,1059,false],"thumbnail":["https:\/\/portal.pi.gov.br\/sesapi\/wp-content\/uploads\/sites\/101\/2026\/03\/WhatsApp-Image-2026-03-09-at-13.25.12-150x150.jpeg",150,150,true],"medium":["https:\/\/portal.pi.gov.br\/sesapi\/wp-content\/uploads\/sites\/101\/2026\/03\/WhatsApp-Image-2026-03-09-at-13.25.12-300x199.jpeg",300,199,true],"medium_large":["https:\/\/portal.pi.gov.br\/sesapi\/wp-content\/uploads\/sites\/101\/2026\/03\/WhatsApp-Image-2026-03-09-at-13.25.12-768x508.jpeg",768,508,true],"large":["https:\/\/portal.pi.gov.br\/sesapi\/wp-content\/uploads\/sites\/101\/2026\/03\/WhatsApp-Image-2026-03-09-at-13.25.12-1024x678.jpeg",887,587,true],"sgg-420":["https:\/\/portal.pi.gov.br\/sesapi\/wp-content\/uploads\/sites\/101\/2026\/03\/WhatsApp-Image-2026-03-09-at-13.25.12-420x278.jpeg",420,278,true],"sgg-540":["https:\/\/portal.pi.gov.br\/sesapi\/wp-content\/uploads\/sites\/101\/2026\/03\/WhatsApp-Image-2026-03-09-at-13.25.12-540x357.jpeg",540,357,true],"sgg-780":["https:\/\/portal.pi.gov.br\/sesapi\/wp-content\/uploads\/sites\/101\/2026\/03\/WhatsApp-Image-2026-03-09-at-13.25.12-780x516.jpeg",780,516,true],"1536x1536":["https:\/\/portal.pi.gov.br\/sesapi\/wp-content\/uploads\/sites\/101\/2026\/03\/WhatsApp-Image-2026-03-09-at-13.25.12-1536x1017.jpeg",1536,1017,true],"2048x2048":["https:\/\/portal.pi.gov.br\/sesapi\/wp-content\/uploads\/sites\/101\/2026\/03\/WhatsApp-Image-2026-03-09-at-13.25.12.jpeg",1600,1059,false],"homepage-slider":["https:\/\/portal.pi.gov.br\/sesapi\/wp-content\/uploads\/sites\/101\/2026\/03\/WhatsApp-Image-2026-03-09-at-13.25.12-1270x500.jpeg",1270,500,true],"homepage-slider-small":["https:\/\/portal.pi.gov.br\/sesapi\/wp-content\/uploads\/sites\/101\/2026\/03\/WhatsApp-Image-2026-03-09-at-13.25.12-947x500.jpeg",947,500,true],"page-top":["https:\/\/portal.pi.gov.br\/sesapi\/wp-content\/uploads\/sites\/101\/2026\/03\/WhatsApp-Image-2026-03-09-at-13.25.12-947x627.jpeg",947,627,true],"page-small":["https:\/\/portal.pi.gov.br\/sesapi\/wp-content\/uploads\/sites\/101\/2026\/03\/WhatsApp-Image-2026-03-09-at-13.25.12-624x413.jpeg",624,413,true],"loop-main":["https:\/\/portal.pi.gov.br\/sesapi\/wp-content\/uploads\/sites\/101\/2026\/03\/WhatsApp-Image-2026-03-09-at-13.25.12-365x240.jpeg",365,240,true],"thumb-gallery-widget":["https:\/\/portal.pi.gov.br\/sesapi\/wp-content\/uploads\/sites\/101\/2026\/03\/WhatsApp-Image-2026-03-09-at-13.25.12-84x56.jpeg",84,56,true]},"post_excerpt_stackable":"<p>Por: Camila Neto\/Ascom HEDA O Hospital Estadual Dirceu Arcoverde (HEDA), em Parna\u00edba, realizou a cerim\u00f4nia de formatura da Turma 2026 do Programa de Resid\u00eancia M\u00e9dica, em 26 de fevereiro, no pr\u00e9dio do Curso de Medicina da Universidade Federal do Delta do Parna\u00edba (UFDPar). O momento marca o encerramento de uma etapa fundamental na trajet\u00f3ria profissional dos m\u00e9dicos residentes, reunindo gestores, coordenadores, familiares e convidados. Em 2026, o Programa de Resid\u00eancia M\u00e9dica do HEDA, unidade gerida pelo Instituto Sa\u00fade e Cidadania (ISAC), com apoio da Secretaria de Estado da Sa\u00fade do Piau\u00ed (Sesapi), completa 9 anos de implanta\u00e7\u00e3o e consolida sua&hellip;<\/p>\n","category_list":"<a href=\"https:\/\/portal.pi.gov.br\/sesapi\/category\/noticias\/\" rel=\"category tag\">Not\u00edcias<\/a>, <a href=\"https:\/\/portal.pi.gov.br\/sesapi\/category\/sem-categoria\/\" rel=\"category tag\">Sem categoria<\/a>","author_info":{"name":"renatodias","url":"https:\/\/portal.pi.gov.br\/sesapi\/author\/renatodias\/"},"comments_num":"0 coment\u00e1rio","featured_image_urls_v2":{"full":["https:\/\/portal.pi.gov.br\/sesapi\/wp-content\/uploads\/sites\/101\/2026\/03\/WhatsApp-Image-2026-03-09-at-13.25.12.jpeg",1600,1059,false],"thumbnail":["https:\/\/portal.pi.gov.br\/sesapi\/wp-content\/uploads\/sites\/101\/2026\/03\/WhatsApp-Image-2026-03-09-at-13.25.12-150x150.jpeg",150,150,true],"medium":["https:\/\/portal.pi.gov.br\/sesapi\/wp-content\/uploads\/sites\/101\/2026\/03\/WhatsApp-Image-2026-03-09-at-13.25.12-300x199.jpeg",300,199,true],"medium_large":["https:\/\/portal.pi.gov.br\/sesapi\/wp-content\/uploads\/sites\/101\/2026\/03\/WhatsApp-Image-2026-03-09-at-13.25.12-768x508.jpeg",768,508,true],"large":["https:\/\/portal.pi.gov.br\/sesapi\/wp-content\/uploads\/sites\/101\/2026\/03\/WhatsApp-Image-2026-03-09-at-13.25.12-1024x678.jpeg",887,587,true],"sgg-420":["https:\/\/portal.pi.gov.br\/sesapi\/wp-content\/uploads\/sites\/101\/2026\/03\/WhatsApp-Image-2026-03-09-at-13.25.12-420x278.jpeg",420,278,true],"sgg-540":["https:\/\/portal.pi.gov.br\/sesapi\/wp-content\/uploads\/sites\/101\/2026\/03\/WhatsApp-Image-2026-03-09-at-13.25.12-540x357.jpeg",540,357,true],"sgg-780":["https:\/\/portal.pi.gov.br\/sesapi\/wp-content\/uploads\/sites\/101\/2026\/03\/WhatsApp-Image-2026-03-09-at-13.25.12-780x516.jpeg",780,516,true],"1536x1536":["https:\/\/portal.pi.gov.br\/sesapi\/wp-content\/uploads\/sites\/101\/2026\/03\/WhatsApp-Image-2026-03-09-at-13.25.12-1536x1017.jpeg",1536,1017,true],"2048x2048":["https:\/\/portal.pi.gov.br\/sesapi\/wp-content\/uploads\/sites\/101\/2026\/03\/WhatsApp-Image-2026-03-09-at-13.25.12.jpeg",1600,1059,false],"homepage-slider":["https:\/\/portal.pi.gov.br\/sesapi\/wp-content\/uploads\/sites\/101\/2026\/03\/WhatsApp-Image-2026-03-09-at-13.25.12-1270x500.jpeg",1270,500,true],"homepage-slider-small":["https:\/\/portal.pi.gov.br\/sesapi\/wp-content\/uploads\/sites\/101\/2026\/03\/WhatsApp-Image-2026-03-09-at-13.25.12-947x500.jpeg",947,500,true],"page-top":["https:\/\/portal.pi.gov.br\/sesapi\/wp-content\/uploads\/sites\/101\/2026\/03\/WhatsApp-Image-2026-03-09-at-13.25.12-947x627.jpeg",947,627,true],"page-small":["https:\/\/portal.pi.gov.br\/sesapi\/wp-content\/uploads\/sites\/101\/2026\/03\/WhatsApp-Image-2026-03-09-at-13.25.12-624x413.jpeg",624,413,true],"loop-main":["https:\/\/portal.pi.gov.br\/sesapi\/wp-content\/uploads\/sites\/101\/2026\/03\/WhatsApp-Image-2026-03-09-at-13.25.12-365x240.jpeg",365,240,true],"thumb-gallery-widget":["https:\/\/portal.pi.gov.br\/sesapi\/wp-content\/uploads\/sites\/101\/2026\/03\/WhatsApp-Image-2026-03-09-at-13.25.12-84x56.jpeg",84,56,true]},"post_excerpt_stackable_v2":"<p>Por: Camila Neto\/Ascom HEDA O Hospital Estadual Dirceu Arcoverde (HEDA), em Parna\u00edba, realizou a cerim\u00f4nia de formatura da Turma 2026 do Programa de Resid\u00eancia M\u00e9dica, em 26 de fevereiro, no pr\u00e9dio do Curso de Medicina da Universidade Federal do Delta do Parna\u00edba (UFDPar). O momento marca o encerramento de uma etapa fundamental na trajet\u00f3ria profissional dos m\u00e9dicos residentes, reunindo gestores, coordenadores, familiares e convidados. Em 2026, o Programa de Resid\u00eancia M\u00e9dica do HEDA, unidade gerida pelo Instituto Sa\u00fade e Cidadania (ISAC), com apoio da Secretaria de Estado da Sa\u00fade do Piau\u00ed (Sesapi), completa 9 anos de implanta\u00e7\u00e3o e consolida sua&hellip;<\/p>\n","category_list_v2":"<a href=\"https:\/\/portal.pi.gov.br\/sesapi\/category\/noticias\/\" rel=\"category tag\">Not\u00edcias<\/a>, <a href=\"https:\/\/portal.pi.gov.br\/sesapi\/category\/sem-categoria\/\" rel=\"category tag\">Sem categoria<\/a>","author_info_v2":{"name":"renatodias","url":"https:\/\/portal.pi.gov.br\/sesapi\/author\/renatodias\/"},"comments_num_v2":"0 coment\u00e1rio","jetpack_featured_media_url":"https:\/\/portal.pi.gov.br\/sesapi\/wp-content\/uploads\/sites\/101\/2026\/03\/WhatsApp-Image-2026-03-09-at-13.25.12.jpeg","_links":{"self":[{"href":"https:\/\/portal.pi.gov.br\/sesapi\/wp-json\/wp\/v2\/posts\/9229"}],"collection":[{"href":"https:\/\/portal.pi.gov.br\/sesapi\/wp-json\/wp\/v2\/posts"}],"about":[{"href":"https:\/\/portal.pi.gov.br\/sesapi\/wp-json\/wp\/v2\/types\/post"}],"author":[{"embeddable":true,"href":"https:\/\/portal.pi.gov.br\/sesapi\/wp-json\/wp\/v2\/users\/1823"}],"replies":[{"embeddable":true,"href":"https:\/\/portal.pi.gov.br\/sesapi\/wp-json\/wp\/v2\/comments?post=9229"}],"version-history":[{"count":2,"href":"https:\/\/portal.pi.gov.br\/sesapi\/wp-json\/wp\/v2\/posts\/9229\/revisions"}],"predecessor-version":[{"id":9233,"href":"https:\/\/portal.pi.gov.br\/sesapi\/wp-json\/wp\/v2\/posts\/9229\/revisions\/9233"}],"wp:featuredmedia":[{"embeddable":true,"href":"https:\/\/portal.pi.gov.br\/sesapi\/wp-json\/wp\/v2\/media\/9230"}],"wp:attachment":[{"href":"https:\/\/portal.pi.gov.br\/sesapi\/wp-json\/wp\/v2\/media?parent=9229"}],"wp:term":[{"taxonomy":"category","embeddable":true,"href":"https:\/\/portal.pi.gov.br\/sesapi\/wp-json\/wp\/v2\/categories?post=9229"},{"taxonomy":"post_tag","embeddable":true,"href":"https:\/\/portal.pi.gov.br\/sesapi\/wp-json\/wp\/v2\/tags?post=9229"}],"curies":[{"name":"wp","href":"https:\/\/api.w.org\/{rel}","templated":true}]}}