{"id":9736,"date":"2026-04-01T14:48:22","date_gmt":"2026-04-01T17:48:22","guid":{"rendered":"https:\/\/portal.pi.gov.br\/sesapi\/?p=9736"},"modified":"2026-04-01T14:48:22","modified_gmt":"2026-04-01T17:48:22","slug":"piaui-participa-de-mobilizacao-nacional-pelo-dia-nacional-de-seguranca-do-paciente","status":"publish","type":"post","link":"https:\/\/portal.pi.gov.br\/sesapi\/2026\/04\/01\/piaui-participa-de-mobilizacao-nacional-pelo-dia-nacional-de-seguranca-do-paciente\/","title":{"rendered":"Piau\u00ed participa de mobiliza\u00e7\u00e3o nacional pelo Dia Nacional de Seguran\u00e7a do Paciente"},"content":{"rendered":"\n<p>O Piau\u00ed participou, nesta ter\u00e7a-feira (1\u00ba), da mobiliza\u00e7\u00e3o nacional em alus\u00e3o ao Dia Nacional de Seguran\u00e7a do Paciente, refor\u00e7ando o compromisso com a qualidade do cuidado e a prote\u00e7\u00e3o de vidas no sistema p\u00fablico de sa\u00fade.<\/p>\n\n\n\n<p>A a\u00e7\u00e3o integra um movimento coordenado pelo Conselho Nacional de Secret\u00e1rios de Sa\u00fade, que reuniu representantes das Secretarias Estaduais de Sa\u00fade em Bras\u00edlia, com o objetivo de fortalecer pr\u00e1ticas seguras, humanas e respons\u00e1veis em todos os n\u00edveis de aten\u00e7\u00e3o.<\/p>\n\n\n\n<figure class=\"wp-block-image size-large\"><img decoding=\"async\" loading=\"lazy\" width=\"1024\" height=\"768\" src=\"https:\/\/portal.pi.gov.br\/sesapi\/wp-content\/uploads\/sites\/101\/2026\/04\/WhatsApp-Image-2026-04-01-at-14.32.44-1024x768.jpeg\" alt=\"\" class=\"wp-image-9738\" srcset=\"https:\/\/portal.pi.gov.br\/sesapi\/wp-content\/uploads\/sites\/101\/2026\/04\/WhatsApp-Image-2026-04-01-at-14.32.44-1024x768.jpeg 1024w, https:\/\/portal.pi.gov.br\/sesapi\/wp-content\/uploads\/sites\/101\/2026\/04\/WhatsApp-Image-2026-04-01-at-14.32.44-300x225.jpeg 300w, https:\/\/portal.pi.gov.br\/sesapi\/wp-content\/uploads\/sites\/101\/2026\/04\/WhatsApp-Image-2026-04-01-at-14.32.44-768x576.jpeg 768w, https:\/\/portal.pi.gov.br\/sesapi\/wp-content\/uploads\/sites\/101\/2026\/04\/WhatsApp-Image-2026-04-01-at-14.32.44-420x315.jpeg 420w, https:\/\/portal.pi.gov.br\/sesapi\/wp-content\/uploads\/sites\/101\/2026\/04\/WhatsApp-Image-2026-04-01-at-14.32.44-540x405.jpeg 540w, https:\/\/portal.pi.gov.br\/sesapi\/wp-content\/uploads\/sites\/101\/2026\/04\/WhatsApp-Image-2026-04-01-at-14.32.44-780x585.jpeg 780w, https:\/\/portal.pi.gov.br\/sesapi\/wp-content\/uploads\/sites\/101\/2026\/04\/WhatsApp-Image-2026-04-01-at-14.32.44-1536x1152.jpeg 1536w, https:\/\/portal.pi.gov.br\/sesapi\/wp-content\/uploads\/sites\/101\/2026\/04\/WhatsApp-Image-2026-04-01-at-14.32.44-947x710.jpeg 947w, https:\/\/portal.pi.gov.br\/sesapi\/wp-content\/uploads\/sites\/101\/2026\/04\/WhatsApp-Image-2026-04-01-at-14.32.44-624x468.jpeg 624w, https:\/\/portal.pi.gov.br\/sesapi\/wp-content\/uploads\/sites\/101\/2026\/04\/WhatsApp-Image-2026-04-01-at-14.32.44.jpeg 1600w\" sizes=\"(max-width: 1024px) 100vw, 1024px\" \/><\/figure>\n\n\n\n<p>Com o tema \u201cQualidade, seguran\u00e7a e vidas protegidas: um compromisso permanente do SUS\u201d, proposto pelo Minist\u00e9rio da Sa\u00fade, a mobiliza\u00e7\u00e3o destaca que a seguran\u00e7a do paciente deve ser uma prioridade cont\u00ednua, envolvendo gestores, profissionais de sa\u00fade e a popula\u00e7\u00e3o.<\/p>\n\n\n\n<p>No estado, a Secretaria de Estado da Sa\u00fade promoveu a\u00e7\u00f5es por meio do N\u00facleo Estadual de Gest\u00e3o de Estrat\u00e9gias de Seguran\u00e7a do Paciente (NEGESP), da Diretoria de Vigil\u00e2ncia Sanit\u00e1ria e de servi\u00e7os assistenciais, evidenciando o engajamento coletivo em pr\u00e1ticas que impactam diretamente pacientes, familiares e trabalhadores da sa\u00fade.<\/p>\n\n\n\n<p>\u201cA iniciativa refor\u00e7a que cuidar com seguran\u00e7a \u00e9 um ato de responsabilidade e respeito \u00e0 vida, sendo essencial para reduzir riscos, evitar falhas no atendimento e garantir melhores resultados na assist\u00eancia em todo o Sistema \u00danico de Sa\u00fade (SUS)\u201d, disse a diretora da Vigil\u00e2ncia Sanit\u00e1ria do Piau\u00ed, Tatiana Chaves.<\/p>\n","protected":false},"excerpt":{"rendered":"<p>O Piau\u00ed participou, nesta ter\u00e7a-feira (1\u00ba), da mobiliza\u00e7\u00e3o nacional em alus\u00e3o ao Dia Nacional de Seguran\u00e7a do Paciente, refor\u00e7ando o compromisso com a qualidade do cuidado e a prote\u00e7\u00e3o de [&hellip;]<\/p>\n","protected":false},"author":1808,"featured_media":9737,"comment_status":"closed","ping_status":"closed","sticky":false,"template":"","format":"standard","meta":[],"categories":[30],"tags":[142,43,36,85],"featured_image_urls":{"full":["https:\/\/portal.pi.gov.br\/sesapi\/wp-content\/uploads\/sites\/101\/2026\/04\/WhatsApp-Image-2026-04-01-at-14.32.45.jpeg",1600,1200,false],"thumbnail":["https:\/\/portal.pi.gov.br\/sesapi\/wp-content\/uploads\/sites\/101\/2026\/04\/WhatsApp-Image-2026-04-01-at-14.32.45-150x150.jpeg",150,150,true],"medium":["https:\/\/portal.pi.gov.br\/sesapi\/wp-content\/uploads\/sites\/101\/2026\/04\/WhatsApp-Image-2026-04-01-at-14.32.45-300x225.jpeg",300,225,true],"medium_large":["https:\/\/portal.pi.gov.br\/sesapi\/wp-content\/uploads\/sites\/101\/2026\/04\/WhatsApp-Image-2026-04-01-at-14.32.45-768x576.jpeg",768,576,true],"large":["https:\/\/portal.pi.gov.br\/sesapi\/wp-content\/uploads\/sites\/101\/2026\/04\/WhatsApp-Image-2026-04-01-at-14.32.45-1024x768.jpeg",887,665,true],"sgg-420":["https:\/\/portal.pi.gov.br\/sesapi\/wp-content\/uploads\/sites\/101\/2026\/04\/WhatsApp-Image-2026-04-01-at-14.32.45-420x315.jpeg",420,315,true],"sgg-540":["https:\/\/portal.pi.gov.br\/sesapi\/wp-content\/uploads\/sites\/101\/2026\/04\/WhatsApp-Image-2026-04-01-at-14.32.45-540x405.jpeg",540,405,true],"sgg-780":["https:\/\/portal.pi.gov.br\/sesapi\/wp-content\/uploads\/sites\/101\/2026\/04\/WhatsApp-Image-2026-04-01-at-14.32.45-780x585.jpeg",780,585,true],"1536x1536":["https:\/\/portal.pi.gov.br\/sesapi\/wp-content\/uploads\/sites\/101\/2026\/04\/WhatsApp-Image-2026-04-01-at-14.32.45-1536x1152.jpeg",1536,1152,true],"2048x2048":["https:\/\/portal.pi.gov.br\/sesapi\/wp-content\/uploads\/sites\/101\/2026\/04\/WhatsApp-Image-2026-04-01-at-14.32.45.jpeg",1600,1200,false],"homepage-slider":["https:\/\/portal.pi.gov.br\/sesapi\/wp-content\/uploads\/sites\/101\/2026\/04\/WhatsApp-Image-2026-04-01-at-14.32.45-1270x500.jpeg",1270,500,true],"homepage-slider-small":["https:\/\/portal.pi.gov.br\/sesapi\/wp-content\/uploads\/sites\/101\/2026\/04\/WhatsApp-Image-2026-04-01-at-14.32.45-947x500.jpeg",947,500,true],"page-top":["https:\/\/portal.pi.gov.br\/sesapi\/wp-content\/uploads\/sites\/101\/2026\/04\/WhatsApp-Image-2026-04-01-at-14.32.45-947x710.jpeg",947,710,true],"page-small":["https:\/\/portal.pi.gov.br\/sesapi\/wp-content\/uploads\/sites\/101\/2026\/04\/WhatsApp-Image-2026-04-01-at-14.32.45-624x468.jpeg",624,468,true],"loop-main":["https:\/\/portal.pi.gov.br\/sesapi\/wp-content\/uploads\/sites\/101\/2026\/04\/WhatsApp-Image-2026-04-01-at-14.32.45-365x240.jpeg",365,240,true],"thumb-gallery-widget":["https:\/\/portal.pi.gov.br\/sesapi\/wp-content\/uploads\/sites\/101\/2026\/04\/WhatsApp-Image-2026-04-01-at-14.32.45-84x56.jpeg",84,56,true]},"post_excerpt_stackable":"<p>O Piau\u00ed participou, nesta ter\u00e7a-feira (1\u00ba), da mobiliza\u00e7\u00e3o nacional em alus\u00e3o ao Dia Nacional de Seguran\u00e7a do Paciente, refor\u00e7ando o compromisso com a qualidade do cuidado e a prote\u00e7\u00e3o de vidas no sistema p\u00fablico de sa\u00fade. A a\u00e7\u00e3o integra um movimento coordenado pelo Conselho Nacional de Secret\u00e1rios de Sa\u00fade, que reuniu representantes das Secretarias Estaduais de Sa\u00fade em Bras\u00edlia, com o objetivo de fortalecer pr\u00e1ticas seguras, humanas e respons\u00e1veis em todos os n\u00edveis de aten\u00e7\u00e3o. Com o tema \u201cQualidade, seguran\u00e7a e vidas protegidas: um compromisso permanente do SUS\u201d, proposto pelo Minist\u00e9rio da Sa\u00fade, a mobiliza\u00e7\u00e3o destaca que a seguran\u00e7a do&hellip;<\/p>\n","category_list":"<a href=\"https:\/\/portal.pi.gov.br\/sesapi\/category\/noticias\/\" rel=\"category tag\">Not\u00edcias<\/a>","author_info":{"name":"herlonpereira","url":"https:\/\/portal.pi.gov.br\/sesapi\/author\/herlonpereira\/"},"comments_num":"0 coment\u00e1rio","featured_image_urls_v2":{"full":["https:\/\/portal.pi.gov.br\/sesapi\/wp-content\/uploads\/sites\/101\/2026\/04\/WhatsApp-Image-2026-04-01-at-14.32.45.jpeg",1600,1200,false],"thumbnail":["https:\/\/portal.pi.gov.br\/sesapi\/wp-content\/uploads\/sites\/101\/2026\/04\/WhatsApp-Image-2026-04-01-at-14.32.45-150x150.jpeg",150,150,true],"medium":["https:\/\/portal.pi.gov.br\/sesapi\/wp-content\/uploads\/sites\/101\/2026\/04\/WhatsApp-Image-2026-04-01-at-14.32.45-300x225.jpeg",300,225,true],"medium_large":["https:\/\/portal.pi.gov.br\/sesapi\/wp-content\/uploads\/sites\/101\/2026\/04\/WhatsApp-Image-2026-04-01-at-14.32.45-768x576.jpeg",768,576,true],"large":["https:\/\/portal.pi.gov.br\/sesapi\/wp-content\/uploads\/sites\/101\/2026\/04\/WhatsApp-Image-2026-04-01-at-14.32.45-1024x768.jpeg",887,665,true],"sgg-420":["https:\/\/portal.pi.gov.br\/sesapi\/wp-content\/uploads\/sites\/101\/2026\/04\/WhatsApp-Image-2026-04-01-at-14.32.45-420x315.jpeg",420,315,true],"sgg-540":["https:\/\/portal.pi.gov.br\/sesapi\/wp-content\/uploads\/sites\/101\/2026\/04\/WhatsApp-Image-2026-04-01-at-14.32.45-540x405.jpeg",540,405,true],"sgg-780":["https:\/\/portal.pi.gov.br\/sesapi\/wp-content\/uploads\/sites\/101\/2026\/04\/WhatsApp-Image-2026-04-01-at-14.32.45-780x585.jpeg",780,585,true],"1536x1536":["https:\/\/portal.pi.gov.br\/sesapi\/wp-content\/uploads\/sites\/101\/2026\/04\/WhatsApp-Image-2026-04-01-at-14.32.45-1536x1152.jpeg",1536,1152,true],"2048x2048":["https:\/\/portal.pi.gov.br\/sesapi\/wp-content\/uploads\/sites\/101\/2026\/04\/WhatsApp-Image-2026-04-01-at-14.32.45.jpeg",1600,1200,false],"homepage-slider":["https:\/\/portal.pi.gov.br\/sesapi\/wp-content\/uploads\/sites\/101\/2026\/04\/WhatsApp-Image-2026-04-01-at-14.32.45-1270x500.jpeg",1270,500,true],"homepage-slider-small":["https:\/\/portal.pi.gov.br\/sesapi\/wp-content\/uploads\/sites\/101\/2026\/04\/WhatsApp-Image-2026-04-01-at-14.32.45-947x500.jpeg",947,500,true],"page-top":["https:\/\/portal.pi.gov.br\/sesapi\/wp-content\/uploads\/sites\/101\/2026\/04\/WhatsApp-Image-2026-04-01-at-14.32.45-947x710.jpeg",947,710,true],"page-small":["https:\/\/portal.pi.gov.br\/sesapi\/wp-content\/uploads\/sites\/101\/2026\/04\/WhatsApp-Image-2026-04-01-at-14.32.45-624x468.jpeg",624,468,true],"loop-main":["https:\/\/portal.pi.gov.br\/sesapi\/wp-content\/uploads\/sites\/101\/2026\/04\/WhatsApp-Image-2026-04-01-at-14.32.45-365x240.jpeg",365,240,true],"thumb-gallery-widget":["https:\/\/portal.pi.gov.br\/sesapi\/wp-content\/uploads\/sites\/101\/2026\/04\/WhatsApp-Image-2026-04-01-at-14.32.45-84x56.jpeg",84,56,true]},"post_excerpt_stackable_v2":"<p>O Piau\u00ed participou, nesta ter\u00e7a-feira (1\u00ba), da mobiliza\u00e7\u00e3o nacional em alus\u00e3o ao Dia Nacional de Seguran\u00e7a do Paciente, refor\u00e7ando o compromisso com a qualidade do cuidado e a prote\u00e7\u00e3o de vidas no sistema p\u00fablico de sa\u00fade. A a\u00e7\u00e3o integra um movimento coordenado pelo Conselho Nacional de Secret\u00e1rios de Sa\u00fade, que reuniu representantes das Secretarias Estaduais de Sa\u00fade em Bras\u00edlia, com o objetivo de fortalecer pr\u00e1ticas seguras, humanas e respons\u00e1veis em todos os n\u00edveis de aten\u00e7\u00e3o. Com o tema \u201cQualidade, seguran\u00e7a e vidas protegidas: um compromisso permanente do SUS\u201d, proposto pelo Minist\u00e9rio da Sa\u00fade, a mobiliza\u00e7\u00e3o destaca que a seguran\u00e7a do&hellip;<\/p>\n","category_list_v2":"<a href=\"https:\/\/portal.pi.gov.br\/sesapi\/category\/noticias\/\" rel=\"category tag\">Not\u00edcias<\/a>","author_info_v2":{"name":"herlonpereira","url":"https:\/\/portal.pi.gov.br\/sesapi\/author\/herlonpereira\/"},"comments_num_v2":"0 coment\u00e1rio","jetpack_featured_media_url":"https:\/\/portal.pi.gov.br\/sesapi\/wp-content\/uploads\/sites\/101\/2026\/04\/WhatsApp-Image-2026-04-01-at-14.32.45.jpeg","_links":{"self":[{"href":"https:\/\/portal.pi.gov.br\/sesapi\/wp-json\/wp\/v2\/posts\/9736"}],"collection":[{"href":"https:\/\/portal.pi.gov.br\/sesapi\/wp-json\/wp\/v2\/posts"}],"about":[{"href":"https:\/\/portal.pi.gov.br\/sesapi\/wp-json\/wp\/v2\/types\/post"}],"author":[{"embeddable":true,"href":"https:\/\/portal.pi.gov.br\/sesapi\/wp-json\/wp\/v2\/users\/1808"}],"replies":[{"embeddable":true,"href":"https:\/\/portal.pi.gov.br\/sesapi\/wp-json\/wp\/v2\/comments?post=9736"}],"version-history":[{"count":1,"href":"https:\/\/portal.pi.gov.br\/sesapi\/wp-json\/wp\/v2\/posts\/9736\/revisions"}],"predecessor-version":[{"id":9739,"href":"https:\/\/portal.pi.gov.br\/sesapi\/wp-json\/wp\/v2\/posts\/9736\/revisions\/9739"}],"wp:featuredmedia":[{"embeddable":true,"href":"https:\/\/portal.pi.gov.br\/sesapi\/wp-json\/wp\/v2\/media\/9737"}],"wp:attachment":[{"href":"https:\/\/portal.pi.gov.br\/sesapi\/wp-json\/wp\/v2\/media?parent=9736"}],"wp:term":[{"taxonomy":"category","embeddable":true,"href":"https:\/\/portal.pi.gov.br\/sesapi\/wp-json\/wp\/v2\/categories?post=9736"},{"taxonomy":"post_tag","embeddable":true,"href":"https:\/\/portal.pi.gov.br\/sesapi\/wp-json\/wp\/v2\/tags?post=9736"}],"curies":[{"name":"wp","href":"https:\/\/api.w.org\/{rel}","templated":true}]}}