{"id":9996,"date":"2026-04-21T20:31:27","date_gmt":"2026-04-21T23:31:27","guid":{"rendered":"https:\/\/portal.pi.gov.br\/sesapi\/?p=9996"},"modified":"2026-04-21T20:31:28","modified_gmt":"2026-04-21T23:31:28","slug":"sesapi-levara-vacinacao-e-piaui-saude-digital-para-o-xv-congresso-das-secretarias-municipais-de-saude-do-piaui","status":"publish","type":"post","link":"https:\/\/portal.pi.gov.br\/sesapi\/2026\/04\/21\/sesapi-levara-vacinacao-e-piaui-saude-digital-para-o-xv-congresso-das-secretarias-municipais-de-saude-do-piaui\/","title":{"rendered":"Sesapi levar\u00e1 vacina\u00e7\u00e3o e Piau\u00ed Sa\u00fade Digital para o XV Congresso das Secretarias Municipais de Sa\u00fade do Piau\u00ed"},"content":{"rendered":"\n<p>A Secretaria de Estado da Sa\u00fade (Sesapi) disponibilizar\u00e1, entre os dias 22 e 24 de abril, os servi\u00e7os de vacina\u00e7\u00e3o e do programa Piau\u00ed Sa\u00fade Digital durante toda a programa\u00e7\u00e3o do XV Congresso das Secretarias Municipais de Sa\u00fade do Piau\u00ed.<\/p>\n\n\n\n<p>O evento \u00e9 realizado pelo Conselho das Secretarias Municipais de Sa\u00fade do Piau\u00ed (Cosems) e tem como objetivo discutir os avan\u00e7os e o fortalecimento do SUS no estado. Durante o congresso, os participantes poder\u00e3o atualizar suas cadernetas de vacina\u00e7\u00e3o, al\u00e9m de contar com consultas com cl\u00ednicos gerais por meio da plataforma do Piau\u00ed Sa\u00fade Digital.<\/p>\n\n\n\n<p>O evento e os servi\u00e7os da Sesapi ser\u00e3o realizados no Hotel Blue Tree, em Teresina. A programa\u00e7\u00e3o ter\u00e1 in\u00edcio \u00e0s 8h30.<\/p>\n\n\n\n<p>Durante o evento, tamb\u00e9m ser\u00e3o apresentadas diversas experi\u00eancias exitosas de munic\u00edpios com o Piau\u00ed Sa\u00fade Digital, destacando os impactos positivos e as melhorias que a implanta\u00e7\u00e3o do programa tem proporcionado na assist\u00eancia \u00e0 sa\u00fade em todo o estado.<\/p>\n\n\n\n<p>\u201cA participa\u00e7\u00e3o da Sesapi no congresso \u00e9, acima de tudo, um momento de di\u00e1logo com os munic\u00edpios, fortalecendo a parceria e a constru\u00e7\u00e3o conjunta de solu\u00e7\u00f5es para a sa\u00fade p\u00fablica. Al\u00e9m disso, estamos disponibilizando dois dos principais servi\u00e7os da nossa rede assistencial, a imuniza\u00e7\u00e3o e o Piau\u00ed Sa\u00fade Digital, para estarem \u00e0 disposi\u00e7\u00e3o dos participantes durante o evento\u201d, destaca o secret\u00e1rio de Sa\u00fade do Piau\u00ed, Dirceu Camp\u00ealo.<\/p>\n","protected":false},"excerpt":{"rendered":"<p>A Secretaria de Estado da Sa\u00fade (Sesapi) disponibilizar\u00e1, entre os dias 22 e 24 de abril, os servi\u00e7os de vacina\u00e7\u00e3o e do programa Piau\u00ed Sa\u00fade Digital durante toda a programa\u00e7\u00e3o [&hellip;]<\/p>\n","protected":false},"author":1815,"featured_media":9983,"comment_status":"closed","ping_status":"closed","sticky":false,"template":"","format":"standard","meta":[],"categories":[30],"tags":[92,142,199,43,36,85,287],"featured_image_urls":{"full":["https:\/\/portal.pi.gov.br\/sesapi\/wp-content\/uploads\/sites\/101\/2026\/04\/7a45c051-e3de-47ed-ae41-b73421312ff3-1.jpg",1280,853,false],"thumbnail":["https:\/\/portal.pi.gov.br\/sesapi\/wp-content\/uploads\/sites\/101\/2026\/04\/7a45c051-e3de-47ed-ae41-b73421312ff3-1-150x150.jpg",150,150,true],"medium":["https:\/\/portal.pi.gov.br\/sesapi\/wp-content\/uploads\/sites\/101\/2026\/04\/7a45c051-e3de-47ed-ae41-b73421312ff3-1-300x200.jpg",300,200,true],"medium_large":["https:\/\/portal.pi.gov.br\/sesapi\/wp-content\/uploads\/sites\/101\/2026\/04\/7a45c051-e3de-47ed-ae41-b73421312ff3-1-768x512.jpg",768,512,true],"large":["https:\/\/portal.pi.gov.br\/sesapi\/wp-content\/uploads\/sites\/101\/2026\/04\/7a45c051-e3de-47ed-ae41-b73421312ff3-1-1024x682.jpg",887,591,true],"sgg-420":["https:\/\/portal.pi.gov.br\/sesapi\/wp-content\/uploads\/sites\/101\/2026\/04\/7a45c051-e3de-47ed-ae41-b73421312ff3-1-420x280.jpg",420,280,true],"sgg-540":["https:\/\/portal.pi.gov.br\/sesapi\/wp-content\/uploads\/sites\/101\/2026\/04\/7a45c051-e3de-47ed-ae41-b73421312ff3-1-540x360.jpg",540,360,true],"sgg-780":["https:\/\/portal.pi.gov.br\/sesapi\/wp-content\/uploads\/sites\/101\/2026\/04\/7a45c051-e3de-47ed-ae41-b73421312ff3-1-780x520.jpg",780,520,true],"1536x1536":["https:\/\/portal.pi.gov.br\/sesapi\/wp-content\/uploads\/sites\/101\/2026\/04\/7a45c051-e3de-47ed-ae41-b73421312ff3-1.jpg",1280,853,false],"2048x2048":["https:\/\/portal.pi.gov.br\/sesapi\/wp-content\/uploads\/sites\/101\/2026\/04\/7a45c051-e3de-47ed-ae41-b73421312ff3-1.jpg",1280,853,false],"homepage-slider":["https:\/\/portal.pi.gov.br\/sesapi\/wp-content\/uploads\/sites\/101\/2026\/04\/7a45c051-e3de-47ed-ae41-b73421312ff3-1-1270x500.jpg",1270,500,true],"homepage-slider-small":["https:\/\/portal.pi.gov.br\/sesapi\/wp-content\/uploads\/sites\/101\/2026\/04\/7a45c051-e3de-47ed-ae41-b73421312ff3-1-947x500.jpg",947,500,true],"page-top":["https:\/\/portal.pi.gov.br\/sesapi\/wp-content\/uploads\/sites\/101\/2026\/04\/7a45c051-e3de-47ed-ae41-b73421312ff3-1-947x631.jpg",947,631,true],"page-small":["https:\/\/portal.pi.gov.br\/sesapi\/wp-content\/uploads\/sites\/101\/2026\/04\/7a45c051-e3de-47ed-ae41-b73421312ff3-1-624x416.jpg",624,416,true],"loop-main":["https:\/\/portal.pi.gov.br\/sesapi\/wp-content\/uploads\/sites\/101\/2026\/04\/7a45c051-e3de-47ed-ae41-b73421312ff3-1-365x240.jpg",365,240,true],"thumb-gallery-widget":["https:\/\/portal.pi.gov.br\/sesapi\/wp-content\/uploads\/sites\/101\/2026\/04\/7a45c051-e3de-47ed-ae41-b73421312ff3-1-84x56.jpg",84,56,true]},"post_excerpt_stackable":"<p>A Secretaria de Estado da Sa\u00fade (Sesapi) disponibilizar\u00e1, entre os dias 22 e 24 de abril, os servi\u00e7os de vacina\u00e7\u00e3o e do programa Piau\u00ed Sa\u00fade Digital durante toda a programa\u00e7\u00e3o do XV Congresso das Secretarias Municipais de Sa\u00fade do Piau\u00ed. O evento \u00e9 realizado pelo Conselho das Secretarias Municipais de Sa\u00fade do Piau\u00ed (Cosems) e tem como objetivo discutir os avan\u00e7os e o fortalecimento do SUS no estado. Durante o congresso, os participantes poder\u00e3o atualizar suas cadernetas de vacina\u00e7\u00e3o, al\u00e9m de contar com consultas com cl\u00ednicos gerais por meio da plataforma do Piau\u00ed Sa\u00fade Digital. O evento e os servi\u00e7os&hellip;<\/p>\n","category_list":"<a href=\"https:\/\/portal.pi.gov.br\/sesapi\/category\/noticias\/\" rel=\"category tag\">Not\u00edcias<\/a>","author_info":{"name":"joaomarcelo","url":"https:\/\/portal.pi.gov.br\/sesapi\/author\/joaomarcelo\/"},"comments_num":"0 coment\u00e1rio","featured_image_urls_v2":{"full":["https:\/\/portal.pi.gov.br\/sesapi\/wp-content\/uploads\/sites\/101\/2026\/04\/7a45c051-e3de-47ed-ae41-b73421312ff3-1.jpg",1280,853,false],"thumbnail":["https:\/\/portal.pi.gov.br\/sesapi\/wp-content\/uploads\/sites\/101\/2026\/04\/7a45c051-e3de-47ed-ae41-b73421312ff3-1-150x150.jpg",150,150,true],"medium":["https:\/\/portal.pi.gov.br\/sesapi\/wp-content\/uploads\/sites\/101\/2026\/04\/7a45c051-e3de-47ed-ae41-b73421312ff3-1-300x200.jpg",300,200,true],"medium_large":["https:\/\/portal.pi.gov.br\/sesapi\/wp-content\/uploads\/sites\/101\/2026\/04\/7a45c051-e3de-47ed-ae41-b73421312ff3-1-768x512.jpg",768,512,true],"large":["https:\/\/portal.pi.gov.br\/sesapi\/wp-content\/uploads\/sites\/101\/2026\/04\/7a45c051-e3de-47ed-ae41-b73421312ff3-1-1024x682.jpg",887,591,true],"sgg-420":["https:\/\/portal.pi.gov.br\/sesapi\/wp-content\/uploads\/sites\/101\/2026\/04\/7a45c051-e3de-47ed-ae41-b73421312ff3-1-420x280.jpg",420,280,true],"sgg-540":["https:\/\/portal.pi.gov.br\/sesapi\/wp-content\/uploads\/sites\/101\/2026\/04\/7a45c051-e3de-47ed-ae41-b73421312ff3-1-540x360.jpg",540,360,true],"sgg-780":["https:\/\/portal.pi.gov.br\/sesapi\/wp-content\/uploads\/sites\/101\/2026\/04\/7a45c051-e3de-47ed-ae41-b73421312ff3-1-780x520.jpg",780,520,true],"1536x1536":["https:\/\/portal.pi.gov.br\/sesapi\/wp-content\/uploads\/sites\/101\/2026\/04\/7a45c051-e3de-47ed-ae41-b73421312ff3-1.jpg",1280,853,false],"2048x2048":["https:\/\/portal.pi.gov.br\/sesapi\/wp-content\/uploads\/sites\/101\/2026\/04\/7a45c051-e3de-47ed-ae41-b73421312ff3-1.jpg",1280,853,false],"homepage-slider":["https:\/\/portal.pi.gov.br\/sesapi\/wp-content\/uploads\/sites\/101\/2026\/04\/7a45c051-e3de-47ed-ae41-b73421312ff3-1-1270x500.jpg",1270,500,true],"homepage-slider-small":["https:\/\/portal.pi.gov.br\/sesapi\/wp-content\/uploads\/sites\/101\/2026\/04\/7a45c051-e3de-47ed-ae41-b73421312ff3-1-947x500.jpg",947,500,true],"page-top":["https:\/\/portal.pi.gov.br\/sesapi\/wp-content\/uploads\/sites\/101\/2026\/04\/7a45c051-e3de-47ed-ae41-b73421312ff3-1-947x631.jpg",947,631,true],"page-small":["https:\/\/portal.pi.gov.br\/sesapi\/wp-content\/uploads\/sites\/101\/2026\/04\/7a45c051-e3de-47ed-ae41-b73421312ff3-1-624x416.jpg",624,416,true],"loop-main":["https:\/\/portal.pi.gov.br\/sesapi\/wp-content\/uploads\/sites\/101\/2026\/04\/7a45c051-e3de-47ed-ae41-b73421312ff3-1-365x240.jpg",365,240,true],"thumb-gallery-widget":["https:\/\/portal.pi.gov.br\/sesapi\/wp-content\/uploads\/sites\/101\/2026\/04\/7a45c051-e3de-47ed-ae41-b73421312ff3-1-84x56.jpg",84,56,true]},"post_excerpt_stackable_v2":"<p>A Secretaria de Estado da Sa\u00fade (Sesapi) disponibilizar\u00e1, entre os dias 22 e 24 de abril, os servi\u00e7os de vacina\u00e7\u00e3o e do programa Piau\u00ed Sa\u00fade Digital durante toda a programa\u00e7\u00e3o do XV Congresso das Secretarias Municipais de Sa\u00fade do Piau\u00ed. O evento \u00e9 realizado pelo Conselho das Secretarias Municipais de Sa\u00fade do Piau\u00ed (Cosems) e tem como objetivo discutir os avan\u00e7os e o fortalecimento do SUS no estado. Durante o congresso, os participantes poder\u00e3o atualizar suas cadernetas de vacina\u00e7\u00e3o, al\u00e9m de contar com consultas com cl\u00ednicos gerais por meio da plataforma do Piau\u00ed Sa\u00fade Digital. O evento e os servi\u00e7os&hellip;<\/p>\n","category_list_v2":"<a href=\"https:\/\/portal.pi.gov.br\/sesapi\/category\/noticias\/\" rel=\"category tag\">Not\u00edcias<\/a>","author_info_v2":{"name":"joaomarcelo","url":"https:\/\/portal.pi.gov.br\/sesapi\/author\/joaomarcelo\/"},"comments_num_v2":"0 coment\u00e1rio","jetpack_featured_media_url":"https:\/\/portal.pi.gov.br\/sesapi\/wp-content\/uploads\/sites\/101\/2026\/04\/7a45c051-e3de-47ed-ae41-b73421312ff3-1.jpg","_links":{"self":[{"href":"https:\/\/portal.pi.gov.br\/sesapi\/wp-json\/wp\/v2\/posts\/9996"}],"collection":[{"href":"https:\/\/portal.pi.gov.br\/sesapi\/wp-json\/wp\/v2\/posts"}],"about":[{"href":"https:\/\/portal.pi.gov.br\/sesapi\/wp-json\/wp\/v2\/types\/post"}],"author":[{"embeddable":true,"href":"https:\/\/portal.pi.gov.br\/sesapi\/wp-json\/wp\/v2\/users\/1815"}],"replies":[{"embeddable":true,"href":"https:\/\/portal.pi.gov.br\/sesapi\/wp-json\/wp\/v2\/comments?post=9996"}],"version-history":[{"count":1,"href":"https:\/\/portal.pi.gov.br\/sesapi\/wp-json\/wp\/v2\/posts\/9996\/revisions"}],"predecessor-version":[{"id":9997,"href":"https:\/\/portal.pi.gov.br\/sesapi\/wp-json\/wp\/v2\/posts\/9996\/revisions\/9997"}],"wp:featuredmedia":[{"embeddable":true,"href":"https:\/\/portal.pi.gov.br\/sesapi\/wp-json\/wp\/v2\/media\/9983"}],"wp:attachment":[{"href":"https:\/\/portal.pi.gov.br\/sesapi\/wp-json\/wp\/v2\/media?parent=9996"}],"wp:term":[{"taxonomy":"category","embeddable":true,"href":"https:\/\/portal.pi.gov.br\/sesapi\/wp-json\/wp\/v2\/categories?post=9996"},{"taxonomy":"post_tag","embeddable":true,"href":"https:\/\/portal.pi.gov.br\/sesapi\/wp-json\/wp\/v2\/tags?post=9996"}],"curies":[{"name":"wp","href":"https:\/\/api.w.org\/{rel}","templated":true}]}}